{"id":73811,"date":"2025-10-30T09:17:09","date_gmt":"2025-10-30T09:17:09","guid":{"rendered":"https:\/\/www.europesays.com\/no\/73811\/"},"modified":"2025-10-30T09:17:09","modified_gmt":"2025-10-30T09:17:09","slug":"ipad-mini-oled-kan-bli-den-overraskende-fulltrefferen-i-2026-hvis-disse-ryktene-er-sanne","status":"publish","type":"post","link":"https:\/\/www.europesays.com\/no\/73811\/","title":{"rendered":"iPad mini OLED kan bli den overraskende fulltrefferen i 2026, hvis disse ryktene er sanne."},"content":{"rendered":"<ul id=\"78716983-3cec-4d77-872a-0cf89d999721\">\n<li><strong>Apple kan lansere en iPad mini med OLED-skjerm i 2026, hevder en rapport<\/strong><\/li>\n<li><strong>OLED kan ogs\u00e5 komme til iPad Air og MacBook Air<\/strong><\/li>\n<li><strong>Den nye skjermen kan imidlertid f\u00f8re til h\u00f8yere priser<\/strong><\/li>\n<\/ul>\n<p id=\"b4ffd1ad-d6fd-40ab-b985-b97bbd312b68\">Apples <a data-analytics-id=\"inline-link\" href=\"https:\/\/www.techradar.com\/tablets\/ipad-mini\/apple-ipad-mini-a-17-pro-2024-a-premium-mini-tablet-experience-that-still-captivates\" target=\"_blank\" rel=\"nofollow noopener\">iPad mini<\/a> har vist seg \u00e5 v\u00e6re et av <a data-analytics-id=\"inline-link\" href=\"https:\/\/global.techradar.com\/no-no\/news\/beste-nettbrett\" target=\"_blank\" data-url=\"https:\/\/global.techradar.com\/no-no\/news\/beste-nettbrett\" data-hl-processed=\"none\" data-before-rewrite-localise=\"https:\/\/global.techradar.com\/no-no\/news\/beste-nettbrett\" rel=\"nofollow noopener\">de beste nettbrettene<\/a> de senere \u00e5rene, med sin kombinasjon av kompakt st\u00f8rrelse og imponerende ytelse som gj\u00f8r den til et ideelt valg for mange. Og hvis ryktene skal troes, kan den snart f\u00e5 en betydelig oppgradering som kan gi den et betydelig forsprang p\u00e5 konkurrentene.<\/p>\n<p>I <a data-analytics-id=\"inline-link\" href=\"https:\/\/www.bloomberg.com\/news\/articles\/2025-10-28\/apple-plans-oled-for-ipad-mini-ipad-air-macbook-air-mini-water-resistance\" target=\"_blank\" data-url=\"https:\/\/www.bloomberg.com\/news\/articles\/2025-10-28\/apple-plans-oled-for-ipad-mini-ipad-air-macbook-air-mini-water-resistance\" referrerpolicy=\"no-referrer-when-downgrade\" data-hl-processed=\"none\" rel=\"nofollow noopener\">et innlegg p\u00e5 Bloombergs nettsted<\/a> har journalisten Mark Gurman hevdet at <a data-analytics-id=\"inline-link\" href=\"https:\/\/global.techradar.com\/no-no\/tag\/apple\" data-auto-tag-linker=\"true\" data-url=\"https:\/\/global.techradar.com\/no-no\/tag\/apple\" data-hl-processed=\"none\" data-before-rewrite-localise=\"https:\/\/global.techradar.com\/no-no\/tag\/apple\" rel=\"nofollow noopener\" target=\"_blank\">Apple<\/a> planlegger \u00e5 introdusere en <a data-analytics-id=\"inline-link\" href=\"https:\/\/global.techradar.com\/no-no\/tag\/oled\" data-auto-tag-linker=\"true\" data-url=\"https:\/\/global.techradar.com\/no-no\/tag\/oled\" data-hl-processed=\"none\" data-before-rewrite-localise=\"https:\/\/global.techradar.com\/no-no\/tag\/oled\" rel=\"nofollow noopener\" target=\"_blank\">OLED<\/a>-skjerm til iPad mini allerede neste \u00e5r. Dette f\u00f8lger <a data-analytics-id=\"inline-link\" href=\"https:\/\/www.techradar.com\/tablets\/ipad\/the-ipad-mini-could-be-the-next-apple-tablet-to-get-an-oled-display-and-i-think-that-makes-perfect-sense\" target=\"_blank\" rel=\"nofollow noopener\">et lignende rykte<\/a> fra tidligere i \u00e5r og vil innlede en markant forbedring i forhold til enhetens n\u00e5v\u00e6rende LCD-skjerm, noe som gir bedre kontrast og rikere farger til innholdet som vises p\u00e5 enheten.<\/p>\n<p><a id=\"elk-seasonal\" class=\"paywall\" aria-hidden=\"true\" href=\"\" data-url=\"\" target=\"_blank\" referrerpolicy=\"no-referrer-when-downgrade\" data-hl-processed=\"none\"\/><\/p>\n<p id=\"b4ffd1ad-d6fd-40ab-b985-b97bbd312b68-2\">Hvis det skjer, kan det bidra til \u00e5 gj\u00f8re iPad mini til en overraskende hit i 2026. Det lille nettbrettet har allerede en lojal f\u00f8lgerskare av brukere som blir avskrekket av st\u00f8rrelsen p\u00e5 <a data-analytics-id=\"inline-link\" href=\"https:\/\/www.techradar.com\/tablets\/i-tested-the-11-inch-ipad-air-with-m3-for-five-days-and-it-stretches-the-value-even-further-with-more-power-for-the-same-price\" target=\"_blank\" rel=\"nofollow noopener\">iPad Air<\/a> og prisen p\u00e5 <a data-analytics-id=\"inline-link\" href=\"https:\/\/www.techradar.com\/tablets\/i-tested-the-11-inch-ipad-air-with-m3-for-five-days-and-it-stretches-the-value-even-further-with-more-power-for-the-same-price\" target=\"_blank\" rel=\"nofollow noopener\">iPad Air<\/a>, men iPad mini har ofte g\u00e5tt glipp av funksjoner som finnes i sine dyrere s\u00f8sken. Med introduksjonen av en OLED-skjerm vil imidlertid Apples minste nettbrett f\u00e5 en betydelig visuell oppgradering for \u00e5 hjelpe det med \u00e5 konkurrere mot rivaliserende produkter.<\/p>\n<p>Du liker kanskje<\/p>\n<p>I tillegg til dette kommer ideen om at Apple \u00f8nsker \u00e5 gj\u00f8re fremtidens iPad mini fullstendig vanntett ved \u00e5 redesigne dekselet og legge til \u00abet nytt h\u00f8yttalersystem som bruker vibrasjonsrelatert teknologi\u00bb i stedet for tradisjonelle h\u00f8yttalerhull, sier Gurman. Reporteren p\u00e5peker at dette er en annen tiln\u00e6rming til vanntettingen som brukes i alle <a data-analytics-id=\"inline-link\" href=\"https:\/\/global.techradar.com\/no-no\/best\/beste-iphone\" target=\"_blank\" data-url=\"https:\/\/global.techradar.com\/no-no\/best\/beste-iphone\" data-hl-processed=\"none\" data-before-rewrite-localise=\"https:\/\/global.techradar.com\/no-no\/best\/beste-iphone\" rel=\"nofollow noopener\">de beste iPhonene<\/a>, men det kan legge til enda en positiv ting til iPad minis liste over funksjoner.<\/p>\n<p><a id=\"elk-aed12500-0a4e-4f56-8f3f-13f019edd000\" class=\"paywall\" aria-hidden=\"true\" href=\"\" data-url=\"\" target=\"_blank\" referrerpolicy=\"no-referrer-when-downgrade\" data-hl-processed=\"none\"\/>OLED ogs\u00e5 andre steder<\/p>\n<p class=\"vanilla-image-block\" style=\"padding-top:56.25%;\">\n<p><img decoding=\"async\" src=\"https:\/\/www.europesays.com\/no\/wp-content\/uploads\/2025\/10\/XiXwyCsj2q2RFxJDLYQ3xN.jpg\" alt=\"Apple iPad mini A17 Pro\"   loading=\"lazy\" data-new-v2-image=\"true\" data-original-mos=\"https:\/\/www.europesays.com\/no\/wp-content\/uploads\/2025\/10\/XiXwyCsj2q2RFxJDLYQ3xN.jpg\" data-pin-media=\"https:\/\/www.europesays.com\/no\/wp-content\/uploads\/2025\/10\/XiXwyCsj2q2RFxJDLYQ3xN.jpg\"\/>\n<\/p>\n<p>(Image credit: Future\/Jacob Krol)<\/p>\n<p id=\"3a5de5a6-2eb6-4505-8b24-4d33218b2ba1\">Det er imidlertid ikke bare gode nyheter, ettersom Gurmans rapport antyder at Apple kan \u00f8ke prisene sine i lys av iPad minis forbedrede skjerm. En \u00f8kning p\u00e5 100 dollar ville ikke v\u00e6re utelukket, hevder Gurman, noe som potensielt ville resultere i en startpris p\u00e5 599 dollar. Den n\u00e5v\u00e6rende modellen har en startpris <a data-analytics-id=\"inline-link\" href=\"https:\/\/go.redirectingat.com\/?id=92X363&amp;xcust=trd_no_6363329790312261139&amp;xs=1&amp;url=https%3A%2F%2Fwww.apple.com%2Fno%2Fshop%2Fbuy-ipad%2Fipad-mini&amp;sref=https%3A%2F%2Fglobal.techradar.com%2Ftablets%2Fipad-mini%2Fthe-oled-ipad-mini-could-be-the-surprise-tablet-hit-of-2026-if-these-rumors-are-true\" target=\"_blank\" rel=\"sponsored noopener nofollow\" data-url=\"https:\/\/www.apple.com\/no\/shop\/buy-ipad\/ipad-mini\" referrerpolicy=\"no-referrer-when-downgrade\" data-hl-processed=\"skimlinks\" data-placeholder-url=\"https:\/\/go.redirectingat.com\/?id=92X363&amp;xcust=hawk-custom-tracking&amp;xs=1&amp;url=https%3A%2F%2Fwww.apple.com%2Fno%2Fshop%2Fbuy-ipad%2Fipad-mini&amp;sref=https%3A%2F%2Fglobal.techradar.com%2Ftablets%2Fipad-mini%2Fthe-oled-ipad-mini-could-be-the-surprise-tablet-hit-of-2026-if-these-rumors-are-true\" data-google-interstitial=\"false\" data-merchant-name=\"apple.com\" data-merchant-network=\"SkimLinks\">hos Apple i Norge<\/a> p\u00e5 6 690 kroner.<\/p>\n<p>iPad mini er ikke den eneste Apple-enheten som er i k\u00f8 for en OLED-oppgradering, mener Gurman \u2013 Apple planlegger tydeligvis ogs\u00e5 \u00e5 bringe denne skjermteknologien til iPad Air og <a data-analytics-id=\"inline-link\" href=\"https:\/\/www.techradar.com\/computing\/macbooks\/apple-macbook-air-13-inch-m4\" target=\"_blank\" rel=\"nofollow noopener\">MacBook Air<\/a>.<\/p>\n<p>MacBook Air vil sannsynligvis ikke f\u00e5 oppgraderingen f\u00f8r 2028, sier Gurman, ettersom iPad Air gj\u00f8r spranget p\u00e5 et ubestemt fremtidig tidspunkt (men senere i generasjonen etter den forventede oppdateringen v\u00e5ren 2026). I teorien er det da vi ogs\u00e5 kan se den nye iPad mini.<\/p>\n<p class=\"newsletter-form__strapline\">Registrer deg for siste nytt, anmeldelser, meninger, toppteknologiske tilbud og mer.<\/p>\n<p>OLED-skjermer har allerede vist seg \u00e5 v\u00e6re en hit i iPad Pro og iPhone, og har v\u00e6rt en fast del av <a data-analytics-id=\"inline-link\" href=\"https:\/\/www.techradar.com\/news\/best-apple-watch\" target=\"_blank\" rel=\"nofollow noopener\">Apple Watch<\/a> helt siden den f\u00f8rst ble lansert. Hvis iPad mini blir med disse popul\u00e6re enhetene og legger til OLED-kvalitet neste \u00e5r, kan Apple gj\u00f8re mange iPad-kunder veldig forn\u00f8yde.<\/p>\n<p><a id=\"elk-f358fa56-3ce3-4bba-a4a7-dbbdf1a9b000\" class=\"paywall\" aria-hidden=\"true\" href=\"\" data-url=\"\" target=\"_blank\" referrerpolicy=\"no-referrer-when-downgrade\" data-hl-processed=\"none\"\/><\/p>\n<p>Dagens beste tilbud p\u00e5 utvalgte iPad-modeller<\/p>\n<p><a id=\"elk-videre-lesning\" class=\"paywall\" aria-hidden=\"true\" href=\"\" data-url=\"\" target=\"_blank\" referrerpolicy=\"no-referrer-when-downgrade\" data-hl-processed=\"none\"\/>Videre lesning<\/p>\n","protected":false},"excerpt":{"rendered":"Apple kan lansere en iPad mini med OLED-skjerm i 2026, hevder en rapport OLED kan ogs\u00e5 komme til&hellip;\n","protected":false},"author":2,"featured_media":73812,"comment_status":"","ping_status":"","sticky":false,"template":"","format":"standard","meta":{"footnotes":""},"categories":[57],"tags":[30,28,29,65,63,64,66,70,69,67,68],"class_list":{"0":"post-73811","1":"post","2":"type-post","3":"status-publish","4":"format-standard","5":"has-post-thumbnail","7":"category-vitenskap-og-teknologi","8":"tag-no","9":"tag-norge","10":"tag-norway","11":"tag-science","12":"tag-science-and-technology","13":"tag-scienceandtechnology","14":"tag-technology","15":"tag-teknologi","16":"tag-vitenskap","17":"tag-vitenskap-og-teknologi","18":"tag-vitenskapteknologi"},"share_on_mastodon":{"url":"https:\/\/pubeurope.com\/@no\/115462369696648696","error":""},"_links":{"self":[{"href":"https:\/\/www.europesays.com\/no\/wp-json\/wp\/v2\/posts\/73811","targetHints":{"allow":["GET"]}}],"collection":[{"href":"https:\/\/www.europesays.com\/no\/wp-json\/wp\/v2\/posts"}],"about":[{"href":"https:\/\/www.europesays.com\/no\/wp-json\/wp\/v2\/types\/post"}],"author":[{"embeddable":true,"href":"https:\/\/www.europesays.com\/no\/wp-json\/wp\/v2\/users\/2"}],"replies":[{"embeddable":true,"href":"https:\/\/www.europesays.com\/no\/wp-json\/wp\/v2\/comments?post=73811"}],"version-history":[{"count":0,"href":"https:\/\/www.europesays.com\/no\/wp-json\/wp\/v2\/posts\/73811\/revisions"}],"wp:featuredmedia":[{"embeddable":true,"href":"https:\/\/www.europesays.com\/no\/wp-json\/wp\/v2\/media\/73812"}],"wp:attachment":[{"href":"https:\/\/www.europesays.com\/no\/wp-json\/wp\/v2\/media?parent=73811"}],"wp:term":[{"taxonomy":"category","embeddable":true,"href":"https:\/\/www.europesays.com\/no\/wp-json\/wp\/v2\/categories?post=73811"},{"taxonomy":"post_tag","embeddable":true,"href":"https:\/\/www.europesays.com\/no\/wp-json\/wp\/v2\/tags?post=73811"}],"curies":[{"name":"wp","href":"https:\/\/api.w.org\/{rel}","templated":true}]}}