{"id":73858,"date":"2025-10-30T10:03:09","date_gmt":"2025-10-30T10:03:09","guid":{"rendered":"https:\/\/www.europesays.com\/no\/73858\/"},"modified":"2025-10-30T10:03:09","modified_gmt":"2025-10-30T10:03:09","slug":"farvel-til-roy-jacobsen","status":"publish","type":"post","link":"https:\/\/www.europesays.com\/no\/73858\/","title":{"rendered":"Farvel til Roy Jacobsen"},"content":{"rendered":"\n<p class=\"_paragraph_o9xde_4 _paragraph_xtcu6_10 layout-component text-serif-m layout-normal text-serif-m layout-padded\">Roy Jacobsen d\u00f8de l\u00f8rdag 18. oktober, 70 \u00e5r gammel. Han la aldri skjul p\u00e5 sitt sosialdemokratiske st\u00e5sted og hadde n\u00e6rt vennskap b\u00e5de med statsminister Jonas Gahr St\u00f8re og <a href=\"https:\/\/www.vg.no\/tag\/jens-stoltenberg?utm_source=vg-article&amp;utm_medium=auto-tagger&amp;utm_campaign=73Xzb8\" class=\"_link_o9xde_39\" rel=\"nofollow noopener\" target=\"_blank\">Jens Stoltenberg<\/a>.<\/p>\n<p class=\"_paragraph_o9xde_4 _paragraph_xtcu6_10 layout-component text-serif-m layout-normal text-serif-m layout-padded\">\u2013 Det blir vondt, sier Jens Stoltenberg til VG om gravferdsseremonien fra Oslo domkirke i formiddag.<\/p>\n<p class=\"_paragraph_o9xde_4 _paragraph_xtcu6_10 layout-component text-serif-m layout-normal text-serif-m layout-padded\">Seremonien starter kl. 11.00. <\/p>\n<p class=\"_paragraph_o9xde_4 _paragraph_xtcu6_10 layout-component text-serif-m layout-normal text-serif-m layout-padded\"><strong class=\"_strong_o9xde_25\">Du kan f\u00f8lge seremonien \u00f8verst i denne saken.<\/strong><\/p>\n<p class=\"_paragraph_o9xde_4 _paragraph_xtcu6_10 layout-component text-serif-m layout-normal text-serif-m layout-padded\">\u2013 Det er et kjempeliv som er over, som endte altfor tidlig. Jeg var ikke forberedt p\u00e5 at han kom til \u00e5 d\u00f8, sier Stoltenberg som snakket med Jacobsen helt inntil det siste.<\/p>\n<p><img alt=\"Jens Stoltenberg og kona Ingrid Schulerud kom h\u00e5nd i h\u00e5nd til Oslo domkirke torsdag formiddag.  Foto: Mattis Sandblad \/ VG\" class=\"_image_qp4xg_65 layout-component layout-normal\" data-fullscreen- data-track-element-type=\"Article image fullscreen\" data-track-name=\"ImageFullscreen\" decoding=\"async\" loading=\"lazy\" height=\"2656\" itemprop=\"image\"  src=\"https:\/\/www.europesays.com\/no\/wp-content\/uploads\/2025\/10\/a6dc088d-8500-40bb-b0da-7d9f27d014d7\"  style=\"object-position:46.109437751004016% 60.35391566265061%\" width=\"3984\"\/>Jens Stoltenberg og kona Ingrid Schulerud kom h\u00e5nd i h\u00e5nd til Oslo domkirke torsdag formiddag.  Foto: Mattis Sandblad \/ VG<\/p>\n<p class=\"_paragraph_o9xde_4 _paragraph_xtcu6_10 layout-component text-serif-m layout-normal layout-padded\"><strong class=\"_strong_o9xde_25\">Les ogs\u00e5:<\/strong> <a href=\"https:\/\/www.vg.no\/i\/Ey3d75\" data-track-element-type=\"Link\" data-track-id=\"link:Ey3d75\" class=\"_link_o9xde_39\" rel=\"nofollow noopener\" target=\"_blank\">Forfatter Roy Jacobsen er d\u00f8d<\/a><\/p>\n<p class=\"_paragraph_o9xde_4 _paragraph_xtcu6_10 layout-component text-serif-m layout-normal text-serif-m layout-padded\">\u2013 Han var jo veldig optimist da, det hadde g\u00e5tt bra med de f\u00f8rste operasjonene, men s\u00e5 d\u00f8r han likevel. Han er jo den som virkelig har skrevet fortellingen om Norge. Jeg er en av dem som kom inn i hans forfatterskap gjennom \u00abSeierherrene\u00bb, og senere begynte jeg \u00e5 lese flere b\u00f8ker av ham, sier Jens Stoltenberg som ogs\u00e5 kaller Roy Jacobsen for en ekte sosialdemokrat.<\/p>\n<p class=\"_paragraph_o9xde_4 _paragraph_xtcu6_10 layout-component text-serif-m layout-normal text-serif-m layout-padded\">\u2013 Jeg kommer til \u00e5 savne ham.<\/p>\n<p>Tove Nilsen. Foto: Mattis Sandblad \/ VG<\/p>\n<p class=\"_paragraph_o9xde_4 _paragraph_xtcu6_10 layout-component text-serif-m layout-normal text-serif-m layout-padded\"><strong class=\"_strong_o9xde_25\">Les det siste intervjuet med Roy Jacobsen:<\/strong><\/p>\n<p class=\"_paragraph_o9xde_4 _paragraph_xtcu6_10 layout-component text-serif-m layout-normal layout-padded\"><strong class=\"_strong_o9xde_25\">Les ogs\u00e5:<\/strong> <a href=\"https:\/\/www.vg.no\/i\/B08Wbw\" data-track-element-type=\"Link\" data-track-id=\"link:B08Wbw\" class=\"_link_o9xde_39\" rel=\"nofollow noopener\" target=\"_blank\">V\u00e5knet opp fra narkose \u2013 da var bestevennen d\u00f8d<\/a><\/p>\n<p class=\"_paragraph_o9xde_4 _paragraph_xtcu6_10 layout-component text-serif-m layout-normal text-serif-m layout-padded\">\u2013 Det blir tungt, sa Lars Saabye Christensen utenfor Oslo domkirke om \u00e5 ta farvel med en venn.<\/p>\n<p class=\"_paragraph_o9xde_4 _paragraph_xtcu6_10 layout-component text-serif-m layout-normal text-serif-m layout-padded\">\u2013 Det er et stort tap for veldig mange som er her, ikke bare personlig, for venner og for familien, men ogs\u00e5 for leserne og norsk litteratur, s\u00e5 er det en periode som er over. Det er hardt \u00e5 tenke p\u00e5, det er et voldsomt tomrom som st\u00e5r igjen etter han, men det tomrommet er fylt av b\u00f8ker. Han hadde en enest\u00e5ende evne til \u00e5 holde ekstrem h\u00f8y kvalitet hele veien gjennom 40 \u00e5r, sa Saabye Christensen.<\/p>\n<p><img alt=\"Roy Jacobsen og Jens Stoltenberg i f\u00f8rstnevntes 50-\u00e5rslag i 2005.  Foto: Stian Lysberg Solum \/ VG\" class=\"_image_qp4xg_65 layout-component layout-normal\" data-fullscreen- data-track-element-type=\"Article image fullscreen\" data-track-name=\"ImageFullscreen\" decoding=\"async\" loading=\"lazy\" height=\"2336\" itemprop=\"image\"  src=\"https:\/\/www.europesays.com\/no\/wp-content\/uploads\/2025\/10\/84b661ac-049c-4208-820a-772b4e3712e2\"  style=\"object-position:51.212899543378995% 50.40667808219178%\" width=\"3504\"\/>Roy Jacobsen og Jens Stoltenberg i f\u00f8rstnevntes 50-\u00e5rslag i 2005.  Foto: Stian Lysberg Solum \/ VG<\/p>\n<p class=\"_paragraph_o9xde_4 _paragraph_xtcu6_10 layout-component text-serif-m layout-normal text-serif-m layout-padded\">\u2013 Det er rart, jeg har kjent ham lenge, b\u00e5de som kollegaer og kamerater. Han d\u00f8de for tidlig, han var ikke ferdig med det han skulle, mente Edvard Hoem.<\/p>\n<p class=\"_paragraph_o9xde_4 _paragraph_xtcu6_10 layout-component text-serif-m layout-normal text-serif-m layout-padded\">\u2013 Han var en veldig stor forfatter, kanskje en av de st\u00f8rste fordi han grep ned i det norske folks liv, og det p\u00e5 en m\u00e5te som veldig f\u00e5 klarer, sa Hoem.<\/p>\n<p class=\"_paragraph_o9xde_4 _paragraph_xtcu6_10 layout-component text-serif-m layout-normal text-serif-m layout-padded\">Erik Fosnes Hansen var en av flere som slet med \u00e5 holde t\u00e5rene tilbake.<\/p>\n<p class=\"_paragraph_o9xde_4 _paragraph_xtcu6_10 layout-component text-serif-m layout-normal text-serif-m layout-padded\">\u2013 Det blir forferdelig tungt. Jeg har nesten ikke ord for det, han var en veldig n\u00e6r venn. Veldig omsorgsfull. Snill. Tok mye plass. Den plassen er tom, sa Fosnes Hansen som m\u00e5tte trekke pusten under praten med VG.<\/p>\n<p class=\"_paragraph_o9xde_4 _paragraph_xtcu6_10 layout-component text-serif-m layout-normal text-serif-m layout-padded\">\u2013 Dette er den tredje forfattervennen som g\u00e5r bort p\u00e5 fire m\u00e5neder, s\u00e5 dette er t\u00f8ft, sa Erik Fosnes Hansen.<\/p>\n<p class=\"_paragraph_o9xde_4 _paragraph_xtcu6_10 layout-component text-serif-m layout-normal text-serif-m layout-padded\">Erlend Loe var ogs\u00e5 en trist mann torsdag formiddag.<\/p>\n<p class=\"_paragraph_o9xde_4 _paragraph_xtcu6_10 layout-component text-serif-m layout-normal text-serif-m layout-padded\">\u2013 Vi var jo kolleger p\u00e5 samme forlag i mange \u00e5r. Han var alltid veldig hyggelig og veldig sjener\u00f8s med meg, og jeg har jo sett opp til ham, selvf\u00f8lgelig, og sett opp til hans solide forfatterskap og skriveevner, sa Loe.<\/p>\n<p><img alt=\"VINKER FARVEL: Roy Jacobsen fotografert i forbindelse med et VG-intervju i november i fjor.  Foto: Line M\u00f8ller \/ VG\" class=\"_image_qp4xg_65 layout-component layout-normal\" data-fullscreen- data-track-element-type=\"Article image fullscreen\" data-track-name=\"ImageFullscreen\" decoding=\"async\" loading=\"lazy\" height=\"5504\" itemprop=\"image\"  src=\"https:\/\/www.europesays.com\/no\/wp-content\/uploads\/2025\/10\/7e57b84b-9da7-4955-b8ef-fb781836f7bd\"  style=\"object-position:58.04869186046512% 39.87100290697674%\" width=\"8256\"\/>VINKER FARVEL: Roy Jacobsen fotografert i forbindelse med et VG-intervju i november i fjor.  Foto: Line M\u00f8ller \/ VG<\/p>\n<p class=\"_paragraph_o9xde_4 _paragraph_xtcu6_10 layout-component text-serif-m layout-normal text-serif-m layout-padded\">En preget Tove Nilsen var en av Jacobsens mange forfatterkollegaer som hadde m\u00f8tt opp for \u00e5 hedre forfatterkjempen.<\/p>\n<p class=\"_paragraph_o9xde_4 _paragraph_xtcu6_10 layout-component text-serif-m layout-normal text-serif-m layout-padded\">\u2013 Det blir veldig rart og veldig trist. Selv om han m\u00e5tte operere og trengte medisinsk hjelp, s\u00e5 var ikke dette ventet. Det er rart at han ikke er her. Ikke minst fordi han var en slik person som at hvis taket raser, s\u00e5 ordner Roy opp, sa Nilsen.<\/p>\n<p class=\"_paragraph_o9xde_4 _paragraph_xtcu6_10 layout-component text-serif-m layout-normal text-serif-m layout-padded\">\u2013 Det blir f\u00f8rst og fremst veldig rart. Han har v\u00e6rt s\u00e5 ekstremt til stede, som person og som forfatter, i s\u00e6rlig grad &#8211; mer enn noen det er naturlig \u00e5 sammenligne med. Hvis du skal karakterisere ham med ett ord, m\u00e5 det bli tilstedev\u00e6relse, b\u00e5de i litteraturen og som menneske. Det er nesten rart \u00e5 skulle venne seg til at han er borte, sa forlagsredakt\u00f8r Anders Heger.<\/p>\n<p class=\"_paragraph_o9xde_4 _paragraph_xtcu6_10 layout-component text-serif-m layout-normal text-serif-m layout-padded\">Den prisbel\u00f8nte forfatteren vil gravlegges p\u00e5 et senere tidspunkt p\u00e5 Nordvik kirkeg\u00e5rd p\u00e5 D\u00f8nna, med bare familien til stede.<\/p>\n<p class=\"_paragraph_o9xde_4 _paragraph_xtcu6_10 layout-component text-serif-m layout-normal text-serif-m layout-padded\">Samtidig er familien bevisst det betydelige forfatterskapet og hans fremtredende posisjon i norsk kulturliv. Derfor er gravferdsseremonien i Oslo domkirke i formiddag \u00e5pen for alle.<\/p>\n<p class=\"_paragraph_o9xde_4 _paragraph_xtcu6_10 layout-component text-serif-m layout-normal text-serif-m layout-padded\">Her blir det blant annet minnetale fra vennen og kollegaen Lars Saabye Christensen og Jacobsens barn. Seremonien ledes av domkirkeprest Valborg Orset Stene.<\/p>\n<p class=\"_paragraph_o9xde_4 _paragraph_xtcu6_10 layout-component text-serif-m layout-normal text-serif-m layout-padded\">Musikalske valg inneholder blant annet Steve Earle, King Crimson og Neil Young.<\/p>\n<p class=\"_paragraph_o9xde_4 _paragraph_xtcu6_10 layout-component text-serif-m layout-normal layout-padded\"><strong class=\"_strong_o9xde_25\">Les ogs\u00e5:<\/strong> <a href=\"https:\/\/www.vg.no\/i\/bmy3yA\" data-track-element-type=\"Link\" data-track-id=\"link:bmy3yA\" class=\"_link_o9xde_39\" rel=\"nofollow noopener\" target=\"_blank\">Forfatteren Roy Jacobsen dypt savnet: \u2013 Stemmen til en hel generasjon<\/a><\/p>\n<p class=\"_paragraph_o9xde_4 _paragraph_xtcu6_10 layout-component text-serif-m layout-normal text-serif-m layout-padded\">Roy Jacobsen hadde et livslangt forhold til D\u00f8nna. Hans mor vokste opp p\u00e5 der, og han har ogs\u00e5 selv bodd p\u00e5 D\u00f8nna i perioder og har hatt hytte p\u00e5 \u00f8ya p\u00e5 Helgelandskysten.<\/p>\n<p class=\"_paragraph_o9xde_4 _paragraph_xtcu6_10 layout-component text-serif-m layout-normal text-serif-m layout-padded\">Jacobsen er en av v\u00e5r tids mest anerkjente, prisbel\u00f8nte og leste forfattere. Han har siden 1982 gitt ut over 25 b\u00f8ker og er oversatt til over 40 spr\u00e5k.<\/p>\n<p class=\"_paragraph_o9xde_4 _paragraph_xtcu6_10 layout-component text-serif-m layout-normal text-serif-m layout-padded\">Han har v\u00e6rt nominert til Nordisk r\u00e5ds litteraturpris for romanene \u00abSeierherrene\u00bb i 1991 og for \u00abFrost\u00bb fra 2004.<\/p>\n<p class=\"_paragraph_o9xde_4 _paragraph_xtcu6_10 layout-component text-serif-m layout-normal text-serif-m layout-padded\">Som f\u00f8rste nordmann ble han i 2017 nominert til den h\u00f8ythengende International Booker Prize for \u00abDe usynlige\u00bb, den f\u00f8rste boken i serien om Ingrid Barr\u00f8y.<\/p>\n<p><img alt=\"Roy Jacobsen i vennen Ingvar Ambj\u00f8rnsens bisettelse i august. N\u00e5 er ogs\u00e5 Jacobsen borte.  Foto: Naina Hel\u00e9n J\u00e5ma \/ VG\" class=\"_image_qp4xg_65 layout-component layout-normal\" data-fullscreen- data-track-element-type=\"Article image fullscreen\" data-track-name=\"ImageFullscreen\" decoding=\"async\" loading=\"lazy\" height=\"5504\" itemprop=\"image\"  src=\"https:\/\/www.europesays.com\/no\/wp-content\/uploads\/2025\/10\/867eb2a2-364a-401d-8db4-73ec11d841ac\"  style=\"object-position:57.10392441860465% 46.502543604651166%\" width=\"8256\"\/>Roy Jacobsen i vennen Ingvar Ambj\u00f8rnsens bisettelse i august. N\u00e5 er ogs\u00e5 Jacobsen borte.  Foto: Naina Hel\u00e9n J\u00e5ma \/ VG<\/p>\n<p class=\"_paragraph_o9xde_4 _paragraph_xtcu6_10 layout-component text-serif-m layout-normal layout-padded\"><strong class=\"_strong_o9xde_25\">Les ogs\u00e5:<\/strong> <a href=\"https:\/\/www.vg.no\/i\/RzJ3jO\" data-track-element-type=\"Link\" data-track-id=\"link:RzJ3jO\" class=\"_link_o9xde_39\" rel=\"nofollow noopener\" target=\"_blank\">Giganten Roy<\/a><\/p>\n<p class=\"_paragraph_o9xde_4 _paragraph_xtcu6_10 layout-component text-serif-m layout-normal text-serif-m layout-padded\">Roy Jacobsen slet med hjerteproblemer de siste \u00e5rene av sitt liv, og det var etter den siste av i alt fire hjerteoperasjoner at lungene sviktet.<\/p>\n<p class=\"_paragraph_o9xde_4 _paragraph_xtcu6_10 layout-component text-serif-m layout-normal text-serif-m layout-padded\">I august m\u00e5tte han g\u00e5 halvveis i seremonien da bestevennen og kollegaen Ingvar Ambj\u00f8rnsen ble bisatt. I et st\u00f8rre VG-intervju noen dager senere fortalte Jacobsen at han i sin siste samtale med Ambj\u00f8rnsen hadde sagt til ham at \u00abjeg pr\u00f8ver meg p\u00e5 en utsettelse, en ekstrarunde\u00bb.<\/p>\n<p class=\"_paragraph_o9xde_4 _paragraph_xtcu6_10 layout-component text-serif-m layout-normal text-serif-m layout-padded\">Den tunge beskjeden fikk Roy Jacob en da han v\u00e5knet av narkosen etter hjerteoperasjonen.<\/p>\n<p class=\"_paragraph_o9xde_4 _paragraph_xtcu6_10 layout-component text-serif-m layout-normal text-serif-m layout-padded\">\u2013 Jeg v\u00e5knet opp fra koma. Jeg hadde overlevd, men Ingvar var borte, fortalte han til VG.<\/p>\n<p class=\"_paragraph_o9xde_4 _paragraph_xtcu6_10 layout-component text-serif-m layout-normal text-serif-m layout-padded\">Han etterlater seg kona Anneliese Pitz (74), to barn og syv barnebarn.<\/p>\n","protected":false},"excerpt":{"rendered":"Roy Jacobsen d\u00f8de l\u00f8rdag 18. oktober, 70 \u00e5r gammel. Han la aldri skjul p\u00e5 sitt sosialdemokratiske st\u00e5sted og&hellip;\n","protected":false},"author":2,"featured_media":73859,"comment_status":"","ping_status":"","sticky":false,"template":"","format":"standard","meta":{"footnotes":""},"categories":[10],"tags":[150,20,21,24,25,15,240,22,23,152,13,30,28,29,14,10248,16,516,26,27],"class_list":{"0":"post-73858","1":"post","2":"type-post","3":"status-publish","4":"format-standard","5":"has-post-thumbnail","7":"category-norge","8":"tag-bok","9":"tag-breaking-news","10":"tag-breakingnews","11":"tag-featured-news","12":"tag-featurednews","13":"tag-headlines","14":"tag-jens-stoltenberg","15":"tag-latest-news","16":"tag-latestnews","17":"tag-litteratur","18":"tag-news","19":"tag-no","20":"tag-norge","21":"tag-norway","22":"tag-nyheter","23":"tag-oslo-domkirke","24":"tag-overskrifter","25":"tag-roy-jacobsen","26":"tag-top-stories","27":"tag-topstories"},"share_on_mastodon":{"url":"https:\/\/pubeurope.com\/@no\/115462550597405515","error":""},"_links":{"self":[{"href":"https:\/\/www.europesays.com\/no\/wp-json\/wp\/v2\/posts\/73858","targetHints":{"allow":["GET"]}}],"collection":[{"href":"https:\/\/www.europesays.com\/no\/wp-json\/wp\/v2\/posts"}],"about":[{"href":"https:\/\/www.europesays.com\/no\/wp-json\/wp\/v2\/types\/post"}],"author":[{"embeddable":true,"href":"https:\/\/www.europesays.com\/no\/wp-json\/wp\/v2\/users\/2"}],"replies":[{"embeddable":true,"href":"https:\/\/www.europesays.com\/no\/wp-json\/wp\/v2\/comments?post=73858"}],"version-history":[{"count":0,"href":"https:\/\/www.europesays.com\/no\/wp-json\/wp\/v2\/posts\/73858\/revisions"}],"wp:featuredmedia":[{"embeddable":true,"href":"https:\/\/www.europesays.com\/no\/wp-json\/wp\/v2\/media\/73859"}],"wp:attachment":[{"href":"https:\/\/www.europesays.com\/no\/wp-json\/wp\/v2\/media?parent=73858"}],"wp:term":[{"taxonomy":"category","embeddable":true,"href":"https:\/\/www.europesays.com\/no\/wp-json\/wp\/v2\/categories?post=73858"},{"taxonomy":"post_tag","embeddable":true,"href":"https:\/\/www.europesays.com\/no\/wp-json\/wp\/v2\/tags?post=73858"}],"curies":[{"name":"wp","href":"https:\/\/api.w.org\/{rel}","templated":true}]}}