{"id":73884,"date":"2025-10-30T10:30:12","date_gmt":"2025-10-30T10:30:12","guid":{"rendered":"https:\/\/www.europesays.com\/no\/73884\/"},"modified":"2025-10-30T10:30:12","modified_gmt":"2025-10-30T10:30:12","slug":"matte-skjedd-noe-dramatisk","status":"publish","type":"post","link":"https:\/\/www.europesays.com\/no\/73884\/","title":{"rendered":"&#8211; M\u00e5tte skjedd noe dramatisk"},"content":{"rendered":"<p class=\"kicker \" style=\"\">Norsk rentekutt:\u00a0<\/p>\n<p>  Lite tyder p\u00e5 at ESB f\u00f8lger i USAs fotspor og kutter renta torsdag. Heller ikke her hjemme er det ventet noen overraskelser.\u00a0<\/p>\n<p>\n    KUTT: USAs sentralbank &#8211; med sentralbanksjef Jerome Powell i spissen &#8211; valgte onsdag \u00e5 sette ned landets styringsrente med 0,25 prosentpoeng. Norsk sjef\u00f8konom tror det vil ha liten betydning for rentebeslutningen her hjemme. Torsdag legger ESB fram sin rentebeslutning for eurosonen. Foto: REUTERS\/Carlos Barria \/ NTB\n  <\/p>\n<p>&#8211; Det<br \/>\nville v\u00e6re veldig overraskende om ESB kutter renta i dag. Man forventer heller<br \/>\nikke noen konkret pekepinn p\u00e5 hva de vil gj\u00f8re seinere. Markedet tror n\u00e5 at<br \/>\nbunnen er n\u00e5dd, sier sjef\u00f8konom Harald Magnus Andreassen til B\u00f8rsen.\u00a0<\/p>\n<p class=\"font-weight-bold m-font-weight-bold\" data-lab-font_weight=\"font-weight-bold\">Mens Den amerikanske sentralbanken (Fed) <a href=\"https:\/\/borsen.dagbladet.no\/nyheter\/kutter-renta\/83786332\" rel=\"nofollow noopener\" target=\"_blank\">kuttet styringsrenta onsdag<\/a>, er det ikke<br \/>\nventet at Den europeiske sentralbanken (ESB) gj\u00f8r det samme i ettermiddag.\u00a0<\/p>\n<p class=\"font-weight-normal m-font-weight-normal\" data-lab-font_weight=\"font-weight-normal\">Dermed ligger det<br \/>\nan til at renta i eurosonen forblir uendret p\u00e5 to prosent &#8211; som er halvparten s\u00e5<br \/>\nh\u00f8yt som her hjemme.<\/p>\n<p>    <a itemprop=\"url\" href=\"https:\/\/borsen.dagbladet.no\/nyheter\/kutter-renta\/83786332\" rel=\"nofollow noopener\" target=\"_blank\"><\/p>\n<p>      <img loading=\"lazy\" decoding=\"async\" src=\"https:\/\/www.europesays.com\/no\/wp-content\/uploads\/2025\/10\/83786418.webp\" width=\"147\" height=\"98\" title=\"Kutter renta\" alt=\"\" class=\"lazyload\" style=\"--aspect-ratio-image: 1.50; \"\/><\/p>\n<p>        Kutter renta<\/p>\n<p>    <\/a><\/p>\n<p>&#8211; M\u00e5tte skje noe dramatisk\t<\/p>\n<p>Den 6.<br \/>\nnovember legger Norges Bank fram sin rentebeslutning. Knudsen forklarer at det<br \/>\nheller ikke her er ventet noen gladnyhet for dem som \u00f8nsker lavere rente. <\/p>\n<p>&#8211; Ingen forventer<br \/>\nnoe n\u00e5. Det er ikke priset inn noen renteendring f\u00f8r f\u00f8rste eller andre kvartal<br \/>\nneste \u00e5r, sier sjef\u00f8konomen. <\/p>\n<p>    <a itemprop=\"url\" href=\"https:\/\/borsen.dagbladet.no\/nyheter\/advarer-wolden-bache-kan-ikke-virre\/83590918\" rel=\"nofollow noopener\" target=\"_blank\"><\/p>\n<p>      <img loading=\"lazy\" decoding=\"async\" src=\"https:\/\/www.europesays.com\/no\/wp-content\/uploads\/2025\/10\/83591494.webp\" width=\"980\" height=\"441\" title=\"Advarer Wolden Bache: - Kan ikke virre\" alt=\"\" class=\"lazyload\" style=\"--aspect-ratio-image: 2.22; \"\/><\/p>\n<p>        Advarer Wolden Bache: &#8211; Kan ikke virre<\/p>\n<p>    <\/a><\/p>\n<p>Uavhengig<br \/>\nav hva Fed og ESB foretar seg, vil ikke det n\u00f8dvendigvis p\u00e5virke Norges Banks<br \/>\nbeslutning p\u00e5 kort sikt. \u00c5rsaken er at renta i hovedsak styres av situasjonen i norsk<br \/>\n\u00f8konomi, med inflasjon, kronekurs, arbeidsmarkedet og l\u00f8nnsveksten som veiledere.<\/p>\n<p>Norges\u00a0Bank\u00a0satte i september ned styringsrenta fra 4,25 prosent til 4 prosent. Sentralbanksjef Ida Wolden Bache anslo da at det vil bli beskjedne ett rentekutt i \u00e5ret de neste tre \u00e5ra, og pekte p\u00e5\u00a0at jobben med \u00ab\u00e5 f\u00e5 bukt med prisveksten ikke er fullf\u00f8rt\u00bb.<\/p>\n<p>    <a itemprop=\"url\" href=\"https:\/\/borsen.dagbladet.no\/nyheter\/renta-kuttes\/83609696\" rel=\"nofollow noopener\" target=\"_blank\"><\/p>\n<p>      <img loading=\"lazy\" decoding=\"async\" src=\"https:\/\/www.europesays.com\/no\/wp-content\/uploads\/2025\/10\/83591339.webp\" width=\"147\" height=\"98\" title=\"Renta kuttes\" alt=\"\" class=\"lazyload\" style=\"--aspect-ratio-image: 1.50; \"\/><\/p>\n<p>        Renta kuttes<\/p>\n<p>    <\/a><\/p>\n<p class=\"font-weight-bold m-font-weight-bold\" data-lab-font_weight=\"font-weight-bold\">Knudsen mener det ville v\u00e6re n\u00e6r utopisk \u00e5 tro p\u00e5 ytterligere rentekutt i Norge i \u00e5r.\u00a0<\/p>\n<p>&#8211; Det<br \/>\nm\u00e5tte i s\u00e5 fall skje noe dramatisk, som en atombombe eller et b\u00f8rskrakk p\u00e5 20<br \/>\nprosent, for at Norges Bank skulle kutte n\u00e5 eller i desember. Eventuelt dramatiske utslag i arbeidsledighetstallene, som for \u00f8vrig kommer i morgen, men ja, det er sv\u00e6rt usannsynlig.\u00a0\u00a0<\/p>\n<p>        KUTT: Norges Bank har besluttet \u00e5 senke styringsrenten til 4 prosent. Sjefs\u00f8konom i Eika, Jan Ludvig Andreassen, advarer mot \u00e5 gj\u00f8re et spesielt bankgrep.<\/p>\n<p>&#8211; Usikkerhet videre<\/p>\n<p>USAs sentralbank overrasket p\u00e5 sin side ingen da de onsdag kuttet renta. Men n\u00e5 <a href=\"https:\/\/borsen.dagbladet.no\/nyheter\/kutter-renta\/83786332\" rel=\"nofollow noopener\" target=\"_blank\">styrer de i blinde<\/a>.\u00a0<\/p>\n<p>Bakteppet er den f\u00f8derale nedstengningen i USA, som n\u00e5 har vart i en m\u00e5ned, og som f\u00f8rer til at publiseringen av en rekke viktige makrotall, som jobbtall og BNP-tall for 3. kvartal, har blitt utsatt. <\/p>\n<p>    <a itemprop=\"url\" href=\"https:\/\/borsen.dagbladet.no\/nyheter\/spar-gladmelding-til-nordmenn\/83215611\" rel=\"nofollow noopener\" target=\"_blank\"><\/p>\n<p>      <img loading=\"lazy\" decoding=\"async\" src=\"https:\/\/www.europesays.com\/no\/wp-content\/uploads\/2025\/10\/83217557.webp\" width=\"980\" height=\"441\" title=\"Sp\u00e5r gladmelding til nordmenn\" alt=\"\" class=\"lazyload\" style=\"--aspect-ratio-image: 2.22; \"\/><\/p>\n<p>        Sp\u00e5r gladmelding til nordmenn<\/p>\n<p>    <\/a><\/p>\n<p> &#8211; Det viktige i g\u00e5r var at Powell ikke var sikker p\u00e5 hva som skjer videre, og uttrykte usikkerhet om de m\u00e5 kutte mer. I september sa komiteens flertall at det ville bli to kutt, ett n\u00e5 og ett i desember, men Powell selv var usikker p\u00e5 hva som skjer etter g\u00e5rsdagens kutt. Han sa de mangler mye data og ikke f\u00e5r statistikk som er nyttig, og markedet sendte derfor renteforventningene opp. <\/p>\n","protected":false},"excerpt":{"rendered":"Norsk rentekutt:\u00a0 Lite tyder p\u00e5 at ESB f\u00f8lger i USAs fotspor og kutter renta torsdag. Heller ikke her&hellip;\n","protected":false},"author":2,"featured_media":73885,"comment_status":"","ping_status":"","sticky":false,"template":"","format":"standard","meta":{"footnotes":""},"categories":[56],"tags":[60,10252,61,2755,62,30,28,241,29,14,1201,10251,50],"class_list":{"0":"post-73884","1":"post","2":"type-post","3":"status-publish","4":"format-standard","5":"has-post-thumbnail","7":"category-naeringsliv","8":"tag-business","9":"tag-den-europeiske-sentralbanken","10":"tag-economy","11":"tag-federal-reserve","12":"tag-naeringsliv","13":"tag-no","14":"tag-norge","15":"tag-norges-bank","16":"tag-norway","17":"tag-nyheter","18":"tag-rentekutt","19":"tag-styringsrenta","20":"tag-usa"},"share_on_mastodon":{"url":"https:\/\/pubeurope.com\/@no\/115462656817086085","error":""},"_links":{"self":[{"href":"https:\/\/www.europesays.com\/no\/wp-json\/wp\/v2\/posts\/73884","targetHints":{"allow":["GET"]}}],"collection":[{"href":"https:\/\/www.europesays.com\/no\/wp-json\/wp\/v2\/posts"}],"about":[{"href":"https:\/\/www.europesays.com\/no\/wp-json\/wp\/v2\/types\/post"}],"author":[{"embeddable":true,"href":"https:\/\/www.europesays.com\/no\/wp-json\/wp\/v2\/users\/2"}],"replies":[{"embeddable":true,"href":"https:\/\/www.europesays.com\/no\/wp-json\/wp\/v2\/comments?post=73884"}],"version-history":[{"count":0,"href":"https:\/\/www.europesays.com\/no\/wp-json\/wp\/v2\/posts\/73884\/revisions"}],"wp:featuredmedia":[{"embeddable":true,"href":"https:\/\/www.europesays.com\/no\/wp-json\/wp\/v2\/media\/73885"}],"wp:attachment":[{"href":"https:\/\/www.europesays.com\/no\/wp-json\/wp\/v2\/media?parent=73884"}],"wp:term":[{"taxonomy":"category","embeddable":true,"href":"https:\/\/www.europesays.com\/no\/wp-json\/wp\/v2\/categories?post=73884"},{"taxonomy":"post_tag","embeddable":true,"href":"https:\/\/www.europesays.com\/no\/wp-json\/wp\/v2\/tags?post=73884"}],"curies":[{"name":"wp","href":"https:\/\/api.w.org\/{rel}","templated":true}]}}