{"id":73888,"date":"2025-10-30T10:33:30","date_gmt":"2025-10-30T10:33:30","guid":{"rendered":"https:\/\/www.europesays.com\/no\/73888\/"},"modified":"2025-10-30T10:33:30","modified_gmt":"2025-10-30T10:33:30","slug":"tar-et-siste-farvel","status":"publish","type":"post","link":"https:\/\/www.europesays.com\/no\/73888\/","title":{"rendered":"Tar et siste farvel"},"content":{"rendered":"<p>Roy\u00a0Jacobsen, en av v\u00e5r tids mest anerkjente, prisbel\u00f8nte og leste forfattere, d\u00f8de 18. oktober &#8211; bare 70 \u00e5r gammel. Torsdag er det gravferdsseremoni i Oslo domkirke.\u00a0\u00a0<\/p>\n<p>Han vil senere bli gravlagt p\u00e5 D\u00f8nna p\u00e5 Nordvik kirkeg\u00e5rd. Det vil skje med kun familien til stede. <\/p>\n<p>          <img loading=\"lazy\" decoding=\"async\" src=\"https:\/\/www.europesays.com\/no\/wp-content\/uploads\/2025\/10\/83788817.webp\" width=\"686\" height=\"783\" title=\"H\u00c5ND I H\u00c5ND: Finansminister Jens Stoltenberg (66) med sin kone Ingrid Schulerud (66). Foto: Bj\u00f8rn Langsem\/Dagbladet\" alt=\"\" class=\"\" style=\"--aspect-ratio-image: 0.88; \"\/><\/p>\n<p>\n          H\u00c5ND I H\u00c5ND: Finansminister Jens Stoltenberg (66) med sin kone Ingrid Schulerud (66). Foto: Bj\u00f8rn Langsem\/Dagbladet\n      <\/p>\n<p>Statsminister Jonas Gahr St\u00f8re s\u00f8rger over vennens d\u00f8d.<\/p>\n<p>          <img loading=\"lazy\" decoding=\"async\" src=\"https:\/\/www.europesays.com\/no\/wp-content\/uploads\/2025\/10\/83788176.webp\" width=\"980\" height=\"559\" title=\"VERDENSKJENT: Roy Jacobsens b\u00f8ker er solgt til 38 land og oversatt til over 40 spr\u00e5k. Foto: NTB\" alt=\"\" class=\"\" style=\"--aspect-ratio-image: 1.75; \"\/><\/p>\n<p>\n          VERDENSKJENT: Roy Jacobsens b\u00f8ker er solgt til 38 land og oversatt til over 40 spr\u00e5k. Foto: NTB\n      <\/p>\n<p>\u2013 Jeg vil savne hans omtanke, \u00e6rlighet og klare tale med ris og ros uten filter. Jeg vil savne ham, sier St\u00f8re i en melding til pressen.<\/p>\n<p>          <img loading=\"lazy\" decoding=\"async\" src=\"https:\/\/www.europesays.com\/no\/wp-content\/uploads\/2025\/10\/83788825.webp\" width=\"686\" height=\"851\" title=\"STATSMINISTER: Jonas Gahr St\u00f8re (65). Foto: Bj\u00f8rn Langsem\/Dagbladet\" alt=\"\" class=\"\" style=\"--aspect-ratio-image: 0.81; \"\/><\/p>\n<p>\n          STATSMINISTER: Jonas Gahr St\u00f8re (65). Foto: Bj\u00f8rn Langsem\/Dagbladet\n      <\/p>\n<p>Han sier\u00a0Jacobsen\u00a0etterlater seg et rikt og variert forfatterskap som var b\u00e5de dypt norsk og dypt menneskelig.<\/p>\n<p>\u2013 B\u00f8kene hans vil fortsette \u00e5 ber\u00f8re oss i \u00e5rene som kommer, sier St\u00f8re.<\/p>\n<p>          <img loading=\"lazy\" decoding=\"async\" src=\"https:\/\/www.europesays.com\/no\/wp-content\/uploads\/2025\/10\/83788198.webp\" width=\"980\" height=\"559\" title=\"GODE VENNER: Roy Jacobsen og Jonas Gahr St\u00f8re har kjent hverandre i flere ti\u00e5r. Her fra 2010. Foto: NTB\" alt=\"\" class=\"\" style=\"--aspect-ratio-image: 1.75; \"\/><\/p>\n<p>\n          GODE VENNER: Roy Jacobsen og Jonas Gahr St\u00f8re har kjent hverandre i flere ti\u00e5r. Her fra 2010. Foto: NTB\n      <\/p>\n<p>Roy\u00a0Jacobsen\u00a0har siden debuten i 1982 gitt ut over 25 b\u00f8ker og er oversatt til over 40 spr\u00e5k, skriver forlaget Cappelen Damm i en\u00a0<a href=\"https:\/\/www.mynewsdesk.com\/no\/cappelen-damm\/pressreleases\/roy-jacobsen-er-doed-3411157\" target=\"_blank\" rel=\"nofollow noopener\">pressemelding<\/a>\u00a0, der familien retter en stor takk til alle p\u00e5 Rikshospitalet for deres enorme innsats og engasjement for\u00a0Jacobsen.<\/p>\n<p>          <img loading=\"lazy\" decoding=\"async\" src=\"https:\/\/www.europesays.com\/no\/wp-content\/uploads\/2025\/10\/83788571.webp\" width=\"980\" height=\"559\" title=\"SISTE FARVEL: Roy Jacobsen etterlater seg kona Anneliese Pitz, to barn og sju barnebarn. Foto: NTB\" alt=\"\" class=\"\" style=\"--aspect-ratio-image: 1.75; \"\/><\/p>\n<p>\n          SISTE FARVEL: Roy Jacobsen etterlater seg kona Anneliese Pitz, to barn og sju barnebarn. Foto: NTB\n      <\/p>\n<p>Han gikk i september igjennom den siste av tre operasjoner i 2025. Han fikk nytt blod\u00e5resystem rundt hjertet etter at han i 2023 m\u00e5tte hasteopereres.<\/p>\n<p>\u2013 Det har blitt noen refleksjoner rundt de mer metafysiske sidene ved mitt m\u00f8te med det m\u00f8rket som venter oss alle, sa han den gang til VG.<\/p>\n<p>          <img loading=\"lazy\" decoding=\"async\" src=\"https:\/\/www.europesays.com\/no\/wp-content\/uploads\/2025\/10\/83788647.webp\" width=\"980\" height=\"559\" title=\"Lars Saabye Christensen (72). Foto: Bj\u00f8rn Langsem\/Dagbladet\" alt=\"\" class=\"\" style=\"--aspect-ratio-image: 1.75; \"\/><\/p>\n<p>\n          Lars Saabye Christensen (72). Foto: Bj\u00f8rn Langsem\/Dagbladet\n      <\/p>\n<p>Etter den siste operasjonen fikk han lungesvikt, som han dessverre ikke klarte \u00e5 overvinne, skriver forlaget.<\/p>\n<p>Han etterlater seg kona Anneliese Pitz, to barn og sju barnebarn.<\/p>\n<p>          <img loading=\"lazy\" decoding=\"async\" src=\"https:\/\/www.europesays.com\/no\/wp-content\/uploads\/2025\/10\/83788664.webp\" width=\"980\" height=\"559\" title=\"Tove Nilsen (73). Foto: Bj\u00f8rn Langsem\/Dagbladet\" alt=\"\" class=\"\" style=\"--aspect-ratio-image: 1.75; \"\/><\/p>\n<p>\n          Tove Nilsen (73). Foto: Bj\u00f8rn Langsem\/Dagbladet\n      <\/p>\n<p>\u2013 Vi har mistet en stor forfatter og en n\u00e6r venn av forlaget.\u00a0Roy\u00a0var en historieforteller av de sjeldne, en uts\u00f8kt stilist, enormt kunnskapsrik og med et hjerte for de oversette og glemte sider ved v\u00e5r historie, sier redaksjonssjef John Erik Riley for norsk skj\u00f8nnlitteratur hos Cappelen Damm.<\/p>\n<p>          <img loading=\"lazy\" decoding=\"async\" src=\"https:\/\/www.europesays.com\/no\/wp-content\/uploads\/2025\/10\/83788678.webp\" width=\"686\" height=\"659\" title=\"Cille Biermann (65). Foto: Bj\u00f8rn Langsem\/Dagbladet\" alt=\"\" class=\"\" style=\"--aspect-ratio-image: 1.04; \"\/><\/p>\n<p>\n          Cille Biermann (65). Foto: Bj\u00f8rn Langsem\/Dagbladet\n      <\/p>\n<p>\u2013 Ikke minst gjaldt det den gl\u00f8dende interessen for Nord-Norge, som han skrev s\u00e5 varmt og detaljert om, blant annet i \u00abSeierherrene\u00bb og i b\u00f8kene fra Barr\u00f8y. Disse romanene, som n\u00e5dde hundretusener, er en fryd \u00e5 lese, fortsetter han.<\/p>\n<p>          <img loading=\"lazy\" decoding=\"async\" src=\"https:\/\/www.europesays.com\/no\/wp-content\/uploads\/2025\/10\/83788695.webp\" width=\"686\" height=\"529\" title=\"Anne Holt (66). Foto: Bj\u00f8rn Langsem\/Dagbladet\" alt=\"\" class=\"\" style=\"--aspect-ratio-image: 1.30; \"\/><\/p>\n<p>\n          Anne Holt (66). Foto: Bj\u00f8rn Langsem\/Dagbladet\n      <\/p>\n<p>NRKs litteraturkritiker Knut Hoem sier \u00abSeierherrene\u00bb gjorde\u00a0Roy\u00a0Jacobsen\u00a0til hele Norges forfatter.<\/p>\n<p>          <img loading=\"lazy\" decoding=\"async\" src=\"https:\/\/www.europesays.com\/no\/wp-content\/uploads\/2025\/10\/83788705.webp\" width=\"686\" height=\"645\" title=\"Martin Kolberg (76) og kona Aud Harriet. Foto: Bj\u00f8rn Langsem\/Dagbladet\" alt=\"\" class=\"\" style=\"--aspect-ratio-image: 1.06; \"\/><\/p>\n<p>\n          Martin Kolberg (76) og kona Aud Harriet. Foto: Bj\u00f8rn Langsem\/Dagbladet\n      <\/p>\n<p>\u2013 Med den romanen skrev han seg inn i det norsk folks hjerter. Det er en av de b\u00f8kene som virkelig forteller historien om dette landet, sier Hoem om boka, som gjennom to oppveksthistorier fra Nord-Norge og Oslo skildrer moderniseringsprosessen og framveksten av sosialdemokratiet i Norge p\u00e5 1900-tallet.<\/p>\n<p>          <img loading=\"lazy\" decoding=\"async\" src=\"https:\/\/www.europesays.com\/no\/wp-content\/uploads\/2025\/10\/83788710.webp\" width=\"686\" height=\"611\" title=\"Tor Mikkel Wara (60). Foto: Bj\u00f8rn Langsem\/Dagbladet\" alt=\"\" class=\"\" style=\"--aspect-ratio-image: 1.12; \"\/><\/p>\n<p>\n          Tor Mikkel Wara (60). Foto: Bj\u00f8rn Langsem\/Dagbladet\n      <\/p>\n<p>        Statsminister Jonas Gahr St\u00f8re (Ap) er p\u00e5 plass p\u00e5 Fornebu for \u00e5 f\u00f8lge landslagskampen i herreh\u00e5ndball onsdag kveld 15. januar. Video: Birthe Skingen<\/p>\n<p>\u2013 Det er jo ikke alle forfattere som har en s\u00e5 tydelig politisk stil. Men det hadde\u00a0Roy\u00a0Jacobsen, og for ham var det sosialdemokratiet og Arbeiderpartiet som gjaldt. Og han var ogs\u00e5 en veldig politisk aktiv forfatter, sier Hoem til\u00a0<a href=\"https:\/\/www.nrk.no\/kultur\/forfatter-_roy-jacobsen-er-dod-1.17617507\" target=\"_blank\" rel=\"nofollow noopener\">NRK<\/a>.<\/p>\n<p>          <img loading=\"lazy\" decoding=\"async\" src=\"https:\/\/www.europesays.com\/no\/wp-content\/uploads\/2025\/10\/83788720.webp\" width=\"686\" height=\"638\" title=\"Anders Heger (69) og Erik Fosnes Hansen (60). Foto: Bj\u00f8rn Langsem\/Dagbladet\" alt=\"\" class=\"\" style=\"--aspect-ratio-image: 1.08; \"\/><\/p>\n<p>\n          Anders Heger (69) og Erik Fosnes Hansen (60). Foto: Bj\u00f8rn Langsem\/Dagbladet\n      <\/p>\n<p>Da\u00a0Jacobsen\u00a0startet bokserien om Barr\u00f8y med \u00abDe usynlige\u00bb i 2013, sa han at han var opptatt av \u00e5 si noe om gammel kunnskap som er p\u00e5 vei bort. Kystmenn og kystkvinner sto i litt av et slit som l\u00e6rte dem uendelig mye om v\u00e6ret, matauk \u2013 og om fisk.<\/p>\n<p>I 2020 kom \u2013 litt overraskende \u2013 en fjerde bok med tittelen \u00abBare en Mor\u00bb.<\/p>\n<p>          <img loading=\"lazy\" decoding=\"async\" src=\"https:\/\/www.europesays.com\/no\/wp-content\/uploads\/2025\/10\/83788763.webp\" width=\"686\" height=\"542\" title=\"Edvard Hoem. (76). Foto: Bj\u00f8rn Langsem\/Dagbladet\" alt=\"\" class=\"\" style=\"--aspect-ratio-image: 1.27; \"\/><\/p>\n<p>\n          Edvard Hoem. (76). Foto: Bj\u00f8rn Langsem\/Dagbladet\n      <\/p>\n<p>\u2013 Det handler om hovedpersonen, at jeg ikke klarer \u00e5 slippe den dama. Ingrid er ikke bare en smart og interessant person \u00e5 skrive om, ogs\u00e5 tiden hun lever i, lokker meg, sa\u00a0Roy\u00a0Jacobsen\u00a0til NTB om bakgrunnen for den fjerde boka. Han la til:<\/p>\n<p>          <img loading=\"lazy\" decoding=\"async\" src=\"https:\/\/www.europesays.com\/no\/wp-content\/uploads\/2025\/10\/83788767.webp\" width=\"686\" height=\"549\" title=\"Erlend Loe (56). Foto: Bj\u00f8rn Langsem\/Dagbladet\" alt=\"\" class=\"\" style=\"--aspect-ratio-image: 1.25; \"\/><\/p>\n<p>\n          Erlend Loe (56). Foto: Bj\u00f8rn Langsem\/Dagbladet\n      <\/p>\n<p>\u2013 I s\u00e5 mange \u00e5r overtok man forelderens kunnskap og yrker, men dette snudde dramatisk etter krigen. Jeg hadde ingenting \u00e5 l\u00e6re av mine foreldre n\u00e5r det gjelder min yrkesvei, og jeg har ingenting \u00e5 komme med til mine barn og barnebarn om det de skal tilegne seg av kunnskaper om nettet og teknologi. Manuelt arbeid g\u00e5r ikke lenger i arv, vi kom ut av krigen og r\u00f8yk rett inn i noe som var veldig komplisert og omveltende: Moderniteten.<\/p>\n<p>          <img loading=\"lazy\" decoding=\"async\" src=\"https:\/\/www.europesays.com\/no\/wp-content\/uploads\/2025\/10\/83788772.webp\" width=\"980\" height=\"559\" title=\"Anders Heger og Tor Bomann-Larsen (74). Foto: Bj\u00f8rn Langsem\/Dagbladet\" alt=\"\" class=\"\" style=\"--aspect-ratio-image: 1.75; \"\/><\/p>\n<p>\n          Anders Heger og Tor Bomann-Larsen (74). Foto: Bj\u00f8rn Langsem\/Dagbladet\n      <\/p>\n<p>Ogs\u00e5 internasjonalt har\u00a0Roy\u00a0Jacobsen\u00a0en h\u00f8y stjerne. Financial Times omtalte \u00abDe usynlige\u00bb som \u00abblunt and briljant\u00bb, if\u00f8lge Riley.<\/p>\n<p>\u2013 En sjeldent presis formulering som kan gjelde mye av forfatterskapet, uten at den p\u00e5 noen m\u00e5te oppsummerer det hele. For oss i forlaget var\u00a0Roy\u00a0en samtalepartner og en god venn, en som kom med bokanbefalinger, likte uenighet og en god diskusjon, ofte sendte meldinger fra sine mange reiser og var herlig \u00e5 snakke med og le sammen med, sier Riley i Cappelen Damm.<\/p>\n<p>          <img loading=\"lazy\" decoding=\"async\" src=\"https:\/\/www.europesays.com\/no\/wp-content\/uploads\/2025\/10\/83788780.webp\" width=\"686\" height=\"632\" title=\"Vetle Lid Larssen (65). Foto: Bj\u00f8rn Langsem\/Dagbladet\" alt=\"\" class=\"\" style=\"--aspect-ratio-image: 1.09; \"\/><\/p>\n<p>\n          Vetle Lid Larssen (65). Foto: Bj\u00f8rn Langsem\/Dagbladet\n      <\/p>\n<p>Roy\u00a0Jacobsen\u00a0har mottatt det meste av litter\u00e6re priser, blant annet Tarjei Vesaas&#8217; debutantpris, Kritikerprisen, Ungdommens Kritikerpris, Riksm\u00e5lsprisen, Bokhandlerprisen, Gyldendalprisen, og han ble to ganger nominert til Nordisk r\u00e5ds litteraturpris.<\/p>\n<p>          <img loading=\"lazy\" decoding=\"async\" src=\"https:\/\/www.europesays.com\/no\/wp-content\/uploads\/2025\/10\/83788887.webp\" width=\"686\" height=\"741\" title=\"Raymond Johansen (64). Foto: Bj\u00f8rn Langsem\/Dagbladet\" alt=\"\" class=\"\" style=\"--aspect-ratio-image: 0.93; \"\/><\/p>\n<p>\n          Raymond Johansen (64). Foto: Bj\u00f8rn Langsem\/Dagbladet\n      <\/p>\n<p>I 2017 ble\u00a0Roy\u00a0Jacobsen\u00a0shortlistet til The Man Booker International Prize for \u00abDe usynlige\u00bb som den f\u00f8rste norske forfatter noensinne. I 2023 ble\u00a0Jacobsen\u00a0tildelt St. Olavs Orden for \u00absitt enest\u00e5ende forfatterskap\u00bb.<\/p>\n<p>          <img loading=\"lazy\" decoding=\"async\" src=\"https:\/\/www.europesays.com\/no\/wp-content\/uploads\/2025\/10\/83788899.webp\" width=\"686\" height=\"728\" title=\"Juni Dahr (72). Foto: Bj\u00f8rn Langsem\/Dagbladet\" alt=\"\" class=\"\" style=\"--aspect-ratio-image: 0.94; \"\/><\/p>\n<p>\n          Juni Dahr (72). Foto: Bj\u00f8rn Langsem\/Dagbladet\n      <\/p>\n<p>Debuten kom i 1982 med novellesamlingen \u00abFangeliv\u00bb, som han alts\u00e5 fikk debutantprisen for. Men det var med generasjonsromanen \u00abSeierherrene\u00bb (1991) han fikk sitt store gjennombrudd.<\/p>\n<p>          <img loading=\"lazy\" decoding=\"async\" src=\"https:\/\/www.europesays.com\/no\/wp-content\/uploads\/2025\/10\/83788920.webp\" width=\"686\" height=\"714\" title=\"Siss Vik (54). Foto: NTB\" alt=\"\" class=\"\" style=\"--aspect-ratio-image: 0.96; \"\/><\/p>\n<p>\n          Siss Vik (54). Foto: NTB\n      <\/p>\n<p>Andre sentrale verk er \u00abVidunderbarn\u00bb (2009), \u00abDe usynlige\u00bb (2013), \u00abHvitt hav\u00bb (2015), \u00abRigels \u00f8yne\u00bb (2017) og \u00abBare en mor\u00bb (2020).<\/p>\n<p>          <img loading=\"lazy\" decoding=\"async\" src=\"https:\/\/www.europesays.com\/no\/wp-content\/uploads\/2025\/10\/83788928.webp\" width=\"686\" height=\"776\" title=\"\u00c5sne Seierstad (55). Foto: Bj\u00f8rn Langsem\/Dagbladet\" alt=\"\" class=\"\" style=\"--aspect-ratio-image: 0.88; \"\/><\/p>\n<p>\n          \u00c5sne Seierstad (55). Foto: Bj\u00f8rn Langsem\/Dagbladet\n      <\/p>\n<p>I 2022 kom romanen \u00abDe uverdige\u00bb om en gjeng gutter og jenter i Oslo under den tyske okkupasjonen.<\/p>\n<p>          <img loading=\"lazy\" decoding=\"async\" src=\"https:\/\/www.europesays.com\/no\/wp-content\/uploads\/2025\/10\/83788931.webp\" width=\"686\" height=\"735\" title=\"Trine Skei Grande (56). Foto: Bj\u00f8rn Langsem\/Dagbladet\" alt=\"\" class=\"\" style=\"--aspect-ratio-image: 0.93; \"\/><\/p>\n<p>\n          Trine Skei Grande (56). Foto: Bj\u00f8rn Langsem\/Dagbladet\n      <\/p>\n<p>S\u00e5 sent som i mars i \u00e5r vant\u00a0Roy\u00a0Jacobsen\u00a0Musikkforleggernes pris for operaen \u00abIngrid fra Barr\u00f8y\u00bb sammen med Gisle Kverndokk og Ivar Emil Tindberg<\/p>\n<p>          <img loading=\"lazy\" decoding=\"async\" src=\"https:\/\/www.europesays.com\/no\/wp-content\/uploads\/2025\/10\/83788959.webp\" width=\"686\" height=\"460\" title=\"Regiss\u00f8r Cathrine Telle (72). Foto: NTB\" alt=\"\" class=\"\" style=\"--aspect-ratio-image: 1.49; \"\/><\/p>\n<p>\n          Regiss\u00f8r Cathrine Telle (72). Foto: NTB\n      <\/p>\n<p>\u2013 Seremonien for\u00a0Roy\u00a0Jacobsen\u00a0er i Oslo domkirke, torsdag 30. oktober klokken 11, og er \u00e5pen for alle, skriver J\u00f8lstad begravelsesbyr\u00e5 i en pressemelding.<\/p>\n<p>\u2013 Seremonien markerer f\u00f8rst og fremst et personlig farvel for\u00a0Roy\u00a0Jacobsens familie, samt hans n\u00e6rmeste venner og kollegaer, skriver begravelsesbyr\u00e5et videre.<\/p>\n<p>        FRIERBREV: Carina Dahl forteller at frierbrevene renner inn. Video: Kine Falch, Nora Skavhaug\/R\u00f8d L\u00f8per<\/p>\n<p>J\u00f8lstad opplyser at\u00a0Jacobsen\u00a0vil bli gravlagt p\u00e5 Nordvik kirkeg\u00e5rd p\u00e5 D\u00f8nna i Nordland. Det vil skje med kun familien til stede.<\/p>\n<p>Jacobsens mor vokste opp p\u00e5 D\u00f8nna, og han har ogs\u00e5 selv bodd der i perioder og har hatt hytte p\u00e5 \u00f8ya p\u00e5 Helgelandskysten.<\/p>\n","protected":false},"excerpt":{"rendered":"Roy\u00a0Jacobsen, en av v\u00e5r tids mest anerkjente, prisbel\u00f8nte og leste forfattere, d\u00f8de 18. oktober &#8211; bare 70 \u00e5r&hellip;\n","protected":false},"author":2,"featured_media":73889,"comment_status":"","ping_status":"","sticky":false,"template":"","format":"standard","meta":{"footnotes":""},"categories":[5],"tags":[20,21,24,25,15,19,479,22,23,17,18,13,30,28,29,14,16,26,27],"class_list":{"0":"post-73888","1":"post","2":"type-post","3":"status-publish","4":"format-standard","5":"has-post-thumbnail","7":"category-overskrifter","8":"tag-breaking-news","9":"tag-breakingnews","10":"tag-featured-news","11":"tag-featurednews","12":"tag-headlines","13":"tag-hovedoppslag","14":"tag-kjendis","15":"tag-latest-news","16":"tag-latestnews","17":"tag-main-news","18":"tag-mainnews","19":"tag-news","20":"tag-no","21":"tag-norge","22":"tag-norway","23":"tag-nyheter","24":"tag-overskrifter","25":"tag-top-stories","26":"tag-topstories"},"share_on_mastodon":{"url":"https:\/\/pubeurope.com\/@no\/115462668866924762","error":""},"_links":{"self":[{"href":"https:\/\/www.europesays.com\/no\/wp-json\/wp\/v2\/posts\/73888","targetHints":{"allow":["GET"]}}],"collection":[{"href":"https:\/\/www.europesays.com\/no\/wp-json\/wp\/v2\/posts"}],"about":[{"href":"https:\/\/www.europesays.com\/no\/wp-json\/wp\/v2\/types\/post"}],"author":[{"embeddable":true,"href":"https:\/\/www.europesays.com\/no\/wp-json\/wp\/v2\/users\/2"}],"replies":[{"embeddable":true,"href":"https:\/\/www.europesays.com\/no\/wp-json\/wp\/v2\/comments?post=73888"}],"version-history":[{"count":0,"href":"https:\/\/www.europesays.com\/no\/wp-json\/wp\/v2\/posts\/73888\/revisions"}],"wp:featuredmedia":[{"embeddable":true,"href":"https:\/\/www.europesays.com\/no\/wp-json\/wp\/v2\/media\/73889"}],"wp:attachment":[{"href":"https:\/\/www.europesays.com\/no\/wp-json\/wp\/v2\/media?parent=73888"}],"wp:term":[{"taxonomy":"category","embeddable":true,"href":"https:\/\/www.europesays.com\/no\/wp-json\/wp\/v2\/categories?post=73888"},{"taxonomy":"post_tag","embeddable":true,"href":"https:\/\/www.europesays.com\/no\/wp-json\/wp\/v2\/tags?post=73888"}],"curies":[{"name":"wp","href":"https:\/\/api.w.org\/{rel}","templated":true}]}}