{"id":73890,"date":"2025-10-30T10:34:08","date_gmt":"2025-10-30T10:34:08","guid":{"rendered":"https:\/\/www.europesays.com\/no\/73890\/"},"modified":"2025-10-30T10:34:08","modified_gmt":"2025-10-30T10:34:08","slug":"real-madrid-krever-40-milliarder-i-erstatning-fra-uefa-etter-betent-superligakrangel","status":"publish","type":"post","link":"https:\/\/www.europesays.com\/no\/73890\/","title":{"rendered":"Real Madrid krever 40 milliarder i erstatning fra Uefa etter betent superligakrangel"},"content":{"rendered":"\n<p class=\"_lead_o9xde_2 _lead_xtcu6_50 layout-component text-serif-m layout-normal text-serif-l layout-component layout-wide layout-padded _wide_17hqh_1 layout-padded\">Real Madrid og selskapet A22 ber om at Det europeiske fotballforbundet (Uefa) punger ut 4 milliarder dollar etter en avgj\u00f8relse i en spansk domstol, melder AFP.<\/p>\n<p><img alt=\"Real Madrid vil ha mange milliarder i erstatning etter Superliga-krangelen med Uefa. Florentino P\u00e9rez (avbildet) er klubbpresident.  Foto: Fran\u00e7ois Mori, File \/ AP \/ NTB\" class=\"_image_qp4xg_65 layout-component layout-wide\" data-fullscreen- data-track-element-type=\"Article image fullscreen\" data-track-name=\"ImageFullscreen\" fetchpriority=\"high\" decoding=\"sync\" loading=\"eager\" height=\"2227\" itemprop=\"image\"  src=\"https:\/\/www.europesays.com\/no\/wp-content\/uploads\/2025\/10\/e9b844e4-76b4-4395-9d28-4afddd478ad9\"  style=\"object-position:0% 0%\" width=\"3341\"\/>Real Madrid vil ha mange milliarder i erstatning etter Superliga-krangelen med Uefa. Florentino P\u00e9rez (avbildet) er klubbpresident.  Foto: Fran\u00e7ois Mori, File \/ AP \/ NTB<\/p>\n<ul aria-hidden=\"true\" class=\"_images_18f0k_111\">\n<li><a class=\"_link_18f0k_116\" href=\"https:\/\/www.vg.no\/forfatter\/ntb\" style=\"z-index:1\" title=\"NTB\" rel=\"nofollow noopener\" target=\"_blank\"><img alt=\"Bilde av NTB\" class=\"_image_18f0k_93\" fetchpriority=\"low\" loading=\"lazy\" decoding=\"async\" itemprop=\"image\"  src=\"https:\/\/www.europesays.com\/no\/wp-content\/uploads\/2025\/10\/1761820448_562_c33980b0-5d07-4027-84a1-813f90a7c8d6\"  width=\"480\"\/><\/a><\/li>\n<\/ul>\n<p> Oppdatert torsdag 30. oktober kl. 10:49     <\/p>\n<p class=\"_paragraph_o9xde_4 _paragraph_xtcu6_10 layout-component text-serif-m layout-normal text-serif-m layout-padded\">Saken er basert p\u00e5 en avgj\u00f8relse i EU-domstolen i Luxembourg i 2023. Der ble det konkludert med at Uefa og Det internasjonale fotballforbundet (Fifa) br\u00f8t EUs konkurranselovgivning da de blokkerte superligaplanene.<\/p>\n<p class=\"_paragraph_o9xde_4 _paragraph_xtcu6_10 layout-component text-serif-m layout-normal text-serif-m layout-padded\">Uefa har siden anket den avgj\u00f8relsen, f\u00f8r en domstol i Madrid onsdag kom til samme beslutning.<\/p>\n<p class=\"_paragraph_o9xde_4 _paragraph_xtcu6_10 layout-component text-serif-m layout-normal text-serif-m layout-padded\">I etterkant publiserte Real Madrid en uttalelse der klubben var tydelig p\u00e5 at den ville s\u00f8ke erstatning etter alle \u00e5rene med krangling.<\/p>\n<p class=\"_paragraph_o9xde_4 _paragraph_xtcu6_10 layout-component text-serif-m layout-normal text-serif-m layout-padded\">Torsdag f\u00e5r nyhetsbyr\u00e5et AFP opplyst at summen Real Madrid og superligaeier A22 s\u00f8ker, er p\u00e5 40 milliarder kroner. Summen er ikke bekreftet fra offisielt hold.<\/p>\n<p class=\"_paragraph_o9xde_4 _paragraph_xtcu6_10 layout-component text-serif-m layout-normal text-serif-m layout-padded\">I 2021 varslet Uefa at alle klubber som sluttet seg til planene om en europeisk superliga, ville bli kastet ut av alle turneringer i Uefas system. Mange klubber som hadde meldt sin interesse, valgte i etterkant \u00e5 hoppe av.<\/p>\n<p class=\"_paragraph_o9xde_4 _paragraph_xtcu6_10 layout-component text-serif-m layout-normal text-serif-m layout-padded\">Det skapte en strid som enn\u00e5 ikke har kj\u00f8lnet.<\/p>\n","protected":false},"excerpt":{"rendered":"Real Madrid og selskapet A22 ber om at Det europeiske fotballforbundet (Uefa) punger ut 4 milliarder dollar etter&hellip;\n","protected":false},"author":2,"featured_media":73891,"comment_status":"","ping_status":"","sticky":false,"template":"","format":"standard","meta":{"footnotes":""},"categories":[59],"tags":[30,28,29,2499,83,82,10253,587],"class_list":{"0":"post-73890","1":"post","2":"type-post","3":"status-publish","4":"format-standard","5":"has-post-thumbnail","7":"category-sport","8":"tag-no","9":"tag-norge","10":"tag-norway","11":"tag-real-madrid-cf","12":"tag-sport","13":"tag-sports","14":"tag-super-league","15":"tag-uefa"},"share_on_mastodon":{"url":"https:\/\/pubeurope.com\/@no\/115462672450906533","error":""},"_links":{"self":[{"href":"https:\/\/www.europesays.com\/no\/wp-json\/wp\/v2\/posts\/73890","targetHints":{"allow":["GET"]}}],"collection":[{"href":"https:\/\/www.europesays.com\/no\/wp-json\/wp\/v2\/posts"}],"about":[{"href":"https:\/\/www.europesays.com\/no\/wp-json\/wp\/v2\/types\/post"}],"author":[{"embeddable":true,"href":"https:\/\/www.europesays.com\/no\/wp-json\/wp\/v2\/users\/2"}],"replies":[{"embeddable":true,"href":"https:\/\/www.europesays.com\/no\/wp-json\/wp\/v2\/comments?post=73890"}],"version-history":[{"count":0,"href":"https:\/\/www.europesays.com\/no\/wp-json\/wp\/v2\/posts\/73890\/revisions"}],"wp:featuredmedia":[{"embeddable":true,"href":"https:\/\/www.europesays.com\/no\/wp-json\/wp\/v2\/media\/73891"}],"wp:attachment":[{"href":"https:\/\/www.europesays.com\/no\/wp-json\/wp\/v2\/media?parent=73890"}],"wp:term":[{"taxonomy":"category","embeddable":true,"href":"https:\/\/www.europesays.com\/no\/wp-json\/wp\/v2\/categories?post=73890"},{"taxonomy":"post_tag","embeddable":true,"href":"https:\/\/www.europesays.com\/no\/wp-json\/wp\/v2\/tags?post=73890"}],"curies":[{"name":"wp","href":"https:\/\/api.w.org\/{rel}","templated":true}]}}