{"id":73903,"date":"2025-10-30T10:46:20","date_gmt":"2025-10-30T10:46:20","guid":{"rendered":"https:\/\/www.europesays.com\/no\/73903\/"},"modified":"2025-10-30T10:46:20","modified_gmt":"2025-10-30T10:46:20","slug":"ut-mot-equinor-nm-i-bortforklaring","status":"publish","type":"post","link":"https:\/\/www.europesays.com\/no\/73903\/","title":{"rendered":"Ut mot Equinor: \u2013 NM i bortforklaring"},"content":{"rendered":"\n<ul class=\"_list_o9xde_3 _list_64s2r_85 _unordered_o9xde_106 text-sans-m\">\n<li class=\"_item_o9xde_30\">Mimir Kristjansson (R\u00f8dt)  kaller Equinors forklaring om deres ansvar for innleide arbeidere \u00abnorgesmesterskap i bortforklaring og ansvarsfraskrivelse\u00bb.<\/li>\n<li class=\"_item_o9xde_30\">Innleide arbeidere har hatt kontrakter jurister konkluderer med at har v\u00e6rt ulovlige.<\/li>\n<li class=\"_item_o9xde_30\">Advokater og forskere st\u00f8tter Kristjanssons kritikk og mener Equinor m\u00e5 ta st\u00f8rre ansvar.<\/li>\n<li class=\"_item_o9xde_30\">Equinor har sagt at de forutsetter at alle deres undereleverand\u00f8rer f\u00f8lger norske lover.<\/li>\n<\/ul>\n<p>Vis mer <\/p>\n<p class=\"_paragraph_o9xde_4 _paragraph_xtcu6_10 layout-component text-serif-m layout-normal text-serif-m layout-padded\">\u2013 Dette er norgesmesterskap i bortforklaring og ansvarsfraskrivelse, sier stortingsrepresentant Mimir Kristjansson (R\u00f8dt).<\/p>\n<p class=\"_paragraph_o9xde_4 _paragraph_xtcu6_10 layout-component text-serif-m layout-normal text-serif-m layout-padded\">Han reagerer p\u00e5 <a href=\"https:\/\/www.vg.no\/tag\/equinor?utm_source=vg-article&amp;utm_medium=auto-tagger&amp;utm_campaign=63pB0o\" class=\"_link_o9xde_39\" rel=\"nofollow noopener\" target=\"_blank\">Equinors<\/a> svar etter at <a href=\"https:\/\/www.vg.no\/nyheter\/i\/zAWGo1\/vg-avsloerer-omfattende-bruk-av-korte-kontrakter-paa-equinor-anlegg-jurister-mener-de-er-ulovlige\" data-track-element-type=\"Link\" data-track-id=\"link:zAWGo1\" class=\"_link_o9xde_39\" rel=\"nofollow noopener\" target=\"_blank\">VG har avdekket omfattende bruk av arbeidskontrakter som eksperter kaller ulovlige<\/a> blant innleide arbeidere p\u00e5 Equinors anlegg. <\/p>\n<p class=\"_paragraph_o9xde_4 _paragraph_xtcu6_10 layout-component text-serif-m layout-normal text-serif-m layout-padded\">R\u00f8dt-partileder Marie Sneve Martinussen er like misforn\u00f8yd.<\/p>\n<p class=\"_paragraph_o9xde_4 _paragraph_xtcu6_10 layout-component text-serif-m layout-normal text-serif-m layout-padded\">\u2013 Equinor er veldig gode p\u00e5 \u00e5 peke nedover i kjeden p\u00e5 andre. Men til syvende og sist er det Equinor som har ansvaret, sier Martinussen.<\/p>\n<p><img alt=\"R\u00f8dt-leder Marie Sneve Martinussen og stortingsrepresentant Mimir Kristjansson.   Foto: Maren Franksdatter Skovrand \/ VG\" class=\"_image_qp4xg_65 layout-component layout-normal\" data-fullscreen- data-track-element-type=\"Article image fullscreen\" data-track-name=\"ImageFullscreen\" decoding=\"async\" loading=\"lazy\" height=\"4480\" itemprop=\"image\"  src=\"https:\/\/www.europesays.com\/no\/wp-content\/uploads\/2025\/10\/97b41174-cef0-4c1e-9fe2-4d373fbbda3d\"  style=\"object-position:0% 0%\" width=\"6720\"\/>R\u00f8dt-leder Marie Sneve Martinussen og stortingsrepresentant Mimir Kristjansson.   Foto: Maren Franksdatter Skovrand \/ VG<\/p>\n<p class=\"_paragraph_o9xde_4 _paragraph_xtcu6_10 layout-component text-serif-m layout-normal text-serif-m layout-padded\">Advokater som har vurdert arbeidskontraktene til arbeiderne, mener reglene i arbeidslivet settes til side og at de utenlandske arbeiderne i realiteten gj\u00f8res til l\u00f8sarbeiderel\u00f8sarbeidereEt begrep som brukes for \u00e5 beskrive arbeidslivet til mange i gamle dager, hvor du m\u00f8tte opp p\u00e5 havna eller p\u00e5 en byggeplass, og kun fikk jobb &#8211; og l\u00f8nn &#8211; om arbeidsgiveren hadde behov for deg den dagen. .<\/p>\n<p class=\"_paragraph_o9xde_4 _paragraph_xtcu6_10 layout-component text-serif-m layout-normal text-serif-m layout-padded\">Heller enn \u00e5 ha fast jobb i bunn, som er lovens hovedregel, f\u00e5r noen av arbeiderne kontrakter p\u00e5 fem uker, gang etter gang.<\/p>\n<p class=\"_paragraph_o9xde_4 _paragraph_xtcu6_10 layout-component text-serif-m layout-normal text-serif-m layout-padded\">Da kan bemanningsbyr\u00e5etbemanningsbyr\u00e5etEt selskap som ansetter arbeidere og leier dem ut til andre selskaper for midlertidige oppdrag. droppe dem i det \u00f8yeblikket de er ferdig p\u00e5 en utleieturutleieturArbeiderne VG har snakket med, jobber i s\u00e5kalt \u00abrotasjon\u00bb. Det vil si at de jobber intensivt en periode, for eksempel 14 dager p\u00e5 rad med 12-timersvakter. Deretter har de en lengre friperiode, ofte tre uker.<\/p>\n<p>Til sammen varer en slik rotasjon fem uker., om de ikke f\u00e5r leid dem ut igjen.<\/p>\n<p class=\"_paragraph_o9xde_4 _paragraph_xtcu6_10 layout-component text-serif-m layout-normal text-serif-m layout-padded\">Arbeidere g\u00e5r ogs\u00e5 i m\u00e5nedsvis uten l\u00f8nn \u2013 og mister andre viktige rettigheter. <\/p>\n<p><img alt=\"Arbeidere p\u00e5 vei til nattskift p\u00e5 Equinors anlegg p\u00e5 Melk\u00f8ya.   Foto: J\u00f8rgen Braastad \/ VG\" class=\"_image_qp4xg_65 layout-component layout-normal\" data-fullscreen- data-track-element-type=\"Article image fullscreen\" data-track-name=\"ImageFullscreen\" decoding=\"async\" loading=\"lazy\" height=\"5464\" itemprop=\"image\"  src=\"https:\/\/www.europesays.com\/no\/wp-content\/uploads\/2025\/10\/c7603327-ea07-49c5-aedd-4099e4b2d0ae\"  style=\"object-position:0% 0%\" width=\"8192\"\/>Arbeidere p\u00e5 vei til nattskift p\u00e5 Equinors anlegg p\u00e5 Melk\u00f8ya.   Foto: J\u00f8rgen Braastad \/ VG Reagerer p\u00e5 Equinors forklaring<\/p>\n<p class=\"_paragraph_o9xde_4 _paragraph_xtcu6_10 layout-component text-serif-m layout-normal text-serif-m layout-padded\">Equinor sa s\u00f8ndag til VG at de tok funnene p\u00e5 alvor og ville f\u00f8lge dem opp. <\/p>\n<p class=\"_paragraph_o9xde_4 _paragraph_xtcu6_10 layout-component text-serif-m layout-normal text-serif-m layout-padded\">P\u00e5 sp\u00f8rsm\u00e5l fra VG om advokatenes konklusjon om at det jobber l\u00f8sarbeidere p\u00e5 deres anlegg, svarte Equinor:<\/p>\n<p class=\"_paragraph_o9xde_4 _paragraph_xtcu6_10 layout-component text-serif-m layout-normal text-serif-m layout-padded\">\u2013 Vi forutsetter at alle ansettelsesavtaler skal v\u00e6re i samsvar med norske lover og regler.<\/p>\n<p class=\"_paragraph_o9xde_4 _paragraph_xtcu6_10 layout-component text-serif-m layout-normal text-serif-m layout-padded\">Selskapets talsperson svarte ogs\u00e5 f\u00f8lgende:<\/p>\n<ul class=\"_list_o9xde_3 _list_xtcu6_9 _unordered_o9xde_106 layout-component text-serif-m layout-normal text-serif-m layout-padded\">\n<li class=\"_item_o9xde_30\">Hun p\u00e5pekte at det ikke er Equinor som leier inn arbeiderne. De som leier arbeidere, er selskaper Equinor har satt ut oppdrag til.<\/li>\n<li class=\"_item_o9xde_30\">Hverken underleverand\u00f8reneunderleverand\u00f8reneEquinor hyrer inn mange selskaper til \u00e5 utf\u00f8re jobber for seg. Disse selskapene kan ogs\u00e5 igjen hyre inn nye selskaper. til Equinor eller andre hadde tatt opp bekymringer for ulovlige arbeidskontrakter f\u00f8r VG tok kontakt.<\/li>\n<li class=\"_item_o9xde_30\">Hovedleverand\u00f8renHovedleverand\u00f8renHovedleverand\u00f8r betyr selskapet Equinor har hyret inn for \u00e5 gj\u00f8re mye av vedlikeholdet og driften ved sine anlegg.  er den som \u00abhar ansvaret for at kontrakten er i tr\u00e5d med Equinors standarder og relevante regler og lover\u00bb. <\/li>\n<\/ul>\n<p class=\"_paragraph_o9xde_4 _paragraph_xtcu6_10 layout-component text-serif-m layout-normal text-serif-m layout-padded\">Etter et sp\u00f8rsm\u00e5l fra VG, modererte Equinor sitt svar om det siste punktet noe:<\/p>\n<p class=\"_paragraph_o9xde_4 _paragraph_xtcu6_10 layout-component text-serif-m layout-normal text-serif-m layout-padded\">\u2013 Det er leverand\u00f8rens overordnede ansvar, men vi har et p\u00e5seansvarp\u00e5seansvarP\u00e5seansvar betyr at selskaper som Equinor har et ansvar for \u00e5 p\u00e5se at alt g\u00e5r riktig for seg p\u00e5 deres anlegg, ogs\u00e5 hos selskapene som er hyret inn for \u00e5 jobbe der., sa talsperson Ellen Maria Skj\u00e6lsbek. <\/p>\n<p><img decoding=\"async\" alt=\"Bilde av Ellen Maria Skjelsb\u00e6k\" class=\"_image_ygndg_42\" height=\"23\" itemprop=\"image\" loading=\"lazy\"  src=\"https:\/\/www.europesays.com\/no\/wp-content\/uploads\/2025\/10\/13624e7b-5955-41dc-bd35-2bd0dce2773d\"  width=\"40\"\/><strong class=\"_name_ygndg_51 title-serif-xs\">Ellen Maria Skjelsb\u00e6k<\/strong><\/p>\n<p class=\"_paragraph_o9xde_4 text-sans-m _description_ygndg_56\">Talsperson for Equinor<\/p>\n<p class=\"_paragraph_o9xde_4 _paragraph_xtcu6_10 layout-component text-serif-m layout-normal text-serif-m layout-padded\">Hun la s\u00e5 til at Equinor ikke f\u00e5r se ansettelsesavtaler, blant annet p\u00e5 grunn av personvernet. Unntaket er om det gj\u00f8res planlagete unders\u00f8kelser som handler om arbeidsforhold.<\/p>\n<p> R\u00f8dt: Lukker \u00f8ynene<\/p>\n<p class=\"_paragraph_o9xde_4 _paragraph_xtcu6_10 layout-component text-serif-m layout-normal text-serif-m layout-padded\">\u2013 Jeg opplever at man lukker \u00f8ynene og skylder p\u00e5 underleverand\u00f8rer, sier Kristjansson.<\/p>\n<p class=\"_paragraph_o9xde_4 _paragraph_xtcu6_10 layout-component text-serif-m layout-normal text-serif-m layout-padded\">Han mener Equinors forklaring er uakseptabel uansett hvordan man vrir og vender p\u00e5 det.<\/p>\n<p class=\"_paragraph_o9xde_4 _paragraph_xtcu6_10 layout-component text-serif-m layout-normal text-serif-m layout-padded\">\u2013 Det er allerede en granskning i gang p\u00e5 Melk\u00f8ya. Men N\u00e6ringsdepartementet m\u00e5 f\u00e5 kalt inn Equinor p\u00e5 teppet, og f\u00e5 tatt grep om situasjonen, for det kommer sak p\u00e5 sak p\u00e5 sak. VG har i flere saker avsl\u00f8rt store sikkerhetsproblemer ved anleggene. Det er vanskelig \u00e5 ikke se det i sammeheng med denne type arbeidssituasjoner, sier Kristjansson.<\/p>\n<p class=\"_paragraph_o9xde_4 _paragraph_xtcu6_10 layout-component text-serif-m layout-normal text-serif-m layout-padded\">\u2013 Dette er ekte arbeidsfolk som st\u00e5r i en l\u00f8sarbeidersituasjon. \u00c5 f\u00e5 ryddet opp i det raskt er det viktigste. Det m\u00e5 Equinor gj\u00f8re, sier Martinussen.<\/p>\n<p> Markus Tobiassen<\/p>\n<p class=\"text-sans-s\">Journalist<\/p>\n<p><img decoding=\"async\" alt=\"Markus Tobiassen\" class=\"_image_uv074_179\" src=\"https:\/\/www.europesays.com\/no\/wp-content\/uploads\/2025\/10\/1761821179_873_039e383b-db02-4a08-b565-5686b27a1fc4\" width=\"480\"\/>Martin S. Folkvord<\/p>\n<p class=\"text-sans-s\">Journalist<\/p>\n<p><img decoding=\"async\" alt=\"Martin S. Folkvord\" class=\"_image_uv074_179\" src=\"https:\/\/www.europesays.com\/no\/wp-content\/uploads\/2025\/10\/1761821179_587_fbf0e45f-2002-4701-9ff7-f2b359f93462\" width=\"480\"\/>Kontakt Martin S. Folkvord Fellesforbundet: \u2013 Flaut<\/p>\n<p class=\"_paragraph_o9xde_4 _paragraph_xtcu6_10 layout-component text-serif-m layout-normal text-serif-m layout-padded\">SV-nestleder Lars Haltbrekken er like kritisk:<\/p>\n<p class=\"_paragraph_o9xde_4 _paragraph_xtcu6_10 layout-component text-serif-m layout-normal text-serif-m layout-padded\">\u2013 Jeg synes det er skremmende at et statlig eid oljeselskap ikke tar st\u00f8rre ansvar for det som skjer hos deres underleverand\u00f8rer, sier Haltbrekken til VG.<\/p>\n<p class=\"_paragraph_o9xde_4 _paragraph_xtcu6_10 layout-component text-serif-m layout-normal text-serif-m layout-padded\">\u2013 Equinor setter som forutsetning i kontraktene med sine underleverand\u00f8rer at de f\u00f8lger lover og regler. Er ikke det nok?<\/p>\n<p class=\"_paragraph_o9xde_4 _paragraph_xtcu6_10 layout-component text-serif-m layout-normal text-serif-m layout-padded\">\u2013 Men da m\u00e5 de jo sjekke at kravet deres faktisk f\u00f8lges! Det kan ikke v\u00e6re opp til VG \u00e5 gj\u00f8re den sjekken.<\/p>\n<p><img decoding=\"async\" alt=\"Bilde av Lars Haltbrekken\" class=\"_image_ygndg_42\" height=\"27\" itemprop=\"image\" loading=\"lazy\"  src=\"https:\/\/www.europesays.com\/no\/wp-content\/uploads\/2025\/10\/2b9cd5b8-9593-4c41-9d9a-eb932f0dfe35\"  width=\"40\"\/><strong class=\"_name_ygndg_51 title-serif-xs\">Lars Haltbrekken<\/strong><\/p>\n<p class=\"_paragraph_o9xde_4 text-sans-m _description_ygndg_56\">Nestleder i SV<\/p>\n<p class=\"_paragraph_o9xde_4 _paragraph_xtcu6_10 layout-component text-serif-m layout-normal text-serif-m layout-padded\">Ogs\u00e5 Fellesforbundets leder Christian Justnes er lite imponert over Equinor.<\/p>\n<p class=\"_paragraph_o9xde_4 _paragraph_xtcu6_10 layout-component text-serif-m layout-normal text-serif-m layout-padded\">\u2013 Det m\u00e5 v\u00e6re ganske flaut for Equinor. De av alle burde jo ha ressurser og kompetanse til \u00e5 s\u00f8rge for at ting g\u00e5r ordentlig for seg p\u00e5 deres anlegg. Og her er det jo ikke veldig komplisert \u2013 slik jeg forst\u00e5r det, kunne de funnet ut av dette bare ved \u00e5 se p\u00e5 kontraktene.<\/p>\n<p><img decoding=\"async\" alt=\"Bilde av Christian Justnes\" class=\"_image_ygndg_42\" height=\"27\" itemprop=\"image\" loading=\"lazy\"  src=\"https:\/\/www.europesays.com\/no\/wp-content\/uploads\/2025\/10\/aa120e21-af11-494c-85e6-007ee35109db\"  width=\"40\"\/><strong class=\"_name_ygndg_51 title-serif-xs\">Christian Justnes<\/strong><\/p>\n<p class=\"_paragraph_o9xde_4 text-sans-m _description_ygndg_56\">Leder, Fellesforbundet<\/p>\n<p class=\"_paragraph_o9xde_4 _paragraph_xtcu6_10 layout-component text-serif-m layout-normal text-serif-m layout-padded\">Equinor har sagt til VG at de ikke har tilgang p\u00e5 kontraktene til de ansatte til deres underleverand\u00f8rer, blant annet p\u00e5 grunn av personvern.<\/p>\n<p class=\"_paragraph_o9xde_4 _paragraph_xtcu6_10 layout-component text-serif-m layout-normal text-serif-m layout-padded\">\u2013 Det synes jeg h\u00f8res helt h\u00e5pl\u00f8st ut. Hvis det er leverand\u00f8rer p\u00e5 Equinors anlegg som nekter \u00e5 gi Equinor innsyn i ansettelsesavtaler, s\u00e5 tenker jeg at Equinor burde la v\u00e6re \u00e5 bruke de leverand\u00f8rene. Det m\u00e5 v\u00e6re en klar forutsetning n\u00e5r kontrakten inng\u00e5r at Equinor kan f\u00e5 sjekke l\u00f8nnsvilk\u00e5r og arbeidsforhold. Ellers kan jo ikke Equinor ut\u00f8ve p\u00e5seplikten sin.<\/p>\n<p> Forsker: Alt som skjer er Equinors ansvar<\/p>\n<p class=\"_paragraph_o9xde_4 _paragraph_xtcu6_10 layout-component text-serif-m layout-normal text-serif-m layout-padded\">Stig Ole Johnsen forsker p\u00e5 sikkerhet ved NTNU. <\/p>\n<p class=\"_paragraph_o9xde_4 _paragraph_xtcu6_10 layout-component text-serif-m layout-normal text-serif-m layout-padded\">Johnsen mener det ikke holder \u00e5 forutsette at lover og regler f\u00f8lges. PetroleumslovenPetroleumslovenEn norsk lov som regulerer utvinning og produksjon av olje og gass, inkludert krav til sikkerhet og arbeidsforhold. stiller krav til at Equinor ogs\u00e5 p\u00e5ser og kontrollerer at dette faktisk skjer, forklarer han.<\/p>\n<p class=\"_paragraph_o9xde_4 _paragraph_xtcu6_10 layout-component text-serif-m layout-normal text-serif-m layout-padded\">Enten m\u00e5 Equinor selv kontrollere at arbeidsavtalene er lovlige, eller s\u00e5 m\u00e5 de f\u00e5 noen til \u00e5 gj\u00f8re det for dem, forklarer Johnsen. <\/p>\n<p class=\"_paragraph_o9xde_4 _paragraph_xtcu6_10 layout-component text-serif-m layout-normal text-serif-m layout-padded\">Han kaller Equinors f\u00f8rste svar uholdbart:<\/p>\n<p class=\"_paragraph_o9xde_4 _paragraph_xtcu6_10 layout-component text-serif-m layout-normal text-serif-m layout-padded\">\u2013 Det er et uholdbart utsagn fordi de har et p\u00e5seansvar for arbeidet som er satt ut og loven krever at de verifiserer at reglene f\u00f8lges. Det m\u00e5 alle i Equinor v\u00e6re klar over, sier han.<\/p>\n<p><img decoding=\"async\" alt=\"Bilde av Stig Ole Johnsen\" class=\"_image_ygndg_42\" height=\"48\" itemprop=\"image\" loading=\"lazy\"  src=\"https:\/\/www.europesays.com\/no\/wp-content\/uploads\/2025\/10\/890b7413-db3b-48de-a096-4f29125a0c1d\"  width=\"40\"\/><strong class=\"_name_ygndg_51 title-serif-xs\">Stig Ole Johnsen<\/strong><\/p>\n<p class=\"_paragraph_o9xde_4 text-sans-m _description_ygndg_56\">Forsker p\u00e5 sikkerhet<\/p>\n<p class=\"_paragraph_o9xde_4 _paragraph_xtcu6_10 layout-component text-serif-m layout-normal text-serif-m layout-padded\">Johnsen sier det er riktigere n\u00e5r Equinor etter sp\u00f8rsm\u00e5l fra VG vedkjenner seg ansvar, men mener de ikke g\u00e5r langt nok i \u00e5 ta konsekvensene av det ansvaret.<\/p>\n<p class=\"_paragraph_o9xde_4 _paragraph_xtcu6_10 layout-component text-serif-m layout-normal text-serif-m layout-padded\">Ogs\u00e5 advokatene som har vurdert arbeidsavtalene, er tydelige p\u00e5 Equinors ansvar:<\/p>\n<p class=\"_paragraph_o9xde_4 _paragraph_xtcu6_10 layout-component text-serif-m layout-normal text-serif-m layout-padded\">\u2013 Equinor har en plikt til \u00e5 v\u00e6re aktsomme det som skjer i sin egen leverand\u00f8rkjede. De skal kartlegge om alle som jobber p\u00e5 deres anlegg har anstendige arbeidsforhold. N\u00e5r det \u00e5penbart ikke er tilfelle, som her, m\u00e5 de pr\u00f8ve \u00e5 p\u00e5virke leverand\u00f8rene til \u00e5 tilby anstendige arbeidsforhold til sine arbeidere, sier advokat Ole Andr\u00e9 Oftebro i F\u00f8yen advokatfirma.<\/p>\n<p>Equinor: \u00abTar p\u00e5 st\u00f8rste alvor\u00bb<\/p>\n<p class=\"_paragraph_o9xde_4 _paragraph_xtcu6_10 layout-component text-serif-m layout-normal text-serif-m layout-padded\">Equinors direkt\u00f8r for landanlegg, Christina Daniela Dreetz, har f\u00e5tt tilsendt kritikken.<\/p>\n<p class=\"_paragraph_o9xde_4 _paragraph_xtcu6_10 layout-component text-serif-m layout-normal text-serif-m layout-padded\">\u00abEquinor skal p\u00e5se at alle som jobber p\u00e5 v\u00e5re anlegg har anstendige arbeidsforhold. P\u00e5standene om ulovlige kontrakter tar vi p\u00e5 st\u00f8rste alvor og hvis forholdene er slik som de omtales er dette ikke akseptabelt\u00bb, skriver hun i en e-post til VG.<\/p>\n<p class=\"_paragraph_o9xde_4 _paragraph_xtcu6_10 layout-component text-serif-m layout-normal text-serif-m layout-padded\">Equinor skal ikke ha ulovlige kontrakter i sin forsyningskjede, skriver Dreetz, og sier at selskapet er i gang med \u00e5 f\u00f8lge opp.<\/p>\n<p class=\"_paragraph_o9xde_4 _paragraph_xtcu6_10 layout-component text-serif-m layout-normal text-serif-m layout-padded\">Videre skriver hun at Equinor er bevisst sitt ansvar.<\/p>\n<p class=\"_paragraph_o9xde_4 _paragraph_xtcu6_10 layout-component text-serif-m layout-normal text-serif-m layout-padded\">\u00abVi f\u00f8lger systematisk opp leverand\u00f8rene gjennom hele kontraktsperiodene med egne kontrakts-team. Her kontrollerer vi temaer som arbeidsmilj\u00f8 og helse, oppf\u00f8lging av underleverand\u00f8rer og menneskerettigheter, som arbeidsforhold.\u00bb<\/p>\n<p class=\"_paragraph_o9xde_4 _paragraph_xtcu6_10 layout-component text-serif-m layout-normal text-serif-m layout-padded\">\u00abI tillegg kan vi, som n\u00e5, gj\u00f8re ekstraordin\u00e6re gjennomganger om det er mistanke om forhold som ikke er i tr\u00e5d med gjeldende regelverk. Det er viktig at problemstillinger eller bekymringer blir l\u00f8ftet og tatt tak i\u00bb, avslutter Dreetz.<\/p>\n","protected":false},"excerpt":{"rendered":"Mimir Kristjansson (R\u00f8dt) kaller Equinors forklaring om deres ansvar for innleide arbeidere \u00abnorgesmesterskap i bortforklaring og ansvarsfraskrivelse\u00bb. Innleide&hellip;\n","protected":false},"author":2,"featured_media":73904,"comment_status":"","ping_status":"","sticky":false,"template":"","format":"standard","meta":{"footnotes":""},"categories":[10],"tags":[20,21,2261,24,25,15,22,23,13,30,28,29,14,16,26,27],"class_list":{"0":"post-73903","1":"post","2":"type-post","3":"status-publish","4":"format-standard","5":"has-post-thumbnail","7":"category-norge","8":"tag-breaking-news","9":"tag-breakingnews","10":"tag-equinor","11":"tag-featured-news","12":"tag-featurednews","13":"tag-headlines","14":"tag-latest-news","15":"tag-latestnews","16":"tag-news","17":"tag-no","18":"tag-norge","19":"tag-norway","20":"tag-nyheter","21":"tag-overskrifter","22":"tag-top-stories","23":"tag-topstories"},"share_on_mastodon":{"url":"https:\/\/pubeurope.com\/@no\/115462719759276287","error":""},"_links":{"self":[{"href":"https:\/\/www.europesays.com\/no\/wp-json\/wp\/v2\/posts\/73903","targetHints":{"allow":["GET"]}}],"collection":[{"href":"https:\/\/www.europesays.com\/no\/wp-json\/wp\/v2\/posts"}],"about":[{"href":"https:\/\/www.europesays.com\/no\/wp-json\/wp\/v2\/types\/post"}],"author":[{"embeddable":true,"href":"https:\/\/www.europesays.com\/no\/wp-json\/wp\/v2\/users\/2"}],"replies":[{"embeddable":true,"href":"https:\/\/www.europesays.com\/no\/wp-json\/wp\/v2\/comments?post=73903"}],"version-history":[{"count":0,"href":"https:\/\/www.europesays.com\/no\/wp-json\/wp\/v2\/posts\/73903\/revisions"}],"wp:featuredmedia":[{"embeddable":true,"href":"https:\/\/www.europesays.com\/no\/wp-json\/wp\/v2\/media\/73904"}],"wp:attachment":[{"href":"https:\/\/www.europesays.com\/no\/wp-json\/wp\/v2\/media?parent=73903"}],"wp:term":[{"taxonomy":"category","embeddable":true,"href":"https:\/\/www.europesays.com\/no\/wp-json\/wp\/v2\/categories?post=73903"},{"taxonomy":"post_tag","embeddable":true,"href":"https:\/\/www.europesays.com\/no\/wp-json\/wp\/v2\/tags?post=73903"}],"curies":[{"name":"wp","href":"https:\/\/api.w.org\/{rel}","templated":true}]}}