{"id":73910,"date":"2025-10-30T11:02:14","date_gmt":"2025-10-30T11:02:14","guid":{"rendered":"https:\/\/www.europesays.com\/no\/73910\/"},"modified":"2025-10-30T11:02:14","modified_gmt":"2025-10-30T11:02:14","slug":"huawei-sjokkerer-konkurrentene-rykte-om-dual-200-mp-kamera-kan-endre-fremtidens-mobilfoto","status":"publish","type":"post","link":"https:\/\/www.europesays.com\/no\/73910\/","title":{"rendered":"Huawei sjokkerer konkurrentene: Rykte om dual 200 MP-kamera kan endre fremtidens mobilfoto"},"content":{"rendered":"<p><strong>1. Et nytt kappl\u00f8p om pikselkraft<\/strong><\/p>\n<p><img loading=\"lazy\" decoding=\"async\" width=\"1024\" height=\"512\" src=\"https:\/\/www.europesays.com\/no\/wp-content\/uploads\/2025\/10\/telefoner-mobil-phone-1024x512.jpg\" alt=\"\" class=\"wp-image-19622\"  \/>shutterstock.com<\/p>\n<p>Huawei forbereder angivelig et kameraeksperiment som kan ryste hele smarttelefonindustrien. If\u00f8lge kinesiske kilder jobber selskapet med en mobil med to 200 megapiksel-sensorer \u2013 en teknologisk rekord som kan endre hvordan vi forst\u00e5r mobilfotografi.<\/p>\n<p><strong>2. Den f\u00f8rste med to 200 MP-sensorer?<\/strong><\/p>\n<p><img loading=\"lazy\" decoding=\"async\" width=\"1024\" height=\"512\" src=\"https:\/\/www.europesays.com\/no\/wp-content\/uploads\/2025\/10\/huawei-logo-1024x512.jpg\" alt=\"\" class=\"wp-image-19623\"  \/>shutterstock.com<\/p>\n<p>Lekkasjonen kommer fra den kjente innsidere Digital Chat Station, som hevder at Huawei tester en modell med b\u00e5de 200 MP hovedkamera og 200 MP telefoto. Hvis det stemmer, blir Huawei den f\u00f8rste produsenten i verden med et slikt oppsett.<\/p>\n<p><strong>3. Pura 90 Ultra kan bli testplattformen<\/strong><\/p>\n<p><img loading=\"lazy\" decoding=\"async\" width=\"1024\" height=\"512\" src=\"https:\/\/www.europesays.com\/no\/wp-content\/uploads\/2025\/10\/Huawei-pura-80-ultra-1024x512-1.jpg\" alt=\"\" class=\"wp-image-19269\"  \/>Shutterstock.com<\/p>\n<p>Alt tyder p\u00e5 at modellen blir Huawei Pura 90 Ultra \u2013 etterf\u00f8lgeren til Pura 80 Ultra, som allerede imponerte med banebrytende bildesensorer. Huawei vil dermed befeste sin rolle som kameraets innovat\u00f8r i en tid der konkurrentene satser p\u00e5 AI-funksjoner.<\/p>\n<p><strong>4. Megapiksler er ikke alt<\/strong><\/p>\n<p><img loading=\"lazy\" decoding=\"async\" width=\"1024\" height=\"512\" src=\"https:\/\/www.europesays.com\/no\/wp-content\/uploads\/2025\/10\/iphone-camera-1024x512-1.jpg\" alt=\"\" class=\"wp-image-18759\"  \/>shutterstock.com<\/p>\n<p>Selv med 200 MP p\u00e5 begge linser handler det ikke bare om oppl\u00f8sning. Det avgj\u00f8rende er bildebehandlingen. Huawei har hatt stor suksess med RYYB-sensorer og avansert pixel binning, som kombinerer data fra flere piksler for lysere bilder med mindre st\u00f8y.<\/p>\n<p><strong>5. Teknologien bak bragden<\/strong><\/p>\n<p><img loading=\"lazy\" decoding=\"async\" width=\"1024\" height=\"512\" src=\"https:\/\/www.europesays.com\/no\/wp-content\/uploads\/2025\/10\/Shutterstock_2274180331-1024x512-1.png\" alt=\"\" class=\"wp-image-19624\"  \/>shutterstock.com<\/p>\n<p>De to sensorene forventes \u00e5 bruke forskjellig optikk \u2013 en bred og en periskopisk tele. Lykkes integrasjonen, kan det gi en hittil usett fleksibilitet: ekstrem detaljrikdom p\u00e5 avstand og perfekt skarphet i n\u00e6rbilder, uten kvalitetstap mellom linsene.<\/p>\n<p><strong>6. Kinas strategi mot Samsung og Apple<\/strong><\/p>\n<p><img loading=\"lazy\" decoding=\"async\" width=\"1024\" height=\"512\" src=\"https:\/\/www.europesays.com\/no\/wp-content\/uploads\/2025\/10\/huawei-apple-samsung-store-butik-logo-1024x512.jpg\" alt=\"\" class=\"wp-image-19625\"  \/>B.Zhou<br \/>\n\/shutterstock.com<\/p>\n<p>Huawei har mistet markedsandeler i Vesten, men dominerer n\u00e5 i Asia. Strategien er tydelig: sl\u00e5 de globale konkurrentene p\u00e5 maskinvare. Mens Samsung satser p\u00e5 brettbare skjermer og Apple p\u00e5 \u00f8kosystemer, satser Huawei p\u00e5 ren kamerakraft.<\/p>\n<p><strong>7. Bransjen holder pusten<\/strong><\/p>\n<p><img loading=\"lazy\" decoding=\"async\" width=\"1024\" height=\"576\" src=\"https:\/\/www.europesays.com\/no\/wp-content\/uploads\/2025\/10\/question-mark-1024x576-1.jpg\" alt=\"\" class=\"wp-image-19553\"  \/>shutterstock.com<\/p>\n<p>Ingen av de store produsentene har bekreftet teknologien, men lekkasjen har satt fart p\u00e5 spekulasjonene. Hvis dual 200 MP blir virkelighet, kan standarden for flaggskip \u00f8ke dramatisk allerede i 2026.<\/p>\n<p><strong>8. En ny \u00e6ra for mobilfotografi<\/strong><\/p>\n<p><img loading=\"lazy\" decoding=\"async\" width=\"1024\" height=\"532\" src=\"https:\/\/www.europesays.com\/no\/wp-content\/uploads\/2025\/10\/Shutterstock_1683635368-1024x532-1.jpg\" alt=\"\" class=\"wp-image-19626\"  \/>shutterstock.com<\/p>\n<p>Smarttelefonkameraet har alltid v\u00e6rt et symbol p\u00e5 teknologisk prestisje. Huawei vet det bedre enn de fleste \u2013 og hvis ryktene stemmer, st\u00e5r vi foran neste kapittel: et kamera som kan gj\u00f8re profesjonelt utstyr overfl\u00f8dig i lomma.<\/p>\n","protected":false},"excerpt":{"rendered":"1. Et nytt kappl\u00f8p om pikselkraft shutterstock.com Huawei forbereder angivelig et kameraeksperiment som kan ryste hele smarttelefonindustrien. If\u00f8lge&hellip;\n","protected":false},"author":2,"featured_media":73911,"comment_status":"","ping_status":"","sticky":false,"template":"","format":"standard","meta":{"footnotes":""},"categories":[57],"tags":[30,28,29,65,63,64,66,70,69,67,68],"class_list":{"0":"post-73910","1":"post","2":"type-post","3":"status-publish","4":"format-standard","5":"has-post-thumbnail","7":"category-vitenskap-og-teknologi","8":"tag-no","9":"tag-norge","10":"tag-norway","11":"tag-science","12":"tag-science-and-technology","13":"tag-scienceandtechnology","14":"tag-technology","15":"tag-teknologi","16":"tag-vitenskap","17":"tag-vitenskap-og-teknologi","18":"tag-vitenskapteknologi"},"share_on_mastodon":{"url":"https:\/\/pubeurope.com\/@no\/115462782622360300","error":""},"_links":{"self":[{"href":"https:\/\/www.europesays.com\/no\/wp-json\/wp\/v2\/posts\/73910","targetHints":{"allow":["GET"]}}],"collection":[{"href":"https:\/\/www.europesays.com\/no\/wp-json\/wp\/v2\/posts"}],"about":[{"href":"https:\/\/www.europesays.com\/no\/wp-json\/wp\/v2\/types\/post"}],"author":[{"embeddable":true,"href":"https:\/\/www.europesays.com\/no\/wp-json\/wp\/v2\/users\/2"}],"replies":[{"embeddable":true,"href":"https:\/\/www.europesays.com\/no\/wp-json\/wp\/v2\/comments?post=73910"}],"version-history":[{"count":0,"href":"https:\/\/www.europesays.com\/no\/wp-json\/wp\/v2\/posts\/73910\/revisions"}],"wp:featuredmedia":[{"embeddable":true,"href":"https:\/\/www.europesays.com\/no\/wp-json\/wp\/v2\/media\/73911"}],"wp:attachment":[{"href":"https:\/\/www.europesays.com\/no\/wp-json\/wp\/v2\/media?parent=73910"}],"wp:term":[{"taxonomy":"category","embeddable":true,"href":"https:\/\/www.europesays.com\/no\/wp-json\/wp\/v2\/categories?post=73910"},{"taxonomy":"post_tag","embeddable":true,"href":"https:\/\/www.europesays.com\/no\/wp-json\/wp\/v2\/tags?post=73910"}],"curies":[{"name":"wp","href":"https:\/\/api.w.org\/{rel}","templated":true}]}}