{"id":73914,"date":"2025-10-30T11:09:40","date_gmt":"2025-10-30T11:09:40","guid":{"rendered":"https:\/\/www.europesays.com\/no\/73914\/"},"modified":"2025-10-30T11:09:40","modified_gmt":"2025-10-30T11:09:40","slug":"det-skyldes-ene-og-alene-sophie-elise","status":"publish","type":"post","link":"https:\/\/www.europesays.com\/no\/73914\/","title":{"rendered":"\u2013 Det skyldes ene og alene Sophie Elise"},"content":{"rendered":"\n<ul class=\"_list_o9xde_3 _list_64s2r_85 _unordered_o9xde_106 text-sans-m\">\n<li class=\"_item_o9xde_30\">Etter at Sophie Elise la ut en gr\u00e5tkvalt story og anbefalte Maja Lundes \u00abSkjerm barna\u00bb, spratt boka til topps p\u00e5 pocketlista.<\/li>\n<li class=\"_item_o9xde_30\">Kagge sier salgsboomen skyldes \u00abene og alene\u00bb Sophie Elise; boka er n\u00e5 utsolgt med over 1000 i bestilling, og Maja Lunde roser at Sophie Elise  bruker stemmen mot for mye skjermbruk.<\/li>\n<\/ul>\n<p>Vis mer <\/p>\n<p class=\"_paragraph_o9xde_4 _paragraph_xtcu6_10 layout-component text-serif-m layout-normal text-serif-m layout-padded\">\u2013 Vi fikk sjokk og trodde det var en feil, sier forlagssjef Tuva \u00d8rbeck S\u00f8rheim i Kagge til VG.<\/p>\n<p class=\"_paragraph_o9xde_4 _paragraph_xtcu6_10 layout-component text-serif-m layout-normal text-serif-m layout-padded\">For helt \u00f8verst p\u00e5 boklista for pocket i forrige uke, l\u00e5 <a href=\"https:\/\/www.vg.no\/tag\/maja-lunde?utm_source=vg-article&amp;utm_medium=auto-tagger&amp;utm_campaign=pPJxPo\" class=\"_link_o9xde_39\" rel=\"nofollow noopener\" target=\"_blank\">Maja Lundes<\/a> <a href=\"https:\/\/www.vg.no\/rampelys\/i\/qP6l7e\/tete-a-tech\" data-track-element-type=\"Link\" data-track-id=\"link:qP6l7e\" class=\"_link_o9xde_39\" rel=\"nofollow noopener\" target=\"_blank\">\u00abSkjerm barna\u00bb<\/a>. Boken fra i fjor kom i august i \u00e5r ut i pocketutgave og har v\u00e6rt innom bestselgerlista p\u00e5 en laber 22., 16. og 19. plass \u2013 f\u00f8r den i forrige uke alts\u00e5 spratt helt opp p\u00e5 f\u00f8rsteplass. <\/p>\n<p class=\"_paragraph_o9xde_4 _paragraph_xtcu6_10 layout-component text-serif-m layout-normal text-serif-m layout-padded\"><strong class=\"_strong_o9xde_25\">\u2013 Det skyldes ene og alene Sophie Elise, sier \u00d8rbeck S\u00f8rheim og fortsetter:<\/strong><\/p>\n<p class=\"_paragraph_o9xde_4 _paragraph_xtcu6_10 layout-component text-serif-m layout-normal text-serif-m layout-padded\">\u2013 Det tok litt tid f\u00f8r vi skj\u00f8nte hvordan det hang sammen. Noen av oss hadde sett at hun hadde anbefalt boken p\u00e5 Instagram, men det var nok etter den litt sinna og offensive videoen p\u00e5 Snapchat at det tok av.<\/p>\n<p class=\"_paragraph_o9xde_4 _paragraph_xtcu6_10 layout-component text-serif-m layout-normal text-serif-m layout-padded\"><strong class=\"_strong_o9xde_25\">\u2013 Det bare rant ut b\u00f8ker. N\u00e5 er vi tomme, helt utsolgt \u2013 og det ligger bestillinger inne p\u00e5 over 1000 b\u00f8ker. S\u00e5 n\u00e5 venter vi p\u00e5 nytt opplag, forteller \u00d8rbeck S\u00f8rheim.<\/strong><\/p>\n<p><img alt=\"Maja Lunde er en av Norges st\u00f8rste internasjonale forfattere \u2013 og fikk stor suksess med \u00abBienes historie\u00bb, f\u00f8rste bok i Klimakvartetten. Hun er oversatt til 40 spr\u00e5k og har solgt mer enn 4 millioner eksemplarer.   Foto: Agnete Brun\" class=\"_image_qp4xg_65 layout-component layout-normal\" data-fullscreen- data-track-element-type=\"Article image fullscreen\" data-track-name=\"ImageFullscreen\" decoding=\"async\" loading=\"lazy\" height=\"1361\" itemprop=\"image\"  src=\"https:\/\/www.europesays.com\/no\/wp-content\/uploads\/2025\/10\/bea1534b-a357-4302-899b-5afbece4c9c5\"  style=\"object-position:0% 0%\" width=\"1412\"\/>Maja Lunde er en av Norges st\u00f8rste internasjonale forfattere \u2013 og fikk stor suksess med \u00abBienes historie\u00bb, f\u00f8rste bok i Klimakvartetten. Hun er oversatt til 40 spr\u00e5k og har solgt mer enn 4 millioner eksemplarer.   Foto: Agnete Brun<\/p>\n<p class=\"_paragraph_o9xde_4 _paragraph_xtcu6_10 layout-component text-serif-m layout-normal text-serif-m layout-padded\">\u00abJeg er helt besatt av denne boken, jeg f\u00f8ler det er din plikt som forelder \u00e5 kj\u00f8pe denne boken enten barnet ditt er 18 \u00e5r eller 8 m\u00e5neder\u00bb, er noe av det influencer Sophie Elise formidlet p\u00e5 sin story.<\/p>\n<p class=\"_paragraph_o9xde_4 _paragraph_xtcu6_10 layout-component text-serif-m layout-normal text-serif-m layout-padded\">Til VG sier hun at det var overraskende at salget av boken tok s\u00e5nn av etter innlegget:<\/p>\n<p><img alt=\"Fra Sophie Elises story p\u00e5 Snapchat.\" class=\"_image_qp4xg_65 layout-component layout-normal\" data-fullscreen- data-track-element-type=\"Article image fullscreen\" data-track-name=\"ImageFullscreen\" decoding=\"async\" loading=\"lazy\" height=\"1479\" itemprop=\"image\"  src=\"https:\/\/www.europesays.com\/no\/wp-content\/uploads\/2025\/10\/23102f7c-0f9f-4f83-90b1-db8bde059b5b\"  style=\"object-position:0% 0%\" width=\"2483\"\/>Fra Sophie Elises story p\u00e5 Snapchat.<\/p>\n<p class=\"_paragraph_o9xde_4 _paragraph_xtcu6_10 layout-component text-serif-m layout-normal text-serif-m layout-padded\">\u2013 Wow, det hadde jeg aldri forventet, jeg pr\u00f8ver \u00e5 unng\u00e5 \u00e5 ta det til meg. Jeg vil jo fortsette \u00e5 anbefale b\u00f8ker i min takt, og p\u00e5 min m\u00e5te, uten \u00e5 tenke at det betyr s\u00e5 mye som det faktisk gj\u00f8r \u2013 jeg vil at anbefalingene mine skal fortsette \u00e5 komme fra hjertet. <\/p>\n<p class=\"_paragraph_o9xde_4 _paragraph_xtcu6_10 layout-component text-serif-m layout-normal text-serif-m layout-padded\"><strong class=\"_strong_o9xde_25\">\u2013 Men herregud, det er j\u00e6vlig g\u00f8y, og uforventet, og det betyr mye mer enn om jeg skulle ha anbefalt en lipgloss det gikk bra med, skriver Sophie Elise i en e-post til VG.<\/strong><\/p>\n<p class=\"_paragraph_o9xde_4 _paragraph_xtcu6_10 layout-component text-serif-m layout-normal text-serif-m layout-padded\">Da hun f\u00e5r h\u00f8re om at det i skrivende stund er utsolgt \u2013 og at over 1000 venter p\u00e5 bestilt bok \u2013 sier hun: <\/p>\n<p class=\"_paragraph_o9xde_4 _paragraph_xtcu6_10 layout-component text-serif-m layout-normal text-serif-m layout-padded\">\u2013 Helt vilt, men den boken fortjener det virkelig. Jeg h\u00e5per alle de 1000 som venter p\u00e5 bestilt bok, anbefaler den videre til alle de kjenner med barn. Det er en viktig bok, som burde ha v\u00e6rt obligatorisk for alle som har omsorg for barn.<\/p>\n<p><img alt=\"Her p\u00e5 Instagram.\" class=\"_image_qp4xg_65 layout-component layout-normal\" data-fullscreen- data-track-element-type=\"Article image fullscreen\" data-track-name=\"ImageFullscreen\" decoding=\"async\" loading=\"lazy\" height=\"1668\" itemprop=\"image\"  src=\"https:\/\/www.europesays.com\/no\/wp-content\/uploads\/2025\/10\/70aacab9-71c6-4145-b6ae-16e59ade97d0\"  style=\"object-position:0% 0%\" width=\"2500\"\/>Her p\u00e5 Instagram.<\/p>\n<p class=\"_paragraph_o9xde_4 _paragraph_xtcu6_10 layout-component text-serif-m layout-normal text-serif-m layout-padded\">Sophie Elise skrev ogs\u00e5 dette i innlegget: <\/p>\n<p class=\"_paragraph_o9xde_4 _paragraph_xtcu6_10 layout-component text-serif-m layout-normal text-serif-m layout-padded\">\u00abJeg blir lei meg, engasjert, motivert og provosert av \u00e5 lese den. Det som skjer med barndommen n\u00e5 er SKUMMELT\u00bb. <\/p>\n<p class=\"_paragraph_o9xde_4 _paragraph_xtcu6_10 layout-component text-serif-m layout-normal text-serif-m layout-padded\">Dessuten la hun til at hun heller vil at du som hennes f\u00f8lger skal slette alle apper, slutte \u00e5 f\u00f8lge henne, samt at hun selv aldri tjener en krone igjen \u2013 enn at s\u00f8nnen hennes skal vokse opp slik verden er n\u00e5. <\/p>\n<p class=\"_paragraph_o9xde_4 _paragraph_xtcu6_10 layout-component text-serif-m layout-normal text-serif-m layout-padded\"><strong class=\"_strong_o9xde_25\">Det er skjermtid og scrolling hun snakker om. Og verdien av \u00e5 faktisk kjede seg som barn: <\/strong><\/p>\n<p class=\"_paragraph_o9xde_4 _paragraph_xtcu6_10 layout-component text-serif-m layout-normal text-serif-m layout-padded\">\u00abN\u00e5r kjedet du deg sist, uten \u00e5 scrolle, n\u00e5r s\u00e5 du bare ut i luften, n\u00e5r s\u00e5 du ut av vinduet og bare tenkte?\u00bb<\/p>\n<p class=\"_paragraph_o9xde_4 _paragraph_xtcu6_10 layout-component text-serif-m layout-normal text-serif-m layout-padded\"><strong class=\"_strong_o9xde_25\">Hun utdyper overfor VG at det handler om \u00e5 v\u00e6re til stede i eget liv:<\/strong><\/p>\n<p><img alt=\"Norges nye bokinfluencer: Her fra bokbad med Agnes Ravatn under Fossefestivalen tidligere i h\u00f8st.   Foto: Gabriel Aas Sk\u00e5levik \/ VG\" class=\"_image_qp4xg_65 layout-component layout-normal\" data-fullscreen- data-track-element-type=\"Article image fullscreen\" data-track-name=\"ImageFullscreen\" decoding=\"async\" loading=\"lazy\" height=\"1668\" itemprop=\"image\"  src=\"https:\/\/www.europesays.com\/no\/wp-content\/uploads\/2025\/10\/dc43a5ba-d88a-457b-ba38-fc444697324f\"  style=\"object-position:0% 0%\" width=\"2500\"\/>Norges nye bokinfluencer: Her fra bokbad med Agnes Ravatn under Fossefestivalen tidligere i h\u00f8st.   Foto: Gabriel Aas Sk\u00e5levik \/ VG<\/p>\n<p class=\"_paragraph_o9xde_4 _paragraph_xtcu6_10 layout-component text-serif-m layout-normal text-serif-m layout-padded\">\u2013 Jeg er oppvokst b\u00e5de med og uten internett, jeg fikk oppleve gleden av \u00e5 v\u00e6re til stede i mitt eget liv, og at internett var en bonus, det \u00e5 se p\u00e5 film var noe som var sosialt og h\u00f8rte til helger, og jeg har opplevd \u00e5 kjede meg. <\/p>\n<p class=\"_paragraph_o9xde_4 _paragraph_xtcu6_10 layout-component text-serif-m layout-normal text-serif-m layout-padded\">Hun forteller at fra hun ble kjent p\u00e5 sosiale medier som 15-\u00e5ring, har det g\u00e5tt i et mye raskere tempo.<\/p>\n<p class=\"_paragraph_o9xde_4 _paragraph_xtcu6_10 layout-component text-serif-m layout-normal text-serif-m layout-padded\">\u2013 Jeg hater \u00e5 v\u00e6re sosial med folk som ser p\u00e5 telefonen, jeg hater \u00e5 se meg rundt p\u00e5 gaten og se at alle g\u00e5r rundt som zombier med hver sin underholdningsmaskin i h\u00e5nda. Hadde jeg ikke hatt sosiale medier som jobb, hadde jeg kastet telefonen p\u00e5 havet for lenge siden, og jeg gleder meg til den dagen jeg kan det, sier hun og fortsetter:<\/p>\n<p class=\"_paragraph_o9xde_4 _paragraph_xtcu6_10 layout-component text-serif-m layout-normal text-serif-m layout-padded\">\u2013 N\u00e5 har jeg en s\u00f8nn, og jeg blir kvalm av \u00e5 tenke p\u00e5 at han skal vokse opp s\u00e5nn, derfor er den tematikken og boken viktig for meg. Jeg kommer 100 % til \u00e5 v\u00e6re hun upopul\u00e6re p\u00e5 foreldrem\u00f8ter, som rekker opp h\u00e5nda og mener masse om skjermbruk og den rollen tar jeg GJERNE, skriver Sophie Elise til VG. <\/p>\n<p> Maja Lunde: \u2013 Begynt \u00e5 f\u00f8lge henne<img alt=\"Forfatter Maja Lunde ligger ogs\u00e5 p\u00e5 toppen av Barneboklista med \u00abTordendronningen\u00bb.  Foto: Agnete Brun\" class=\"_image_qp4xg_65 layout-component layout-normal\" data-fullscreen- data-track-element-type=\"Article image fullscreen\" data-track-name=\"ImageFullscreen\" decoding=\"async\" loading=\"lazy\" height=\"2126\" itemprop=\"image\"  src=\"https:\/\/www.europesays.com\/no\/wp-content\/uploads\/2025\/10\/0922ee52-2b06-4b64-b13d-2683687215bb\"  style=\"object-position:0% 0%\" width=\"1418\"\/>Forfatter Maja Lunde ligger ogs\u00e5 p\u00e5 toppen av Barneboklista med \u00abTordendronningen\u00bb.  Foto: Agnete Brun<\/p>\n<p class=\"_paragraph_o9xde_4 _paragraph_xtcu6_10 layout-component text-serif-m layout-normal text-serif-m layout-padded\"><strong class=\"_strong_o9xde_25\">Maja Lunde, som de siste \u00e5rene er blitt kjent som teknologi-aktivist ved siden av den suksessrike forfatterkarrieren, er begeistret for at Sophie Elise engasjerer seg.<\/strong><\/p>\n<p class=\"_paragraph_o9xde_4 _paragraph_xtcu6_10 layout-component text-serif-m layout-normal text-serif-m layout-padded\">\u2013 Det er veldig bra at en influencer som har s\u00e5 stort nedslagsfelt velger \u00e5 engasjere seg i denne saken. For det dette handler om, er at Sophie Elise er oppriktig og dypt engasjert i at barn og unge bruker for mye skjerm, og \u00f8nsker \u00e5 gj\u00f8re noe med det. Og det er jo det denne boken handler om, sier Maja Lunde p\u00e5 telefon til VG. <\/p>\n<p class=\"_paragraph_o9xde_4 _paragraph_xtcu6_10 layout-component text-serif-m layout-normal text-serif-m layout-padded\">\u2013 Vi trenger \u00e5 gj\u00f8re noe med barn og unges skjermbruk \u2013 og tek-gigantenes tek-gigantenesStore teknologiselskaper som har mye makt og innflytelse over hvordan vi bruker teknologi, som for eksempel sosiale medier og internettjenester. altfor store makt over b\u00e5de barn og voksne. Det er utrolig bra at Sophie Elise bruker stemmen sin. <\/p>\n<p class=\"_paragraph_o9xde_4 _paragraph_xtcu6_10 layout-component text-serif-m layout-normal text-serif-m layout-padded\"><strong class=\"_strong_o9xde_25\">\u2013 Hva sier det om Sophie Elise at dette innlegget fikk din bok til \u00e5 hoppe rett til topps? <\/strong><\/p>\n<p class=\"_paragraph_o9xde_4 _paragraph_xtcu6_10 layout-component text-serif-m layout-normal text-serif-m layout-padded\">\u2013 Det viser jo hvor stor p\u00e5virkningskraft hun har. Hun har en sterk stemme som n\u00e5r mange, og da er det veldig bra at hun bruker den stemmen til \u00e5 snakke om viktige ting, sier hun og legger til:<\/p>\n<p class=\"_paragraph_o9xde_4 _paragraph_xtcu6_10 layout-component text-serif-m layout-normal text-serif-m layout-padded\">\u2013 Og det er lite som er viktigere i dag enn \u00e5 <a href=\"https:\/\/www.vg.no\/nyheter\/i\/bmmdaA\/maja-lunde-i-ny-bok-minimum-16-aars-grense-paa-tiktok-og-snapchat\" data-track-element-type=\"Link\" data-track-id=\"link:bmmdaA\" class=\"_link_o9xde_39\" rel=\"nofollow noopener\" target=\"_blank\">gj\u00f8re noe med tek-gigantenes makt og uhensiktsmessig skjermbruk. <\/a><\/p>\n<p class=\"_paragraph_o9xde_4 _paragraph_xtcu6_10 layout-component text-serif-m layout-normal text-serif-m layout-padded\">Det m\u00e5tte v\u00e6re klima, da, som Maja Lunde ogs\u00e5 er dypt engasjert i \u2013 og for noen dager siden la Sophie Elise ut at hun n\u00e5 skulle i gang med \u00abBienes historie\u00bb, f\u00f8rste bind i Lundes klimakvartett, serien som har gjort det stort internasjonalt, og s\u00e6rlig i Tyskland \u2013 der den ble <a href=\"https:\/\/www.vg.no\/rampelys\/i\/Kvpvwy\/norsk-bok-ble-aarets-mest-solgte-i-tyskland-i-2017\" data-track-element-type=\"Link\" data-track-id=\"link:Kvpvwy\" class=\"_link_o9xde_39\" rel=\"nofollow noopener\" target=\"_blank\">\u00e5rets mest solgte bok i 2017.<\/a><\/p>\n<p><img alt=\"\" class=\"_image_qp4xg_65 layout-component layout-normal\" data-fullscreen- data-track-element-type=\"Article image fullscreen\" data-track-name=\"ImageFullscreen\" decoding=\"async\" loading=\"lazy\" height=\"600\" itemprop=\"image\"  src=\"https:\/\/www.europesays.com\/no\/wp-content\/uploads\/2025\/10\/94dc2ea9-eac2-4b65-a97e-a07b5b567335\"  style=\"object-position:0% 0%\" width=\"590\"\/><\/p>\n<p class=\"_paragraph_o9xde_4 _paragraph_xtcu6_10 layout-component text-serif-m layout-normal text-serif-m layout-padded\"><strong class=\"_strong_o9xde_25\">\u2013 Jeg la merke til det, ja, sier Lunde som ikke fulgte Sophie Elise i sosiale medier f\u00f8r, men n\u00e5 gj\u00f8r det:<\/strong><\/p>\n<p class=\"_paragraph_o9xde_4 _paragraph_xtcu6_10 layout-component text-serif-m layout-normal text-serif-m layout-padded\">\u2013 Jeg har begynt \u00e5 f\u00f8lge henne p\u00e5 Instagram, jeg m\u00e5tte jo det, smiler Lunde. <\/p>\n<p class=\"_paragraph_o9xde_4 _paragraph_xtcu6_10 layout-component text-serif-m layout-normal text-serif-m layout-padded\">Forlagssjef Tuva \u00d8rbek S\u00f8rheim har derimot fulgt Sophie Elise p\u00e5 Instagram i flere \u00e5r. <\/p>\n<p class=\"_paragraph_o9xde_4 _paragraph_xtcu6_10 layout-component text-serif-m layout-normal text-serif-m layout-padded\">\u2013 Jeg har jo stadig sett at hun legger ut mye bra om b\u00f8ker, og det gj\u00f8r meg glad. Hun legger ut mye annet ogs\u00e5, som ikke er s\u00e5 relevant for meg, men alts\u00e5: \u00c5 f\u00f8lge med p\u00e5 Sophie Elise er \u00e5 f\u00f8lge med p\u00e5 tids\u00e5nden, sier \u00d8rbeck S\u00f8rheim. <\/p>\n<p class=\"_paragraph_o9xde_4 _paragraph_xtcu6_10 layout-component text-serif-m layout-normal text-serif-m layout-padded\"><strong class=\"_strong_o9xde_25\">Pssst!<\/strong> I forrige gikk Maja Lunde for \u00f8vrig ogs\u00e5 til topps p\u00e5 barneboklista med \u00abTordendronningen\u00bb som er siste bind i \u00e5rstidskvartetten som startet med \u00abSn\u00f8s\u00f8steren\u00bb \u2013 og som hun har laget sammen med Lisa Aisato. Der ligger hun fortsatt etter at denne ukens bokliste ble sluppet, mens \u00abSkjerm barna\u00bb gikk ned p\u00e5 2. plass etter at boken ble utsolgt. <\/p>\n<p class=\"_paragraph_o9xde_4 _paragraph_xtcu6_10 layout-component text-serif-m layout-normal layout-padded\"><strong class=\"_strong_o9xde_25\">Les ogs\u00e5:<\/strong> <a href=\"https:\/\/www.vg.no\/i\/yEkGlE\" data-track-element-type=\"Link\" data-track-id=\"link:yEkGlE\" class=\"_link_o9xde_39\" rel=\"nofollow noopener\" target=\"_blank\">Les heller \u00abSn\u00f8s\u00f8steren\u00bb<\/a><\/p>\n","protected":false},"excerpt":{"rendered":"Etter at Sophie Elise la ut en gr\u00e5tkvalt story og anbefalte Maja Lundes \u00abSkjerm barna\u00bb, spratt boka til&hellip;\n","protected":false},"author":2,"featured_media":73915,"comment_status":"","ping_status":"","sticky":false,"template":"","format":"standard","meta":{"footnotes":""},"categories":[10],"tags":[150,20,21,24,25,15,22,23,152,9940,13,30,28,29,14,16,433,2828,26,27],"class_list":{"0":"post-73914","1":"post","2":"type-post","3":"status-publish","4":"format-standard","5":"has-post-thumbnail","7":"category-norge","8":"tag-bok","9":"tag-breaking-news","10":"tag-breakingnews","11":"tag-featured-news","12":"tag-featurednews","13":"tag-headlines","14":"tag-latest-news","15":"tag-latestnews","16":"tag-litteratur","17":"tag-maja-lunde","18":"tag-news","19":"tag-no","20":"tag-norge","21":"tag-norway","22":"tag-nyheter","23":"tag-overskrifter","24":"tag-skjermtid","25":"tag-sophie-elise","26":"tag-top-stories","27":"tag-topstories"},"share_on_mastodon":{"url":"https:\/\/pubeurope.com\/@no\/115462810299650720","error":""},"_links":{"self":[{"href":"https:\/\/www.europesays.com\/no\/wp-json\/wp\/v2\/posts\/73914","targetHints":{"allow":["GET"]}}],"collection":[{"href":"https:\/\/www.europesays.com\/no\/wp-json\/wp\/v2\/posts"}],"about":[{"href":"https:\/\/www.europesays.com\/no\/wp-json\/wp\/v2\/types\/post"}],"author":[{"embeddable":true,"href":"https:\/\/www.europesays.com\/no\/wp-json\/wp\/v2\/users\/2"}],"replies":[{"embeddable":true,"href":"https:\/\/www.europesays.com\/no\/wp-json\/wp\/v2\/comments?post=73914"}],"version-history":[{"count":0,"href":"https:\/\/www.europesays.com\/no\/wp-json\/wp\/v2\/posts\/73914\/revisions"}],"wp:featuredmedia":[{"embeddable":true,"href":"https:\/\/www.europesays.com\/no\/wp-json\/wp\/v2\/media\/73915"}],"wp:attachment":[{"href":"https:\/\/www.europesays.com\/no\/wp-json\/wp\/v2\/media?parent=73914"}],"wp:term":[{"taxonomy":"category","embeddable":true,"href":"https:\/\/www.europesays.com\/no\/wp-json\/wp\/v2\/categories?post=73914"},{"taxonomy":"post_tag","embeddable":true,"href":"https:\/\/www.europesays.com\/no\/wp-json\/wp\/v2\/tags?post=73914"}],"curies":[{"name":"wp","href":"https:\/\/api.w.org\/{rel}","templated":true}]}}