{"id":73924,"date":"2025-10-30T11:19:10","date_gmt":"2025-10-30T11:19:10","guid":{"rendered":"https:\/\/www.europesays.com\/no\/73924\/"},"modified":"2025-10-30T11:19:10","modified_gmt":"2025-10-30T11:19:10","slug":"manchester-united-legenden-slutter-som-tv-ekspert","status":"publish","type":"post","link":"https:\/\/www.europesays.com\/no\/73924\/","title":{"rendered":"Manchester United-legenden slutter som TV-ekspert"},"content":{"rendered":"\n<p class=\"_lead_o9xde_2 _lead_xtcu6_50 layout-component text-serif-m layout-normal text-serif-l layout-component layout-wide layout-padded _wide_17hqh_1 layout-padded\">Paul Scholes gir seg som fotballekspert. N\u00e5 handler alt om \u00e5 ta vare p\u00e5 s\u00f8nnen sin, sier han. <\/p>\n<p><img alt=\"GIR SEG SOM EKSPERT: Paul Scholes vil tilbringe mer tid med sin s\u00f8nn. Foto: Mike Egerton \/ Pa Photos \/ NTB\" class=\"_image_qp4xg_65 layout-component layout-wide\" data-fullscreen- data-track-element-type=\"Article image fullscreen\" data-track-name=\"ImageFullscreen\" fetchpriority=\"high\" decoding=\"sync\" loading=\"eager\" height=\"3707\" itemprop=\"image\"  src=\"https:\/\/www.europesays.com\/no\/wp-content\/uploads\/2025\/10\/7be6f4de-2d9a-4249-a9af-0c4ebbea7cdc\"  style=\"object-position:0% 0%\" width=\"5514\"\/>GIR SEG SOM EKSPERT: Paul Scholes vil tilbringe mer tid med sin s\u00f8nn. Foto: Mike Egerton \/ Pa Photos \/ NTB<\/p>\n<ul aria-hidden=\"true\" class=\"_images_18f0k_111\">\n<li><a class=\"_link_18f0k_116\" href=\"https:\/\/www.vg.no\/forfatter\/henrik-davidsen-hellevik\" style=\"z-index:1\" title=\"Henrik Davidsen Hellevik\" rel=\"nofollow noopener\" target=\"_blank\"><img alt=\"Bilde av Henrik Davidsen Hellevik\" class=\"_image_18f0k_93\" fetchpriority=\"low\" loading=\"lazy\" decoding=\"async\" itemprop=\"image\"  src=\"https:\/\/www.europesays.com\/no\/wp-content\/uploads\/2025\/10\/1761823150_310_5443292c-a647-4269-871c-1f6248707e55\"  width=\"480\"\/><\/a><\/li>\n<\/ul>\n<p> Oppdatert torsdag 30. oktober kl. 12:04    <\/p>\n<ul class=\"_list_o9xde_3 _list_64s2r_85 _unordered_o9xde_106 text-sans-m\">\n<li class=\"_item_o9xde_30\">Paul Scholes trekker seg fra sin TV-rolle for \u00e5 ta vare p\u00e5 s\u00f8nnen Aiden, som har alvorlig autisme.<\/li>\n<li class=\"_item_o9xde_30\">Hans st\u00f8rste bekymring er hva som skjer med Aiden n\u00e5r han selv blir eldre.<\/li>\n<\/ul>\n<p>Vis mer <\/p>\n<p class=\"_paragraph_o9xde_4 _paragraph_xtcu6_10 layout-component text-serif-m layout-normal text-serif-m layout-padded\">S\u00f8nnen Aiden (20) lider nemlig av alvorlig autisme og kan ikke snakke.<\/p>\n<p class=\"_paragraph_o9xde_4 _paragraph_xtcu6_10 layout-component text-serif-m layout-normal text-serif-m layout-padded\">\u2013 Alt arbeidet jeg gj\u00f8r n\u00e5 dreier seg om rutinene hans, fordi han har ganske strenge rutiner hver eneste dag, sier Scholes i podkasten <a href=\"https:\/\/www.youtube.com\/watch?v=2Epu5EKqRpI\" class=\"_link_o9xde_39\" rel=\"nofollow noopener\" target=\"_blank\">\u00abStick to Football\u00bb<\/a>.<\/p>\n<p class=\"_paragraph_o9xde_4 _paragraph_xtcu6_10 layout-component text-serif-m layout-normal text-serif-m layout-padded\">Manchester United-legenden deler Aiden med ekskonen Claire. Rutinene er viktige for gutten, som if\u00f8lge Scholes ikke forst\u00e5r tid eller ukedager.<\/p>\n<p class=\"_paragraph_o9xde_4 _paragraph_xtcu6_10 layout-component text-serif-m layout-normal text-serif-m layout-padded\">\u2013 Forrige sesong jobbet jeg som ekspert p\u00e5 torsdager for Manchester United i Europa League. Det var kvelden jeg vanligvis hadde ham, s\u00e5 han ble helt urolig, bet og kl\u00f8dde, forteller Scholes.<\/p>\n<p class=\"_paragraph_o9xde_4 _paragraph_xtcu6_10 layout-component text-serif-m layout-normal text-serif-m layout-padded\">\u2013 Han merker med en gang at m\u00f8nsteret ikke er der.<\/p>\n<p><img alt=\"Scholes med s\u00f8nnen Aiden i 2011.   Foto: ANDREW YATES \/ AFP \/ NTB\" class=\"_image_qp4xg_65 layout-component layout-normal\" data-fullscreen- data-track-element-type=\"Article image fullscreen\" data-track-name=\"ImageFullscreen\" decoding=\"async\" loading=\"lazy\" height=\"1738\" itemprop=\"image\"  src=\"https:\/\/www.europesays.com\/no\/wp-content\/uploads\/2025\/10\/2ad90416-d57e-497b-b954-ab67e2c4622c\"  style=\"object-position:0% 0%\" width=\"3000\"\/>Scholes med s\u00f8nnen Aiden i 2011.   Foto: ANDREW YATES \/ AFP \/ NTB<\/p>\n<p class=\"_paragraph_o9xde_4 _paragraph_xtcu6_10 layout-component text-serif-m layout-normal text-serif-m layout-padded\">Aiden ble diagnostisert med autisme da han var to og et halvt \u00e5r gammel. Scholes holdt diagnosen hemmelig for lagkameratene i United, selv om det p\u00e5virket prestasjonene hans.<\/p>\n<p class=\"_paragraph_o9xde_4 _paragraph_xtcu6_10 layout-component text-serif-m layout-normal text-serif-m layout-padded\">\u2013 Den st\u00f8rste bekymringen n\u00e5 er at du blir eldre \u2013 hva skjer n\u00e5r du ikke er her lenger? Det er det som er i tankene mine hele tiden, sier Manchester United-legenden.<\/p>\n","protected":false},"excerpt":{"rendered":"Paul Scholes gir seg som fotballekspert. N\u00e5 handler alt om \u00e5 ta vare p\u00e5 s\u00f8nnen sin, sier han.&hellip;\n","protected":false},"author":2,"featured_media":73925,"comment_status":"","ping_status":"","sticky":false,"template":"","format":"standard","meta":{"footnotes":""},"categories":[59],"tags":[2762,92,30,28,29,83,82,46],"class_list":{"0":"post-73924","1":"post","2":"type-post","3":"status-publish","4":"format-standard","5":"has-post-thumbnail","7":"category-sport","8":"tag-autisme","9":"tag-fotball","10":"tag-no","11":"tag-norge","12":"tag-norway","13":"tag-sport","14":"tag-sports","15":"tag-vgai"},"share_on_mastodon":{"url":"https:\/\/pubeurope.com\/@no\/115462849574625759","error":""},"_links":{"self":[{"href":"https:\/\/www.europesays.com\/no\/wp-json\/wp\/v2\/posts\/73924","targetHints":{"allow":["GET"]}}],"collection":[{"href":"https:\/\/www.europesays.com\/no\/wp-json\/wp\/v2\/posts"}],"about":[{"href":"https:\/\/www.europesays.com\/no\/wp-json\/wp\/v2\/types\/post"}],"author":[{"embeddable":true,"href":"https:\/\/www.europesays.com\/no\/wp-json\/wp\/v2\/users\/2"}],"replies":[{"embeddable":true,"href":"https:\/\/www.europesays.com\/no\/wp-json\/wp\/v2\/comments?post=73924"}],"version-history":[{"count":0,"href":"https:\/\/www.europesays.com\/no\/wp-json\/wp\/v2\/posts\/73924\/revisions"}],"wp:featuredmedia":[{"embeddable":true,"href":"https:\/\/www.europesays.com\/no\/wp-json\/wp\/v2\/media\/73925"}],"wp:attachment":[{"href":"https:\/\/www.europesays.com\/no\/wp-json\/wp\/v2\/media?parent=73924"}],"wp:term":[{"taxonomy":"category","embeddable":true,"href":"https:\/\/www.europesays.com\/no\/wp-json\/wp\/v2\/categories?post=73924"},{"taxonomy":"post_tag","embeddable":true,"href":"https:\/\/www.europesays.com\/no\/wp-json\/wp\/v2\/tags?post=73924"}],"curies":[{"name":"wp","href":"https:\/\/api.w.org\/{rel}","templated":true}]}}