{"id":73932,"date":"2025-10-30T11:23:09","date_gmt":"2025-10-30T11:23:09","guid":{"rendered":"https:\/\/www.europesays.com\/no\/73932\/"},"modified":"2025-10-30T11:23:09","modified_gmt":"2025-10-30T11:23:09","slug":"641-direktorer-i-helsevesenet-far-11-milliarder-i-lonn-og-godtgjorelser","status":"publish","type":"post","link":"https:\/\/www.europesays.com\/no\/73932\/","title":{"rendered":"641 direkt\u00f8rer i helsevesenet f\u00e5r 1,1 milliarder i l\u00f8nn og godtgj\u00f8relser:"},"content":{"rendered":"\n<ul class=\"_list_o9xde_3 _list_64s2r_85 _unordered_o9xde_106 text-sans-m\">\n<li class=\"_item_o9xde_30\">Tall fra Helse- og omsorgsdepartementet viser at det er 641 direkt\u00f8rer i helsevesenet som f\u00e5r 1,15 mrd. i l\u00f8nn og godtgj\u00f8relser, i snitt 1,8 mill.<\/li>\n<li class=\"_item_o9xde_30\">Sp-leder Trygve Slagsvold Vedum vil kutte antall direkt\u00f8rer og dempe toppl\u00f8nninger<\/li>\n<li class=\"_item_o9xde_30\">Helseminister Jan Christian Vestre kaller kritikken unyansert, men sier regjreingen har tatt flere grep og g\u00e5 igjennom lederl\u00f8nninger. <\/li>\n<\/ul>\n<p>Vis mer <\/p>\n<p class=\"_paragraph_o9xde_4 _paragraph_xtcu6_10 layout-component text-serif-m layout-normal text-serif-m layout-padded\">\u2013 Det er jo helt enormt. Det er voldsomt, sier Sp-leder Trygve Slagsvold Vedum til VG.<\/p>\n<p class=\"_paragraph_o9xde_4 _paragraph_xtcu6_10 layout-component text-serif-m layout-normal text-serif-m layout-padded\">Han og Sp har flere ganger manet til et oppgj\u00f8r med antall godt betalte direkt\u00f8rer i det offentlige. N\u00e5 har de spurt Helse- og omsorgsdepartementet om tall p\u00e5 hvor mange av dem det finnes i helsevesenet.<\/p>\n<p class=\"_paragraph_o9xde_4 _paragraph_xtcu6_10 layout-component text-serif-m layout-normal text-serif-m layout-padded\">Tallene viser blant annet: <\/p>\n<ul class=\"_list_o9xde_3 _list_xtcu6_9 _unordered_o9xde_106 layout-component text-serif-m layout-normal text-serif-m layout-padded\">\n<li class=\"_item_o9xde_30\">At det er 641 direkt\u00f8rer i helsesektoren.<\/li>\n<li class=\"_item_o9xde_30\">Samlet f\u00e5r de 1 153 511 774 kroner i l\u00f8nn og godtgj\u00f8relse, betalt av skattebetalerne.<\/li>\n<li class=\"_item_o9xde_30\">L\u00f8nnssnittet deres er p\u00e5 1,8 millioner kroner.<\/li>\n<li class=\"_item_o9xde_30\">Hver fjerde ansatt i Helse- og omsorgsdepartementet er direkt\u00f8rer.<\/li>\n<li class=\"_item_o9xde_30\">Helse S\u00f8r \u00d8st med sine underliggende foretak bruker over 300 millioner kroner samlet p\u00e5 direkt\u00f8rer alene.<\/li>\n<\/ul>\n<p>Mer om tallene<\/p>\n<p class=\"_paragraph_o9xde_4 _paragraph_xtcu6_10 _paragraph_16v91_10 layout-component text-serif-m layout-normal text-sans-m layout-padded\">Oversikten Sp har f\u00e5tt, omfatter alle ansatte med &laquo;direkt\u00f8r&raquo; i stillingstittelen i Helse- og omsorgsdepartementet (HOD), underliggende etater av HOD, regionale helseforetak, helseforetak og de felleseide helseforetakene. Det er 47 virksomheter. <\/p>\n<p class=\"_paragraph_o9xde_4 _paragraph_xtcu6_10 _paragraph_16v91_10 layout-component text-serif-m layout-normal text-sans-m layout-padded\">I sitt svar til Sp p\u00e5peker helseminister Jan Christian Vestre at \u00abdirekt\u00f8r\u00bb i stillingstittelen ikke n\u00f8dvendigvis inneb\u00e6rer verken personalansvar eller lederoppgaver. I det statlige tariffomr\u00e5det er det stillingstitler som inneholder direkt\u00f8r, men som er \u00e5 betrakte som ordin\u00e6re saksbehandlerstillinger &#8211; for eksempel en stillling som fagdirekt\u00f8r. <\/p>\n<p>Vis mer<\/p>\n<p class=\"_paragraph_o9xde_4 _paragraph_xtcu6_10 layout-component text-serif-m layout-normal text-serif-m layout-padded\">Vedum er oppr\u00f8rt: <\/p>\n<p class=\"_paragraph_o9xde_4 _paragraph_xtcu6_10 layout-component text-serif-m layout-normal text-serif-m layout-padded\">\u2013 Det er nesten ikke til \u00e5 tro. Vi \u00f8nsker en debatt rundt hele dette direkt\u00f8rveldet. Dette er altfor mye penger, og det er altfor mange som jobber med ledelse.<\/p>\n<p><img alt=\"Vedum vil ha vekk 20 prosent av de som her st\u00e5r oppf\u00f8rt som direkt\u00f8rer.   Foto: J\u00f8rgen Braastad \/ VG\" class=\"_image_qp4xg_65 layout-component layout-normal\" data-fullscreen- data-track-element-type=\"Article image fullscreen\" data-track-name=\"ImageFullscreen\" decoding=\"async\" loading=\"lazy\" height=\"5464\" itemprop=\"image\"  src=\"https:\/\/www.europesays.com\/no\/wp-content\/uploads\/2025\/10\/1938be08-eca1-4979-8752-92c74321178c\"  style=\"object-position:0% 0%\" width=\"8192\"\/>Vedum vil ha vekk 20 prosent av de som her st\u00e5r oppf\u00f8rt som direkt\u00f8rer.   Foto: J\u00f8rgen Braastad \/ VG\u2013 Bonanza<\/p>\n<p class=\"_paragraph_o9xde_4 _paragraph_xtcu6_10 layout-component text-serif-m layout-normal text-serif-m layout-padded\">\u2013 Hvor mange direkt\u00f8rer burde det v\u00e6re?<\/p>\n<p class=\"_paragraph_o9xde_4 _paragraph_xtcu6_10 layout-component text-serif-m layout-normal text-serif-m layout-padded\">\u2013 Langt f\u00e6rre. Vi vil kutte 120 i f\u00f8rste omgang \u2013 men det er en start. Hvis en klarer det, s\u00e5 er det flere hundre millioner kroner frigjort det og.<\/p>\n<p class=\"_paragraph_o9xde_4 _paragraph_xtcu6_10 layout-component text-serif-m layout-normal text-serif-m layout-padded\">VG <a href=\"https:\/\/www.vg.no\/nyheter\/i\/o35opW\/trygve-slagsvold-vedum-sp-vil-sparke-hundrevis-av-direktoerer-i-staten-deriblant-skjalg-fjellheim\" data-track-element-type=\"Link\" data-track-id=\"link:o35opW\" class=\"_link_o9xde_39\" rel=\"nofollow noopener\" target=\"_blank\">har tidligere omtalt <\/a>Sps forslag om en \u00abavdirekt\u00f8rifisering\u00bb: De vil at 20 prosent av direkt\u00f8rene i blant annet helsevesenet skal miste jobben.<\/p>\n<p class=\"_paragraph_o9xde_4 _paragraph_xtcu6_10 layout-component text-serif-m layout-normal text-serif-m layout-padded\">\u2013 Men du klarte ikke \u00e5 rydde opp i dette da dere var i regjering heller?<\/p>\n<p class=\"_paragraph_o9xde_4 _paragraph_xtcu6_10 layout-component text-serif-m layout-normal text-serif-m layout-padded\">\u2013 Vi satt et veldig klart m\u00e5l da vi kom inn i regjering selv, det var at vi skulle stoppe den \u00f8kte konsulentbruken. Heldigvis skjedde det, til tross for at det var motstand har det begynt \u00e5 g\u00e5 gradvis ned. N\u00e5 m\u00e5 vi ha en opprydning av direkt\u00f8rbonanzaen i offentlig sektor.<\/p>\n<p><img alt=\"Denne oversikten viser alt for mange direkt\u00f8rer, if\u00f8lge Vedum.  Foto: J\u00f8rgen Braastad \/ VG\" class=\"_image_qp4xg_65 layout-component layout-normal\" data-fullscreen- data-track-element-type=\"Article image fullscreen\" data-track-name=\"ImageFullscreen\" decoding=\"async\" loading=\"lazy\" height=\"5464\" itemprop=\"image\"  src=\"https:\/\/www.europesays.com\/no\/wp-content\/uploads\/2025\/10\/b6b44671-1b81-4566-b02c-56cdd0fa3071\"  style=\"object-position:0% 0%\" width=\"8192\"\/>Denne oversikten viser alt for mange direkt\u00f8rer, if\u00f8lge Vedum.  Foto: J\u00f8rgen Braastad \/ VG<\/p>\n<p class=\"_paragraph_o9xde_4 _paragraph_xtcu6_10 layout-component text-serif-m layout-normal text-serif-m layout-padded\">\u2013 Det er ganske mange som jobber i helsevesenet, det kan jo v\u00e6re det har noe for seg \u2013 at de direkt\u00f8rene gj\u00f8r noe som er viktig?<\/p>\n<p class=\"_paragraph_o9xde_4 _paragraph_xtcu6_10 layout-component text-serif-m layout-normal text-serif-m layout-padded\">\u2013 Ja, selvf\u00f8lgelig er det flinke folk for all del. Men s\u00e5 er det ogs\u00e5 det som vi har foresl\u00e5tt som ble nedstemt av b\u00e5de H\u00f8yre, Frp og Ap \u2013 at de i helseforetakene skal reguleres av statens lederl\u00f8nnssystem.<\/p>\n<p>\u2013 Ingen grunn<\/p>\n<p class=\"_paragraph_o9xde_4 _paragraph_xtcu6_10 layout-component text-serif-m layout-normal text-serif-m layout-padded\">Statens lederl\u00f8nnssystem setter en begrensning p\u00e5 2,1 millioner som l\u00f8nnstak. Men dette er ikke helseforetakene omfattet av.<\/p>\n<p class=\"_paragraph_o9xde_4 _paragraph_xtcu6_10 layout-component text-serif-m layout-normal text-serif-m layout-padded\">Der er det flere som har en l\u00f8nn p\u00e5 opp mot tre millioner kroner \u2013 blant annet Helse Nords direkt\u00f8r Marit Lind, som fikk kraftig kritikk etter NRKs Debatten, <a href=\"https:\/\/www.nrk.no\/nordland\/ville-ikke-ha-lonnsokning-da-helse-nord-gikk-med-underskudd-_-ny-direktor-fikk-lonnshopp-1.17601756\" class=\"_link_o9xde_39\" rel=\"nofollow noopener\" target=\"_blank\">der hun ikke <\/a>ville kommentere om det var noe hun fortjente.<\/p>\n<p class=\"_paragraph_o9xde_4 _paragraph_xtcu6_10 layout-component text-serif-m layout-normal text-serif-m layout-padded\">Sp-lederen mener ikke hun, eller noen andre av direkt\u00f8rene i helsevesenet, gj\u00f8r det:<\/p>\n<p class=\"_paragraph_o9xde_4 _paragraph_xtcu6_10 layout-component text-serif-m layout-normal text-serif-m layout-padded\">\u2013 I tillegg til \u00e5 redusere antallet med direkt\u00f8rtitler m\u00e5 vi dempe l\u00f8nnsniv\u00e5et p\u00e5 toppen \u2013 det er ikke noen grunn til at du skal ha mange topper i helseforetakene som har rundt 3 millioner i samlet godtgj\u00f8relse.<\/p>\n<p><img alt=\"Vedum mener ingen helsetopper burde tjene mer enn 2,1 millioner - som han synes er mer enn nok.   Foto: J\u00f8rgen Braastad \/ VG\" class=\"_image_qp4xg_65 layout-component layout-normal\" data-fullscreen- data-track-element-type=\"Article image fullscreen\" data-track-name=\"ImageFullscreen\" decoding=\"async\" loading=\"lazy\" height=\"8192\" itemprop=\"image\"  src=\"https:\/\/www.europesays.com\/no\/wp-content\/uploads\/2025\/10\/363b57c0-8275-4fc9-92a3-342384a731ad\"  style=\"object-position:0% 0%\" width=\"5464\"\/>Vedum mener ingen helsetopper burde tjene mer enn 2,1 millioner &#8211; som han synes er mer enn nok.   Foto: J\u00f8rgen Braastad \/ VG\u2013 Ansiktsl\u00f8st byr\u00e5krati<\/p>\n<p class=\"_paragraph_o9xde_4 _paragraph_xtcu6_10 layout-component text-serif-m layout-normal text-serif-m layout-padded\">Helseminister Jan Christian Vestre (Ap), har 1,7 millioner kroner i l\u00f8nn. Det er lavere enn l\u00f8nnssnittet blant direkt\u00f8rene i helsevesenet, som er p\u00e5 1,8 millioner kroner, if\u00f8lge tallene fra Helsedepartementet.<\/p>\n<p class=\"_paragraph_o9xde_4 _paragraph_xtcu6_10 layout-component text-serif-m layout-normal text-serif-m layout-padded\">\u2013 I offentlig sektor har du stor jobbtrygghet. Hvis du mister jobben f\u00e5r du nesten alltid en eller annen seniorstilling og beholder l\u00f8nnsniv\u00e5et. Selvf\u00f8lgelig er det ubehagelig n\u00e5r det stormer litt, men det stormer mye mer rundt helseministeren. Og hvis det blir regjeringskrise i h\u00f8st, mister jo han makta og l\u00f8nna over natten.<\/p>\n<p class=\"_paragraph_o9xde_4 _paragraph_xtcu6_10 layout-component text-serif-m layout-normal text-serif-m layout-padded\">\u2013 Det er tryggere hos direkt\u00f8rene enn for Ap-regjeringen akkurat n\u00e5<\/p>\n<p class=\"_paragraph_o9xde_4 _paragraph_xtcu6_10 layout-component text-serif-m layout-normal text-serif-m layout-padded\">\u2013 Hehehe, ja.<\/p>\n<p><img alt=\"Denne oversikten viser alt for mange direkt\u00f8rer, if\u00f8lge Vedum.  Foto: J\u00f8rgen Braastad \/ VG\" class=\"_image_qp4xg_65 layout-component layout-normal\" data-fullscreen- data-track-element-type=\"Article image fullscreen\" data-track-name=\"ImageFullscreen\" decoding=\"async\" loading=\"lazy\" height=\"5464\" itemprop=\"image\"  src=\"https:\/\/www.europesays.com\/no\/wp-content\/uploads\/2025\/10\/823e9fc7-5463-42e5-a921-649c163bd4c2\"  style=\"object-position:0% 0%\" width=\"8192\"\/>Denne oversikten viser alt for mange direkt\u00f8rer, if\u00f8lge Vedum.  Foto: J\u00f8rgen Braastad \/ VG<\/p>\n<p class=\"_paragraph_o9xde_4 _paragraph_xtcu6_10 layout-component text-serif-m layout-normal text-serif-m layout-padded\">Sp er mot hele helseforetaksmodellen, <a href=\"https:\/\/www.vg.no\/nyheter\/i\/8qnd3x\/frp-vil-legge-ned-de-regionale-helseforetakene\" data-track-element-type=\"Link\" data-track-id=\"link:8qnd3x\" class=\"_link_o9xde_39\" rel=\"nofollow noopener\" target=\"_blank\">som det egentlig er et flertall mot<\/a> p\u00e5 stortinget \u2013 men partiene er ikke er enige om hva som b\u00f8r v\u00e6re alternativet.<\/p>\n<p class=\"_paragraph_o9xde_4 _paragraph_xtcu6_10 layout-component text-serif-m layout-normal text-serif-m layout-padded\">\u2013 Dette er et stort ansiktsl\u00f8st byr\u00e5krati som ikke folk ser. Det er ogs\u00e5 veldig mye makt i de direkt\u00f8rstillingene. Vi 169 stortingsrepresentanter er ganske maktesl\u00f8se n\u00e5r det handler om hvordan vi skal organisere helseforetakene, det er nesten bare statsministeren, finansministeren og helseministeren som kan g\u00e5 inn og styre over dem, sier Vedum.<\/p>\n<p class=\"_paragraph_o9xde_4 _paragraph_xtcu6_10 layout-component text-serif-m layout-normal text-serif-m layout-padded\">Men han sier man m\u00e5 starte med \u00e5 f\u00e5 vekk noen av direkt\u00f8rene, og sette ned l\u00f8nningene.<\/p>\n<p class=\"_paragraph_o9xde_4 _paragraph_xtcu6_10 layout-component text-serif-m layout-normal text-serif-m layout-padded\">\u2013 Noen argumenterer med at man m\u00e5 lokke med h\u00f8y l\u00f8nn s\u00e5 folk ikke forsvinner til privat sektor?<\/p>\n<p class=\"_paragraph_o9xde_4 _paragraph_xtcu6_10 layout-component text-serif-m layout-normal text-serif-m layout-padded\">\u2013 Ideen om at det finnes veldig mange stillinger i privat sektor med det l\u00f8nnsniv\u00e5et er feil. N\u00e5 begynner offentlig sektor \u00e5 bli l\u00f8nnsledende \u2013 og s\u00e5 vil for eksempel Helse Nord-direkt\u00f8ren si at man skal ha s\u00e5 h\u00f8y l\u00f8nn for \u00e5 lokke til seg folk, men det er jo fordi man rekrutterer fra andre deler av den typen foretak i offentlig sektor. De har f\u00e5tt v\u00e6re hjemme alene \u2013 her m\u00e5 det folkevalgt styring til.<\/p>\n<p class=\"_paragraph_o9xde_4 _paragraph_xtcu6_10 layout-component text-serif-m layout-normal text-serif-m layout-padded\">Han sier dette er penger som heller burde g\u00e5tt til \u00e5 gj\u00f8re hverdagen lettere for alle de som jobber med pasienter i helsevesenet, og mangler ressurser.<\/p>\n<p class=\"_paragraph_o9xde_4 _paragraph_xtcu6_10 layout-component text-serif-m layout-normal text-serif-m layout-padded\">\u2013 Om R\u00f8kke vil l\u00f8nne sin direkt\u00f8rer h\u00f8yt, er det ogs\u00e5 hans egne penger. Dette er offentlige penger, det er skattefinansiert, og det krever ogs\u00e5 en ekstra varsomhet n\u00e5r det gjelder l\u00f8nnsniv\u00e5, sier han.<\/p>\n<p class=\"_paragraph_o9xde_4 _paragraph_xtcu6_10 layout-component text-serif-m layout-normal text-serif-m layout-padded\">Hans konklusjon er klar:<\/p>\n<p class=\"_paragraph_o9xde_4 _paragraph_xtcu6_10 layout-component text-serif-m layout-normal text-serif-m layout-padded\">\u2013 Det er for h\u00f8y l\u00f8nn, og det er for mange direkt\u00f8rer. Det her m\u00e5 vi gj\u00f8re noe med \u2013 og hvis ikke, s\u00e5 kommer det bare til \u00e5 ese ut videre.<\/p>\n<p>Vestre: \u2013 Unyansert<\/p>\n<p class=\"_paragraph_o9xde_4 _paragraph_xtcu6_10 layout-component text-serif-m layout-normal text-serif-m layout-padded\">\u2013 Dette er en viktig debatt, men jeg synes p\u00e5standene fra Vedum blir unyanserte. Det er for eksempel mer enn 150 000 ansatte i helseforetakene. Det b\u00f8r med n\u00e5r en fremholder 641 direkt\u00f8rer, svarer helseminister Jan Christian Vestre (Ap).<\/p>\n<p class=\"_paragraph_o9xde_4 _paragraph_xtcu6_10 layout-component text-serif-m layout-normal text-serif-m layout-padded\">Han p\u00e5peker at det ikke er lenge siden Vedum ar finansminister, og sier han vet at benevnelsen avdelingsdirekt\u00f8r og fagdirekt\u00f8r over mange \u00e5r har blitt benyttet i embetsverkene, \u00abuten at det er noe \u00abdirekt\u00f8rvelde\u00bb der\u00bb.<\/p>\n<p class=\"_paragraph_o9xde_4 _paragraph_xtcu6_10 layout-component text-serif-m layout-normal text-serif-m layout-padded\">\u2013 Jeg synes ogs\u00e5 det er upassende \u00e5 omtale andre mennesker som ansiktsl\u00f8se. Min erfaring fra helse-Norge er at dyktige og engasjerte mennesker p\u00e5 alle niv\u00e5er gj\u00f8r sitt beste for at innbyggerne v\u00e5re skal ha gode tjenester.<\/p>\n<p class=\"_paragraph_o9xde_4 _paragraph_xtcu6_10 layout-component text-serif-m layout-normal text-serif-m layout-padded\">Han sier regjeringen i forslaget til statsbudsjett foresl\u00e5tt \u00e5 flytte 300 millioner kroner fra helsebyr\u00e5kratiet over til pasientbehandling, startet et arbeid med \u00e5 fjerne un\u00f8dvendige opgaver, og varslet en gjennomgang av lederl\u00f8nninger.<\/p>\n<p class=\"_paragraph_o9xde_4 _paragraph_xtcu6_10 layout-component text-serif-m layout-normal text-serif-m layout-padded\">\u2013 Dette er en del av et st\u00f8rre reformarbeid som skal sikre at hver helsekrone brukes mest mulig effektivt.<\/p>\n","protected":false},"excerpt":{"rendered":"Tall fra Helse- og omsorgsdepartementet viser at det er 641 direkt\u00f8rer i helsevesenet som f\u00e5r 1,15 mrd. i&hellip;\n","protected":false},"author":2,"featured_media":73933,"comment_status":"","ping_status":"","sticky":false,"template":"","format":"standard","meta":{"footnotes":""},"categories":[12],"tags":[20,21,3472,24,25,15,736,22,23,13,30,28,281,29,14,6139,16,26,27,42,205,43,44,45],"class_list":{"0":"post-73932","1":"post","2":"type-post","3":"status-publish","4":"format-standard","5":"has-post-thumbnail","7":"category-verden","8":"tag-breaking-news","9":"tag-breakingnews","10":"tag-byrakrati","11":"tag-featured-news","12":"tag-featurednews","13":"tag-headlines","14":"tag-helse","15":"tag-latest-news","16":"tag-latestnews","17":"tag-news","18":"tag-no","19":"tag-norge","20":"tag-norsk-politikk","21":"tag-norway","22":"tag-nyheter","23":"tag-offentlig-sektor","24":"tag-overskrifter","25":"tag-top-stories","26":"tag-topstories","27":"tag-verden","28":"tag-vgsamfunn","29":"tag-world","30":"tag-world-news","31":"tag-worldnews"},"share_on_mastodon":{"url":"https:\/\/pubeurope.com\/@no\/115462865262460881","error":""},"_links":{"self":[{"href":"https:\/\/www.europesays.com\/no\/wp-json\/wp\/v2\/posts\/73932","targetHints":{"allow":["GET"]}}],"collection":[{"href":"https:\/\/www.europesays.com\/no\/wp-json\/wp\/v2\/posts"}],"about":[{"href":"https:\/\/www.europesays.com\/no\/wp-json\/wp\/v2\/types\/post"}],"author":[{"embeddable":true,"href":"https:\/\/www.europesays.com\/no\/wp-json\/wp\/v2\/users\/2"}],"replies":[{"embeddable":true,"href":"https:\/\/www.europesays.com\/no\/wp-json\/wp\/v2\/comments?post=73932"}],"version-history":[{"count":0,"href":"https:\/\/www.europesays.com\/no\/wp-json\/wp\/v2\/posts\/73932\/revisions"}],"wp:featuredmedia":[{"embeddable":true,"href":"https:\/\/www.europesays.com\/no\/wp-json\/wp\/v2\/media\/73933"}],"wp:attachment":[{"href":"https:\/\/www.europesays.com\/no\/wp-json\/wp\/v2\/media?parent=73932"}],"wp:term":[{"taxonomy":"category","embeddable":true,"href":"https:\/\/www.europesays.com\/no\/wp-json\/wp\/v2\/categories?post=73932"},{"taxonomy":"post_tag","embeddable":true,"href":"https:\/\/www.europesays.com\/no\/wp-json\/wp\/v2\/tags?post=73932"}],"curies":[{"name":"wp","href":"https:\/\/api.w.org\/{rel}","templated":true}]}}