{"id":73938,"date":"2025-10-30T11:27:07","date_gmt":"2025-10-30T11:27:07","guid":{"rendered":"https:\/\/www.europesays.com\/no\/73938\/"},"modified":"2025-10-30T11:27:07","modified_gmt":"2025-10-30T11:27:07","slug":"odeon-kino-den-store-kinodagen-kino-i-over-24-timer-allerede-utsolgt-romerikes-blad","status":"publish","type":"post","link":"https:\/\/www.europesays.com\/no\/73938\/","title":{"rendered":"Odeon Kino, Den store kinodagen | Kino i over 24 timer: \u2013 Allerede utsolgt &#8211; Romerikes Blad"},"content":{"rendered":"<ol>\n<li><a href=\"https:\/\/news.google.com\/rss\/articles\/CBMiekFVX3lxTE1PRGRKdkdZTWlMbW5KZ1BWbEVmekZZaEx2YUs1VTEwY2tVWU9CQmN1eEVpMTVnajhzQXNNOGl6OXMyVmZ6MXR2WjNNVEZhWlV2cDFGT0ZZNnFXSUp2VV9aNFcteVpEMTJxOWtOQnlHZ2lrMjh6MFVnQzJB?oc=5\" target=\"_blank\" rel=\"nofollow noopener\">Odeon Kino, Den store kinodagen | Kino i over 24 timer: \u2013 Allerede utsolgt<\/a>&nbsp;&nbsp;Romerikes Blad<\/li>\n<li><a href=\"https:\/\/news.google.com\/rss\/articles\/CBMimAFBVV95cUxOVUlmd3pvMUIzMmVNa2dJcWlGSnpqaGk5bkVINjFjME8ycHV2MWNJeU1yT3I5T3g0MmVuX3JQc0d4Q3FobW96c2pVdUsxMjR2MDVLQnREZTdPWEpSZ1dfT3RtWnh3MDBjY3poSVo5aXgxZGp6RGUwaW96ZHd5cklGSnQ0UXJobU1FbmNOeEY1ZS1MbDlrblBlTg?oc=5\" target=\"_blank\" rel=\"nofollow noopener\">Skal vise film fra tidlig morgen til langt p\u00e5 natt<\/a>&nbsp;&nbsp;lister24.no<\/li>\n<li><a href=\"https:\/\/news.google.com\/rss\/articles\/CBMikgFBVV95cUxNb1ZwSDN2UlBVUlVndjVLcEFUVUY4YWNjbjN4M3VpWWg3bXNtQ3ZCRjhXc3NiUHBBMTV2a1NhQlhSVm5hWGFsZm95Q2haSkNCSXN1amp3a29Yamt1eWJpN0l2c0dxYjZDX1F1U3lCR083Ukk5LTdZSFRRSDFOYXBYMk1KN1JhZjZhZGZsOEZTczBGdw?oc=5\" target=\"_blank\" rel=\"nofollow noopener\">H\u00e5per p\u00e5 \u00e5 trekke hundrevis til den store kinodagen<\/a>&nbsp;&nbsp;Arbeidets Rett<\/li>\n<li><a href=\"https:\/\/news.google.com\/rss\/articles\/CBMifEFVX3lxTFBmdklyYUxKbFNXU2FHbWRxSzBLZnZBUE5wc3JIdHRjQVlSUTZxTkxGX0c0cVBReTMzeVE5cjZqdEhXU3UtOU94Q05qUW9RekVzRnVPQzVtSVVlSk9jcTBVZ3M4alFCY2ZTWUVuaUl3X0hlb2RWQjhrY2hrYTE?oc=5\" target=\"_blank\" rel=\"nofollow noopener\">Kino er popul\u00e6rt i Nordkapp<\/a>&nbsp;&nbsp;Radio Nordkapp<\/li>\n<li><a href=\"https:\/\/news.google.com\/rss\/articles\/CBMijAFBVV95cUxQWVZaLVhzbFhWRWNDdE10MjRMNzZPOGw1OWVGa3I5NVF0M3g0RU5KS2s0MnROejZZN19iWFdIRVlBWlFMRkRQQ3Bqa2xXV3hBUElPRjFOaFF3SjRSOGRpaHdvQ21pcEJ0NHQyUTltVjFNLXpuSzQzN3dhQkxraWFXR2VRLTlJM2VTWi0zTA?oc=5\" target=\"_blank\" rel=\"nofollow noopener\">(+) Tettpakka program p\u00e5 Den store kinodagen<\/a>&nbsp;&nbsp;suldalsposten<\/li>\n<\/ol>\n","protected":false},"excerpt":{"rendered":"Odeon Kino, Den store kinodagen | Kino i over 24 timer: \u2013 Allerede utsolgt&nbsp;&nbsp;Romerikes Blad Skal vise film&hellip;\n","protected":false},"author":2,"featured_media":73939,"comment_status":"","ping_status":"","sticky":false,"template":"","format":"standard","meta":{"footnotes":""},"categories":[58],"tags":[71,30,28,29,72],"class_list":{"0":"post-73938","1":"post","2":"type-post","3":"status-publish","4":"format-standard","5":"has-post-thumbnail","7":"category-underholdning","8":"tag-entertainment","9":"tag-no","10":"tag-norge","11":"tag-norway","12":"tag-underholdning"},"share_on_mastodon":{"url":"https:\/\/pubeurope.com\/@no\/115462880788805996","error":""},"_links":{"self":[{"href":"https:\/\/www.europesays.com\/no\/wp-json\/wp\/v2\/posts\/73938","targetHints":{"allow":["GET"]}}],"collection":[{"href":"https:\/\/www.europesays.com\/no\/wp-json\/wp\/v2\/posts"}],"about":[{"href":"https:\/\/www.europesays.com\/no\/wp-json\/wp\/v2\/types\/post"}],"author":[{"embeddable":true,"href":"https:\/\/www.europesays.com\/no\/wp-json\/wp\/v2\/users\/2"}],"replies":[{"embeddable":true,"href":"https:\/\/www.europesays.com\/no\/wp-json\/wp\/v2\/comments?post=73938"}],"version-history":[{"count":0,"href":"https:\/\/www.europesays.com\/no\/wp-json\/wp\/v2\/posts\/73938\/revisions"}],"wp:featuredmedia":[{"embeddable":true,"href":"https:\/\/www.europesays.com\/no\/wp-json\/wp\/v2\/media\/73939"}],"wp:attachment":[{"href":"https:\/\/www.europesays.com\/no\/wp-json\/wp\/v2\/media?parent=73938"}],"wp:term":[{"taxonomy":"category","embeddable":true,"href":"https:\/\/www.europesays.com\/no\/wp-json\/wp\/v2\/categories?post=73938"},{"taxonomy":"post_tag","embeddable":true,"href":"https:\/\/www.europesays.com\/no\/wp-json\/wp\/v2\/tags?post=73938"}],"curies":[{"name":"wp","href":"https:\/\/api.w.org\/{rel}","templated":true}]}}