{"id":73947,"date":"2025-10-30T11:36:11","date_gmt":"2025-10-30T11:36:11","guid":{"rendered":"https:\/\/www.europesays.com\/no\/73947\/"},"modified":"2025-10-30T11:36:11","modified_gmt":"2025-10-30T11:36:11","slug":"flekkefjord-spira-satte-publikumsrekord-sivert-hoyem-trollbandt-publikum-i-fullsatt-spira","status":"publish","type":"post","link":"https:\/\/www.europesays.com\/no\/73947\/","title":{"rendered":"Flekkefjord, Spira | Satte publikumsrekord: Sivert H\u00f8yem trollbandt publikum i fullsatt Spira"},"content":{"rendered":"\n<p>En k\u00f8 som strakte seg fra kiosken og helt opp til galleriets \u00f8verste trappetrinn vitnet om skyh\u00f8ye forventninger til Sivert H\u00f8yem.<\/p>\n<p>Den tidligere Madrugada-vokalisten spilte for et rekordstort publikum og innfridde til fulle.<\/p>\n<p>Stappfullt i Spira<\/p>\n<p>Regnv\u00e6ret utenfor sto i sterk kontrast til den varme og stemningsfulle atmosf\u00e6ren inne i kulturhuset.<\/p>\n<p>Publikum hadde gledet seg lenge, og det var tydelig fra f\u00f8rste tone at H\u00f8yem var i storform.<\/p>\n<p>De som ikke fikk plass p\u00e5 galleriet, ble bel\u00f8nnet med orkesterplass rett foran scenen, noe som ga en unik n\u00e6rkontakt med artisten, som virkelig leverte til gull.<\/p>\n<p>Variert setlist og personlige historier<\/p>\n<p>Sivert H\u00f8yem viste seg fra sin mest sjener\u00f8se side.<\/p>\n<p>Han tok publikum med p\u00e5 en musikalsk reise gjennom et variert l\u00e5tvalg som spente fra materiale fra hans nyeste album til elskede Madrugada-klassikere.<\/p>\n<p>Den kraftfulle stemmen og de melankolske melodiene fylte rommet, og publikum ble trollbundet av den stemningsfulle musikken.<\/p>\n<p>I tillegg til \u00e5 levere musikalske perler, b\u00f8d H\u00f8yem ogs\u00e5 p\u00e5 seg selv med sm\u00e5 historier fra sin egen karriere. Mellom l\u00e5tene trimmet han publikums lattermuskler med anekdoter fra et halv\u00e5r p\u00e5 hotell i Oslo, da han flyttet hjem til mamma p\u00e5 Sortland, og ikke minst de sjarmerende historiene fra barlivet og den \u00abuskyldige\u00bb MC-klubben p\u00e5 Sortland, som visstnok besto av seks medlemmer fordelt p\u00e5 \u00e9n motorsykkel.<\/p>\n<p>Disse personlige innblikkene skapte en intim atmosf\u00e6re og forsterket f\u00f8lelsen av \u00e5 v\u00e6re vitne til noe spesielt.<\/p>\n<p>Allsang og engasjement<\/p>\n<p>Da H\u00f8yem inviterte til allsang, l\u00f8ftet kvelden seg til nye h\u00f8yder, og snart runget Spira av publikums stemmer.<\/p>\n<p>Det enorme engasjementet og den varme mottakelsen ble bel\u00f8nnet med en rekke ekstranumre fra H\u00f8yem og band, noe publikum tydelig satte stor pris p\u00e5.<\/p>\n<p>Det var tydelig at artisten selv satte stor pris p\u00e5 responsen i Flekkefjord.<\/p>\n<p>Kudos rettes til b\u00e5de Sivert H\u00f8yem, som velger \u00e5 ta turen til de mindre scenene rundt om i Norge, og til Arne Skage, som nok en gang har vist sin teft for booking ved \u00e5 hente en artist av H\u00f8yems kaliber til Spira. Konserten ble en kveld som vil sitte lenge i minnet for alle de heldige som var til stede.<\/p>\n","protected":false},"excerpt":{"rendered":"En k\u00f8 som strakte seg fra kiosken og helt opp til galleriets \u00f8verste trappetrinn vitnet om skyh\u00f8ye forventninger&hellip;\n","protected":false},"author":2,"featured_media":73948,"comment_status":"","ping_status":"","sticky":false,"template":"","format":"standard","meta":{"footnotes":""},"categories":[58],"tags":[36,71,2987,573,155,410,10264,30,28,29,4749,10263,1510,72],"class_list":{"0":"post-73947","1":"post","2":"type-post","3":"status-publish","4":"format-standard","5":"has-post-thumbnail","7":"category-underholdning","8":"tag-art","9":"tag-entertainment","10":"tag-fb","11":"tag-flekkefjord","12":"tag-konsert","13":"tag-kultur","14":"tag-kulturhuset-spira","15":"tag-no","16":"tag-norge","17":"tag-norway","18":"tag-sivert-hoyem","19":"tag-spira","20":"tag-story","21":"tag-underholdning"},"share_on_mastodon":{"url":"https:\/\/pubeurope.com\/@no\/115462916240044837","error":""},"_links":{"self":[{"href":"https:\/\/www.europesays.com\/no\/wp-json\/wp\/v2\/posts\/73947","targetHints":{"allow":["GET"]}}],"collection":[{"href":"https:\/\/www.europesays.com\/no\/wp-json\/wp\/v2\/posts"}],"about":[{"href":"https:\/\/www.europesays.com\/no\/wp-json\/wp\/v2\/types\/post"}],"author":[{"embeddable":true,"href":"https:\/\/www.europesays.com\/no\/wp-json\/wp\/v2\/users\/2"}],"replies":[{"embeddable":true,"href":"https:\/\/www.europesays.com\/no\/wp-json\/wp\/v2\/comments?post=73947"}],"version-history":[{"count":0,"href":"https:\/\/www.europesays.com\/no\/wp-json\/wp\/v2\/posts\/73947\/revisions"}],"wp:featuredmedia":[{"embeddable":true,"href":"https:\/\/www.europesays.com\/no\/wp-json\/wp\/v2\/media\/73948"}],"wp:attachment":[{"href":"https:\/\/www.europesays.com\/no\/wp-json\/wp\/v2\/media?parent=73947"}],"wp:term":[{"taxonomy":"category","embeddable":true,"href":"https:\/\/www.europesays.com\/no\/wp-json\/wp\/v2\/categories?post=73947"},{"taxonomy":"post_tag","embeddable":true,"href":"https:\/\/www.europesays.com\/no\/wp-json\/wp\/v2\/tags?post=73947"}],"curies":[{"name":"wp","href":"https:\/\/api.w.org\/{rel}","templated":true}]}}