{"id":73951,"date":"2025-10-30T11:44:37","date_gmt":"2025-10-30T11:44:37","guid":{"rendered":"https:\/\/www.europesays.com\/no\/73951\/"},"modified":"2025-10-30T11:44:37","modified_gmt":"2025-10-30T11:44:37","slug":"slik-ser-boligen-ut-etter-brannen-store-verdier-er-tapt-varden-no","status":"publish","type":"post","link":"https:\/\/www.europesays.com\/no\/73951\/","title":{"rendered":"(+) Slik ser boligen ut etter brannen: \u2013 Store verdier er tapt &#8211; varden.no"},"content":{"rendered":"<ol>\n<li><a href=\"https:\/\/news.google.com\/rss\/articles\/CBMipwFBVV95cUxNQ1V3TXh0ZzRmbXlNT3QxYTE0NjVELU5uOXMxcWt0WFlEYVNzTlAtbUFtbGFLYVIxNGc5cWlXTG1KRzFJbWx0TjV5WkQ3V05fTVpiWkgzVGhPNVlIdFdqRGd1UWd4ZEVPaldlTHhkMEtGdjE4UVZ1cy1Nbmpsd0RBc09oNGJMQk9ObDVtSVlRdDBoQ2dJSDIyNzNUeFpDZTk0V3BlMmdmQQ?oc=5\" target=\"_blank\" rel=\"nofollow noopener\">(+) Slik ser boligen ut etter brannen: \u2013 Store verdier er tapt<\/a>&nbsp;&nbsp;varden.no<\/li>\n<li><a href=\"https:\/\/news.google.com\/rss\/articles\/CBMinwFBVV95cUxPU2kzak5zbkdYUTlQaE8yVXp3d0JveFdnSmNfTVpYcndJalBVOFRyT0lqc0YxUnF4Z0FxRXBIWndzdExyTFVQb0Z4Yi1zWFlPNGRlb3F0UnZKSmV1OXN2c1hHZFAxU3NJSzg5SGtNNmxFSU52VW5uMjhaMV8wN3JQYV92cG5FWG1ZMGtfUmZNZVZqbUJlYVBLMm1EVW9nMk0?oc=5\" target=\"_blank\" rel=\"nofollow noopener\">Hendelser, Skien | To personer evakuert under brann i Skien<\/a>&nbsp;&nbsp;Telemarksavisa<\/li>\n<li><a href=\"https:\/\/news.google.com\/rss\/articles\/CBMif0FVX3lxTE5KRnVoLWNkMk9IU0NhVE5kdkplSWVYQUlUN3FRSXRBZDZyd25fSUVYS0J0dVNsVjdrZ3k5NXpQWmswWGVyNDQtSk1ycWZEbnpvcEc4MlJDcm9JWkM0eWFtS18tamtSeFN4X041WndtNEJJdEU0b2hacGlVX1BBMlE?oc=5\" target=\"_blank\" rel=\"nofollow noopener\">To evakuert etter boligbrann i Skien \u2013 Siste nytt<\/a>&nbsp;&nbsp;NRK<\/li>\n<li><a href=\"https:\/\/news.google.com\/rss\/articles\/CBMipwFBVV95cUxNUE1yQVJtZTBfUG40THVDQzNaRi0wS3NyNW9SNnhlenRhdl8yaUZGdVQydzZsaTR6VFdISkZGcVdUeFctUDk3SF93WFF6azBhRjhnZHB2VjFGVG40UGxpUHVMWl9GeE56SHBiOUhrcXo2VURaaDBpZGZtLWJzdEFDbUc4X0tJdndCenp3bV9BcVFkcTY2SWpJSEFGU3ZwbXJ1VDZNVW04Zw?oc=5\" target=\"_blank\" rel=\"nofollow noopener\">\u2013 Jeg h\u00f8rte et h\u00f8yt smell, s\u00e5 luktet jeg r\u00f8yken. Da var det bare \u00e5 komme seg ut<\/a>&nbsp;&nbsp;varden.no<\/li>\n<li><a href=\"https:\/\/news.google.com\/rss\/articles\/CBMirwFBVV95cUxNMi1wdzlCWWFpQThVQmlzZjRJYkRIanczOEZTOHRXNFJ0Xzd2ZGQwOGo5RWl6NlJaTXM0TDFpMHp2UFlidFNxYTRuVmw0QmhTXzNITlVqcm9Jdm5obE1Kd3VnbnpadDhuVDJ5TzltYlgzcEZzalZxa0U5VUlkR0oxQjdrTkdGN0Jlb25BZHJZM0E2amR0eWY5dVRXdk1SeWc4X2dIZHo2MXNqcW5JSXVr?oc=5\" target=\"_blank\" rel=\"nofollow noopener\">Beboer om den dramatiske brannen: \u2013 Jeg fikk med meg bare pass, mobil og lommebok<\/a>&nbsp;&nbsp;Telemarksavisa<\/li>\n<\/ol>\n","protected":false},"excerpt":{"rendered":"(+) Slik ser boligen ut etter brannen: \u2013 Store verdier er tapt&nbsp;&nbsp;varden.no Hendelser, Skien | To personer evakuert&hellip;\n","protected":false},"author":2,"featured_media":73952,"comment_status":"","ping_status":"","sticky":false,"template":"","format":"standard","meta":{"footnotes":""},"categories":[10],"tags":[367,20,21,24,25,15,22,23,13,30,28,29,14,16,254,393,26,27],"class_list":{"0":"post-73951","1":"post","2":"type-post","3":"status-publish","4":"format-standard","5":"has-post-thumbnail","7":"category-norge","8":"tag-brann","9":"tag-breaking-news","10":"tag-breakingnews","11":"tag-featured-news","12":"tag-featurednews","13":"tag-headlines","14":"tag-latest-news","15":"tag-latestnews","16":"tag-news","17":"tag-no","18":"tag-norge","19":"tag-norway","20":"tag-nyheter","21":"tag-overskrifter","22":"tag-politi","23":"tag-skien","24":"tag-top-stories","25":"tag-topstories"},"share_on_mastodon":{"url":"https:\/\/pubeurope.com\/@no\/115462947683383910","error":""},"_links":{"self":[{"href":"https:\/\/www.europesays.com\/no\/wp-json\/wp\/v2\/posts\/73951","targetHints":{"allow":["GET"]}}],"collection":[{"href":"https:\/\/www.europesays.com\/no\/wp-json\/wp\/v2\/posts"}],"about":[{"href":"https:\/\/www.europesays.com\/no\/wp-json\/wp\/v2\/types\/post"}],"author":[{"embeddable":true,"href":"https:\/\/www.europesays.com\/no\/wp-json\/wp\/v2\/users\/2"}],"replies":[{"embeddable":true,"href":"https:\/\/www.europesays.com\/no\/wp-json\/wp\/v2\/comments?post=73951"}],"version-history":[{"count":0,"href":"https:\/\/www.europesays.com\/no\/wp-json\/wp\/v2\/posts\/73951\/revisions"}],"wp:featuredmedia":[{"embeddable":true,"href":"https:\/\/www.europesays.com\/no\/wp-json\/wp\/v2\/media\/73952"}],"wp:attachment":[{"href":"https:\/\/www.europesays.com\/no\/wp-json\/wp\/v2\/media?parent=73951"}],"wp:term":[{"taxonomy":"category","embeddable":true,"href":"https:\/\/www.europesays.com\/no\/wp-json\/wp\/v2\/categories?post=73951"},{"taxonomy":"post_tag","embeddable":true,"href":"https:\/\/www.europesays.com\/no\/wp-json\/wp\/v2\/tags?post=73951"}],"curies":[{"name":"wp","href":"https:\/\/api.w.org\/{rel}","templated":true}]}}