{"id":73957,"date":"2025-10-30T11:55:14","date_gmt":"2025-10-30T11:55:14","guid":{"rendered":"https:\/\/www.europesays.com\/no\/73957\/"},"modified":"2025-10-30T11:55:14","modified_gmt":"2025-10-30T11:55:14","slug":"ut-mot-usa-fantasifullt","status":"publish","type":"post","link":"https:\/\/www.europesays.com\/no\/73957\/","title":{"rendered":"Ut mot USA: &#8211; Fantasifullt"},"content":{"rendered":"<p> &#8211; Situasjonen har ikke v\u00e6rt s\u00e5 spent siden avd\u00f8de Hugo Chavez tok makta for mer enn 25 \u00e5r siden. <\/p>\n<p>Det sier statsviter, forfatter og\u00a0 professor ved Senter for global b\u00e6rekraft ved UiO, Benedicte Bull, til Dagbladet.<\/p>\n<p>De siste to m\u00e5nedene har USA gjennom ti angrep drept minst 57 personer utenfor kysten til Venezuela, if\u00f8lge USAs krigsdepartement.<\/p>\n<p>Hver gang har amerikanske myndigheter hevdet at de har drept \u00abnarkoterrorister\u00bb p\u00e5 vei til USA. Venezuelanske myndigheter hevder at flere av dem har v\u00e6rt fiskere.\u00a0<\/p>\n<p>Hvem har rett? Og stemmer det at presidenten i Venezuela leder et kartell som smugler narkotika inn i USA?<\/p>\n<p>          <img loading=\"lazy\" decoding=\"async\" src=\"https:\/\/www.europesays.com\/no\/wp-content\/uploads\/2025\/10\/83783279.webp\" width=\"980\" height=\"559\" title=\"BRUTALT: USAs siste angrep skjedde mandag og tok livet av 14 personer, skriver krigsministeren p\u00e5 X. Foto: Skjermdump \/ @SecWar\" alt=\"\" class=\"\" style=\"--aspect-ratio-image: 1.75; \"\/><\/p>\n<p>\n          BRUTALT: USAs siste angrep skjedde mandag og tok livet av 14 personer, skriver krigsministeren p\u00e5 X. Foto: Skjermdump \/ @SecWar\n      <\/p>\n<p>&#8211; Narrativet til USA er feil\t<\/p>\n<p>Da Donald Trump kom til makta 20. januar i \u00e5r skrev han under p\u00e5 en presidentordre som ga ytterligere sanksjoner mot Venezuela og \u00e5pnet for \u00e5 betegne kartellene i landet som terrororganisasjoner.\u00a0<\/p>\n<p>En m\u00e5ned seinere utpekte han <a href=\"https:\/\/www.state.gov\/foreign-terrorist-organizations\" rel=\"nofollow noopener\" target=\"_blank\">\u00e5tte latinamerikanske gjenger<\/a> som\u00a0 \u00abutenlandske terrororganisasjoner\u00bb &#8211; en tittel som tidligere har v\u00e6rt forbeholdt ideologisk motiverte organisasjoner som Al-Qaida, Boko Haram og IS.\u00a0<\/p>\n<p>    <a itemprop=\"url\" href=\"https:\/\/www.dagbladet.no\/meninger\/boller-mot-banditter\/83772071\" rel=\"nofollow noopener\" target=\"_blank\"><\/p>\n<p>      <img loading=\"lazy\" decoding=\"async\" src=\"https:\/\/www.europesays.com\/no\/wp-content\/uploads\/2025\/10\/83528468.webp\" width=\"980\" height=\"441\" title=\"B\u00f8ller mot banditter\" alt=\"\" class=\"lazyload\" style=\"--aspect-ratio-image: 2.22; \"\/><\/p>\n<p>        B\u00f8ller mot banditter<\/p>\n<p>    <\/a><\/p>\n<p>Trump hevet ogs\u00e5 dus\u00f8ren for p\u00e5gripelsen av Venezuelas president Nicolas Maduro til 25 millioner dollar, if\u00f8lge\u00a0<a href=\"https:\/\/www.reuters.com\/world\/americas\/us-slaps-new-sanctions-venezuela-officials-maduro-inaugurated-2025-01-10\/\" rel=\"nofollow noopener\" target=\"_blank\">Reuters.<\/a>\u00a0I august ble dus\u00f8ren hevet igjen til 50 millioner dollar.<\/p>\n<p>&#8211; Maduro er ikke presidenten i Venezuela og hans regime er ikke de legitime myndighetene. Maduro er lederen for Cartel de Los Soles, en narko-terrororganisasjon som har tatt over landet, har utenriksminister Marco Rubio skrevet p\u00e5 <a href=\"https:\/\/x.com\/SecRubio\/status\/1949424526401692094\" rel=\"nofollow\">X.<\/a><\/p>\n<p class=\"font-weight-bold m-font-weight-bold\" data-lab-font_weight=\"font-weight-bold\">&#8211;\u00a0Det er fantasifullt, sier Benedicte Bull.\u00a0<\/p>\n<p>&#8211; Det stemmer at han stjal valget i fjor. Og det er masse kriminalitet som foreg\u00e5r p\u00e5 venezuelansk jord. Mye av det tjener myndighetene penger p\u00e5 og mye ser de gjennom fingrene med, men ingen har p\u00e5vist eksistensen av et kartell styrt av regjeringen. Narrativet til USA er rett og slett feil, legger hun til og forklarer bakgrunnen:\u00a0<\/p>\n<p>Venezuela har v\u00e6rt gjennom en \u00f8konomisk kollaps. P\u00e5 toppen av det har oljeinntektene blitt strupet av sanksjoner fra USA. I mangel av arbeid og sosiale sikkerhetsnett har \u00abnesten hele landet blitt svarteb\u00f8rshandlere\u00bb, forklarer hun.<\/p>\n<p>        <img loading=\"lazy\" decoding=\"async\" itemprop=\"image\" src=\"https:\/\/www.europesays.com\/no\/wp-content\/uploads\/2025\/10\/83783734.webp\" width=\"180\" height=\"180\" alt=\"Benedicte Bull\"\/><\/p>\n<p>            Benedicte Bull<br \/>\n            Benedicte<br \/>\n            Bull        <\/p>\n<p>Professor ved Senter for global b\u00e6rekraft ved UiO<\/p>\n<p>En del av inntektene i \u00f8konomien kommer fra kokainhandel og det er store omr\u00e5der hvor myndighetene ikke har sl\u00e5tt ned p\u00e5 det, hevder Bull.\u00a0<\/p>\n<p>&#8211; Venezuela har store problemer, men det er jo mye mer komplekst enn at Maduro leder et kartell, sier Latin-Amerika-eksperten.<\/p>\n<p>    Krisen i Venezuela<\/p>\n<ul>\n<li class=\"lab-bodytext-line\">Oljerike Venezuela sliter med skyh\u00f8y inflasjon, dyp fattigdom, \u00f8kende kriminalitet og arbeidsledighet, samt mangel p\u00e5 medisiner og basisvarer.<\/li>\n<li class=\"lab-bodytext-line\">Opposisjonen mener president Nicol\u00e1s Maduros vanstyre er \u00e5rsak til den dype \u00f8konomiske krisen. USA har innf\u00f8rt sanksjoner mot presidenten og stemplet ham som diktator.<\/li>\n<li class=\"lab-bodytext-line\">I 2017 ble minst 125 mennesker drept i forbindelse med demonstrasjoner mot presidenten og hans regjering.<\/li>\n<li class=\"lab-bodytext-line\">I juli 2017 gjennomf\u00f8rte\u00a0Maduro\u00a0et omstridt valg p\u00e5 en ny grunnlovsforsamling. Den fikk makt til \u00e5 endre lover og i praksis sette til side nasjonalforsamlingen, som opposisjonen har kontrollert siden valget i 2015.<\/li>\n<li class=\"lab-bodytext-line\">Maduro\u00a0ble gjenvalgt i mai 2018 i et valg deler av opposisjonen boikottet og USA, EU og Organisasjonen av amerikanske stater (OAS) kritiserte.<\/li>\n<li class=\"lab-bodytext-line\">4 millioner venezuelanere har flyktet fra landet, if\u00f8lge FNs h\u00f8ykommiss\u00e6r for flyktninger (UNHCR) og Den internasjonale organisasjonen for migrasjon (IOM).<\/li>\n<li class=\"lab-bodytext-line\">23. januar utropte opposisjonsleder Juan Guaid\u00f3 seg selv til midlertidig president, med st\u00f8tte fra den opposisjonskontrollerte nasjonalforsamlingen i landet.<\/li>\n<li class=\"lab-bodytext-line\">USA var raskt ute med \u00e5 anerkjenne Guaid\u00f3 som \u00ablegitim president\u00bb og har siden f\u00e5tt f\u00f8lge av rundt 50 land.<\/li>\n<li class=\"lab-bodytext-line\">FN, EU og Norge anerkjenner ikke Guaid\u00f3 som president i Venezuela og oppfordrer til en forhandlingsl\u00f8sning p\u00e5 krisen i landet.<\/li>\n<li class=\"lab-bodytext-line\">Representanter for regimet og opposisjonen har innledet samtaler med Norge som tilrettelegger.<\/li>\n<li class=\"lab-bodytext-line\">Partene har hatt flere m\u00f8ter i Oslo, men samtalene er n\u00e5 flyttet til Barbados.<\/li>\n<p class=\"lab-bodytext-line\">\u00a0(NTB)<\/p>\n<\/ul>\n<p>      Vis mer<br \/>\n      Vis mindre<\/p>\n<p>Hvem kan man stole p\u00e5?\t<\/p>\n<p>I mars ble 250 personer deportert fra USA og plassert i <a href=\"https:\/\/www.dagbladet.no\/nyheter\/nye-sjokkbilder-fra-megafengsel\/81540031\" rel=\"nofollow noopener\" target=\"_blank\">skrekkfengselet Terrorist Confinement Center<\/a> i El Salvador.\u00a0<\/p>\n<p>&#8211; Jeg konstaterer og erkl\u00e6rer at Tren de Aragua utf\u00f8rer, fors\u00f8ker \u00e5 utf\u00f8re, og truer med en invasjon eller fiendtlig inntrengning mot USAs territorium, skrev Trump i en erkl\u00e6ring.\u00a0<\/p>\n<p>Kartellet Tren de Aragua startet opprinnelig i et venezuelansk fengsel. Siden har de vokst til en internasjonal kriminell organisasjon. De driver blant annet med menneskesmugling, prostitusjonsringer, utpressing av bedrifter og narkotikahandling, forteller Bull.\u00a0<\/p>\n<p>&#8211; At Tren de Aragua er en brutal gjeng, er \u00e5penbart, sier hun.\u00a0<\/p>\n<p> Flere av de drepte under angrepene mot b\u00e5ter i Karibien har ogs\u00e5 v\u00e6rt medlemmer av kartellet, if\u00f8lge USA. Venezuelanske myndigheter har benektet dette. <\/p>\n<p>&#8211; Hvem skal man stole p\u00e5?<\/p>\n<p>&#8211; Det er vanskelig \u00e5 vite. Tidligere var det kystvakten som stoppet disse b\u00e5tene og arresterte mannskapet. Da fikk man vite hvem de var og hvor de kom fra. N\u00e5 blir de bombet uten at man f\u00e5r noe informasjon. Tre har overlevd, og de ble sendt direkte tilbake til sine hjemland i stedet for \u00e5 bli stilt for retten i USA. Det tyder p\u00e5 at de ikke har nok p\u00e5 dem, sier Bull.<\/p>\n<p>&#8211; At dette kan ha v\u00e6rt b\u00e5ter med kokain, det er godt mulig, men det kan ogs\u00e5 godt ha v\u00e6rt fiskere. Det er det som er det viktige med dette. De blander kriminalitetsbekjempelse og krig, legger hun til.<\/p>\n<p>          <img loading=\"lazy\" decoding=\"async\" src=\"https:\/\/www.europesays.com\/no\/wp-content\/uploads\/2025\/10\/83783357.webp\" width=\"980\" height=\"559\" title=\"UTRIVELIG: Amerikanske myndigheter delte bilder fra skrekkfengsleet i El Salvador i mars. Foto: Tia Dufour\/U S Department of Homeland Security\" alt=\"\" class=\"\" style=\"--aspect-ratio-image: 1.75; \"\/><\/p>\n<p>\n          UTRIVELIG: Amerikanske myndigheter delte bilder fra skrekkfengsleet i El Salvador i mars. Foto: Tia Dufour\/U S Department of Homeland Security\n      <\/p>\n<p>&#8211; G\u00e5r det mer narkotika fra Venezuela enn fra nabolandene?<\/p>\n<p>&#8211; Tvert i mot. S\u00e6rlig til USA. De store utskipningene g\u00e5r fra Colombia og Ecuador. Noe g\u00e5r til Venezuela og videre gjennom Karibien til Europa og noe g\u00e5r nok til USA.<\/p>\n<p>        Tirsdag beordret president Donald Trump nok et angrep p\u00e5 det han mistenker er b\u00e5ter med \u00abnarkoterrorister\u00bb utenfor Venezuela. Video: Truth Social \/ @realDonaldTrump \/ AP. Reporter: Simone H. S\u00f8nstr\u00f8d\/Dagbladet TV<\/p>\n<p>Gr\u00f8nt lyst til CIA\t<\/p>\n<p>Forrige uke bekreftet Donald Trump at han har gitt CIA autorisasjon til \u00e5 operere i Venezuela.\u00a0<\/p>\n<p>Mandag arresterte Venezuela tre personer med tilknytning til CIA som var i ferd med \u00e5 utf\u00f8re en s\u00e5kalt falskt flagg-operasjon, if\u00f8lge den statskontrollerte TV-kanalen Venezolana de Television.\u00a0<\/p>\n<p>Venezuelas visepresident Delcy Rodriguez hevder at de planla \u00e5 angripe sitt eget skip og skylde p\u00e5 Venezuela, som et p\u00e5skudd for \u00e5 invadere landet.<\/p>\n<p>    <a itemprop=\"url\" href=\"https:\/\/www.dagbladet.no\/nyheter\/venezuela-usa-fabrikkerer-en-krig\/83768881\" rel=\"nofollow noopener\" target=\"_blank\"><\/p>\n<p>      <img loading=\"lazy\" decoding=\"async\" src=\"https:\/\/www.europesays.com\/no\/wp-content\/uploads\/2025\/10\/83768894.webp\" width=\"980\" height=\"441\" title=\"Venezuela: - USA \u00abfabrikkerer\u00bb en krig\" alt=\"\" class=\"lazyload\" style=\"--aspect-ratio-image: 2.22; \"\/><\/p>\n<p>        Venezuela: &#8211; USA \u00abfabrikkerer\u00bb en krig<\/p>\n<p>    <\/a><\/p>\n<p>&#8211; At CIA driver skjulte operasjoner i latinamerikanske land er ikke nytt, sier Bull.\u00a0<\/p>\n<p>&#8211; I den kalde krigen var veldig mye i skjul. Det var hemmelige operasjoner. Forskjellen er at de n\u00e5 ligger der med krigsskip. Dette likner mer p\u00e5 kanonb\u00e5tdiplomati, legger hun til. <\/p>\n<p>          <img loading=\"lazy\" decoding=\"async\" src=\"https:\/\/www.europesays.com\/no\/wp-content\/uploads\/2025\/10\/83783272.webp\" width=\"980\" height=\"559\" title=\"IKKE FORN\u00d8YD: Visepresident Delcy Rodriguez kommenterer p\u00e5gripelsen av p\u00e5st\u00e5tte CIA-operat\u00f8rer. REUTERS\/Leonardo Fernandez Viloria\" alt=\"\" class=\"\" style=\"--aspect-ratio-image: 1.75; \"\/><\/p>\n<p>\n          IKKE FORN\u00d8YD: Visepresident Delcy Rodriguez kommenterer p\u00e5gripelsen av p\u00e5st\u00e5tte CIA-operat\u00f8rer. REUTERS\/Leonardo Fernandez Viloria\n      <\/p>\n<p>&#8211; Bakkeangrep i gj\u00e6re\t<\/p>\n<p>Flere amerikanske krigsskip har blitt plassert utenfor kysten til Venezuela i l\u00f8pet av de siste m\u00e5nedene. N\u00e5 har krigsminister Pete Hegseth ogs\u00e5 innkalt verdens st\u00f8rste krigsskip USS Gerald Ford &#8211; som var i Oslo i september &#8211; fra Middelhavet.<\/p>\n<p>Bombefly av typen Air Force B-1B Lancer har flere ganger fl\u00f8yet langs den venezuelanske kysten de siste ukene. B-1B-flyene er de amerikanske flyene med h\u00f8yest kapasitet for bomber.\u00a0<\/p>\n<p>Mandag fl\u00f8y de 30 kilometer unna land, if\u00f8lge det amerikanske milit\u00e6rmagasinet <a href=\"https:\/\/www.airandspaceforces.com\/air-force-b-1s-fly-venezuela-again-show-of-force\/\" rel=\"nofollow noopener\" target=\"_blank\">Air and Space Forces<\/a>.\u00a0<\/p>\n<p> &#8211; Det er veldig stor sannsynlighet for at et bakkeangrep er i gj\u00e6re, sier Bull.<\/p>\n<p>          <img loading=\"lazy\" decoding=\"async\" src=\"https:\/\/www.europesays.com\/no\/wp-content\/uploads\/2025\/10\/83783310.webp\" width=\"980\" height=\"559\" title=\"I NORGE: Bombefly av denne typen har flere ganger fl\u00f8yet langs den venezuelanske kysten. Her fra en \u00f8velse ved \u00d8rland flystasjon i august. Foto: Ole Martin Wold \/ NTB\" alt=\"\" class=\"\" style=\"--aspect-ratio-image: 1.75; \"\/><\/p>\n<p>\n          I NORGE: Bombefly av denne typen har flere ganger fl\u00f8yet langs den venezuelanske kysten. Her fra en \u00f8velse ved \u00d8rland flystasjon i august. Foto: Ole Martin Wold \/ NTB\n      <\/p>\n<p>          <img loading=\"lazy\" decoding=\"async\" src=\"https:\/\/www.europesays.com\/no\/wp-content\/uploads\/2025\/10\/83783332.webp\" width=\"980\" height=\"559\" title=\"I NORGE: USS Gerald Ford under sitt siste norgesbes\u00f8k i september. Foto: Anders Martinsen \/ UAS\" alt=\"\" class=\"\" style=\"--aspect-ratio-image: 1.75; \"\/><\/p>\n<p>\n          I NORGE: USS Gerald Ford under sitt siste norgesbes\u00f8k i september. Foto: Anders Martinsen \/ UAS\n      <\/p>\n<p>&#8211; Vil f\u00e5 investeringer\t<\/p>\n<p>For en m\u00e5ned siden ble det annonsert at Maria Corina Machado, en opposisjonspolitiker i Venezuela, ble tildelt Nobels fredspris for 2025.\u00a0<\/p>\n<p>Den dediserte hun til <a href=\"https:\/\/www.dagbladet.no\/nyheter\/til-aere-for-deg\/83709451\" rel=\"nofollow noopener\" target=\"_blank\">Donald Trump.<\/a> Hun har ogs\u00e5 bedt ham om \u00e5 trappe opp st\u00f8tten til motstand mot\u00a0<a href=\"https:\/\/edition.cnn.com\/2025\/10\/15\/americas\/venezuela-machado-trump-maduro-latam-intl\" rel=\"nofollow noopener\" target=\"_blank\">\u00abkrigen Maduro f\u00f8rer mot landet hennes\u00bb.<\/a><\/p>\n<p> &#8211; Noen i administrasjonen er interessert i regimeskifte av ideologiske grunner, som utenriksminister Marco Rubio. Andre er nok mer opptatt av \u00e5 ha regimer de kan kontrollere i Latin-Amerika, sier Bull.<\/p>\n<p>Om det skulle bli et maktskifte i Venezuela er ikke problemene over, forklarer hun.\u00a0<\/p>\n<p> &#8211; Det kan bli kaotisk og veldig urolig, sier eksperten.\u00a0<\/p>\n<p>&#8211; Men de kunne potensielt f\u00e5tt betydelige investeringer. Mange bedrifter sitter med en fot inne og venter p\u00e5 at regimet skal falle. Man kunne f\u00e5tt opp produksjonen betydelig bare ved \u00e5 f\u00e5 bort sanksjonene, legger hun til.\u00a0<\/p>\n<p>Latinamerika-eksperten mener at venezuelanerne er delt n\u00e5r det kommer til hvem de st\u00f8tter. F\u00e5 \u00f8nsker milit\u00e6rintervensjon, men mange \u00f8nsker endring, hevder hun.\u00a0<\/p>\n","protected":false},"excerpt":{"rendered":"&#8211; Situasjonen har ikke v\u00e6rt s\u00e5 spent siden avd\u00f8de Hugo Chavez tok makta for mer enn 25 \u00e5r&hellip;\n","protected":false},"author":2,"featured_media":73958,"comment_status":"","ping_status":"","sticky":false,"template":"","format":"standard","meta":{"footnotes":""},"categories":[12],"tags":[20,21,24,25,15,22,23,13,30,28,29,14,16,26,27,412,42,43,44,45],"class_list":{"0":"post-73957","1":"post","2":"type-post","3":"status-publish","4":"format-standard","5":"has-post-thumbnail","7":"category-verden","8":"tag-breaking-news","9":"tag-breakingnews","10":"tag-featured-news","11":"tag-featurednews","12":"tag-headlines","13":"tag-latest-news","14":"tag-latestnews","15":"tag-news","16":"tag-no","17":"tag-norge","18":"tag-norway","19":"tag-nyheter","20":"tag-overskrifter","21":"tag-top-stories","22":"tag-topstories","23":"tag-utenriks","24":"tag-verden","25":"tag-world","26":"tag-world-news","27":"tag-worldnews"},"share_on_mastodon":{"url":"https:\/\/pubeurope.com\/@no\/115462991215858852","error":""},"_links":{"self":[{"href":"https:\/\/www.europesays.com\/no\/wp-json\/wp\/v2\/posts\/73957","targetHints":{"allow":["GET"]}}],"collection":[{"href":"https:\/\/www.europesays.com\/no\/wp-json\/wp\/v2\/posts"}],"about":[{"href":"https:\/\/www.europesays.com\/no\/wp-json\/wp\/v2\/types\/post"}],"author":[{"embeddable":true,"href":"https:\/\/www.europesays.com\/no\/wp-json\/wp\/v2\/users\/2"}],"replies":[{"embeddable":true,"href":"https:\/\/www.europesays.com\/no\/wp-json\/wp\/v2\/comments?post=73957"}],"version-history":[{"count":0,"href":"https:\/\/www.europesays.com\/no\/wp-json\/wp\/v2\/posts\/73957\/revisions"}],"wp:featuredmedia":[{"embeddable":true,"href":"https:\/\/www.europesays.com\/no\/wp-json\/wp\/v2\/media\/73958"}],"wp:attachment":[{"href":"https:\/\/www.europesays.com\/no\/wp-json\/wp\/v2\/media?parent=73957"}],"wp:term":[{"taxonomy":"category","embeddable":true,"href":"https:\/\/www.europesays.com\/no\/wp-json\/wp\/v2\/categories?post=73957"},{"taxonomy":"post_tag","embeddable":true,"href":"https:\/\/www.europesays.com\/no\/wp-json\/wp\/v2\/tags?post=73957"}],"curies":[{"name":"wp","href":"https:\/\/api.w.org\/{rel}","templated":true}]}}