{"id":73959,"date":"2025-10-30T11:56:10","date_gmt":"2025-10-30T11:56:10","guid":{"rendered":"https:\/\/www.europesays.com\/no\/73959\/"},"modified":"2025-10-30T11:56:10","modified_gmt":"2025-10-30T11:56:10","slug":"savnet-balsfjord-funn-av-dod-person-i-balsfjorden","status":"publish","type":"post","link":"https:\/\/www.europesays.com\/no\/73959\/","title":{"rendered":"Savnet, Balsfjord | Funn av d\u00f8d person i Balsfjorden"},"content":{"rendered":"\n<p>Det er gjort funn av en d\u00f8d person flytende i sj\u00f8en ved Seljelvnes i Balsfjord. Funnet ble gjort av beboere i aktuell omr\u00e5de torsdag morgen.<\/p>\n<p>Politiet fikk melding om funnet klokka 08.15, bekrefter Katrine Grimnes ved Midt-Troms politidistrikt til Nordlys.<\/p>\n<p>\u2013 Vedkommende er ikke identifisert per n\u00e5, men det vil bli gjennomf\u00f8rt obduksjon. Funnet sees i sammenheng der det tidligere i h\u00f8st ble s\u00f8kt etter en savnet person, etter funn av en kantret b\u00e5t, melder operasjonsleder Rune Nilsen.<\/p>\n<p>P\u00e5r\u00f8rende er gjort kjent med funnet.<\/p>\n<p>     iframe {<br \/>\n  width: 100% !important;<br \/>\n  height: 100% !important;<br \/>\n}<\/p>\n<p>.am-embed-ratio {<br \/>\n  position: relative;<br \/>\n  height: 0;<br \/>\n}<\/p>\n<p>.am-embed-error {<br \/>\n  color: #292827;<br \/>\n  background: #e7e6e2;<br \/>\n  padding: 10px 20px;<br \/>\n  line-height: 1.3em;<br \/>\n}<\/p>\n<p>amedia-smartembed-iframe {<br \/>\n  display: block;<br \/>\n}<\/p>\n<p>.am-embed-ratio.x-scroll {<br \/>\n  overflow-x: scroll;<br \/>\n}<\/p>\n<p>.am-embed-ratio.x-scroll iframe {<br \/>\n  min-width: 800px;<br \/>\n}<\/p>\n<p>.am-embed-ratio.x-scroll::-webkit-scrollbar {<br \/>\n  height: 8px;<br \/>\n}<\/p>\n<p>.am-embed-ratio.x-scroll::-webkit-scrollbar-track {<br \/>\n  margin: 0 10px;<br \/>\n  background-color: #eee;<br \/>\n  border-radius: 10px;<br \/>\n}<\/p>\n<p>.am-embed-ratio.x-scroll::-webkit-scrollbar-thumb {<br \/>\n  background-color: #484544;<br \/>\n  border-radius: 10px;<br \/>\n}<\/p>\n<p>amedia-smartembed iframe {<br \/>\n  border: none;<br \/>\n  width: 100%;<br \/>\n}<br \/>\n]]]]>]]><\/p>\n<p>]]><\/p>\n<p>Ronny Berglund (58) fra Troms\u00f8 ble meldt savnet fra hytta s\u00f8ndag 7. september, etter at <a href=\"https:\/\/www.nordlys.no\/guttorm-71-hentet-den-kantrede-baten-pa-land-frykter-det-verste\/s\/5-163-101075\" rel=\"Follow nofollow noopener\" target=\"_blank\">b\u00e5ten hans ble funnet kantret<\/a> p\u00e5 \u00f8stsiden av Nordkjosen i Balsfjord rundt klokka 08.30 samme dag.<\/p>\n<p>Det ble s\u00f8kt etter Berglund med <a href=\"https:\/\/www.nordlys.no\/politiet-jakter-opplysninger-om-denne-baten\/s\/5-34-2214428\" rel=\"Follow nofollow noopener\" target=\"_blank\">store ressurser gjennom hele s\u00f8ndagen<\/a>, og s\u00f8ket ble f\u00f8rst avbl\u00e5st da det <a href=\"https:\/\/www.nordlys.no\/soker-med-store-ressurser-onsker-tips-fra-folk-som-kan-ha-sett-noe-pa-havet\/s\/5-34-2214589\" rel=\"Follow nofollow noopener\" target=\"_blank\">ikke lengre var h\u00e5p om \u00e5 finne ham i livet<\/a> p\u00e5 senkvelden.<\/p>\n<p>  <a href=\"https:\/\/www.nordlys.no\/5-34-2216016\" class=\"related-teaser has-image default-story-teaser article--c-eRUmMG article--c-eRUmMG-jKCPdD-design-default\" rel=\"nofollow noopener\" target=\"_blank\"><\/p>\n<p>    <img decoding=\"async\" loading=\"lazy\"  src=\"https:\/\/www.europesays.com\/no\/wp-content\/uploads\/2025\/09\/ronny+berglund.JPG\" alt=\"\" class=\"brick-c-cFOWSL\" style=\"\"\/><\/p>\n<p>\n            Les ogs\u00e5<\/p>\n<p>              Ronny er savnet \u2013 familien h\u00e5per p\u00e5 hjelp til \u00e5 finne ham\n        <\/p>\n<p>  <\/a><\/p>\n<p>Det ble igjen gjort <a href=\"https:\/\/www.nordlys.no\/ber-folk-i-balsfjord-folge-ekstra-godt-med-onsker-tips\/s\/5-34-2221342\" rel=\"Follow nofollow noopener\" target=\"_blank\">omfattende og grundige s\u00f8k<\/a> i og langs fjorden etter Berglund helga 20. og 21. september, uten funn.<\/p>\n<p>Hovedhypotesen til politiet har hele tiden v\u00e6rt at Berglund var om bord p\u00e5 b\u00e5ten da den kantret, og at det har skjedd et uhell.<\/p>\n<p>  <a href=\"https:\/\/www.nordlys.no\/5-34-2221342\" class=\"related-teaser has-image default-story-teaser article--c-eRUmMG article--c-eRUmMG-jKCPdD-design-default\" rel=\"nofollow noopener\" target=\"_blank\"><\/p>\n<p>    <img decoding=\"async\" loading=\"lazy\"  src=\"https:\/\/www.europesays.com\/no\/wp-content\/uploads\/2025\/10\/IMG_8976.jpg\" alt=\"\" class=\"brick-c-cFOWSL\" style=\"\"\/><\/p>\n<p>\n            Les ogs\u00e5<\/p>\n<p>               Ber turg\u00e5ere v\u00e6re ekstra oppmerksomme\n        <\/p>\n<p>  <\/a><\/p>\n","protected":false},"excerpt":{"rendered":"Det er gjort funn av en d\u00f8d person flytende i sj\u00f8en ved Seljelvnes i Balsfjord. Funnet ble gjort&hellip;\n","protected":false},"author":2,"featured_media":73960,"comment_status":"","ping_status":"","sticky":false,"template":"","format":"standard","meta":{"footnotes":""},"categories":[10],"tags":[36,3667,20,21,24,25,15,22,23,13,30,28,29,14,16,563,48,1510,26,27],"class_list":{"0":"post-73959","1":"post","2":"type-post","3":"status-publish","4":"format-standard","5":"has-post-thumbnail","7":"category-norge","8":"tag-art","9":"tag-balsfjord","10":"tag-breaking-news","11":"tag-breakingnews","12":"tag-featured-news","13":"tag-featurednews","14":"tag-headlines","15":"tag-latest-news","16":"tag-latestnews","17":"tag-news","18":"tag-no","19":"tag-norge","20":"tag-norway","21":"tag-nyheter","22":"tag-overskrifter","23":"tag-politiet-i-troms","24":"tag-savnet","25":"tag-story","26":"tag-top-stories","27":"tag-topstories"},"share_on_mastodon":{"url":"https:\/\/pubeurope.com\/@no\/115462994879091377","error":""},"_links":{"self":[{"href":"https:\/\/www.europesays.com\/no\/wp-json\/wp\/v2\/posts\/73959","targetHints":{"allow":["GET"]}}],"collection":[{"href":"https:\/\/www.europesays.com\/no\/wp-json\/wp\/v2\/posts"}],"about":[{"href":"https:\/\/www.europesays.com\/no\/wp-json\/wp\/v2\/types\/post"}],"author":[{"embeddable":true,"href":"https:\/\/www.europesays.com\/no\/wp-json\/wp\/v2\/users\/2"}],"replies":[{"embeddable":true,"href":"https:\/\/www.europesays.com\/no\/wp-json\/wp\/v2\/comments?post=73959"}],"version-history":[{"count":0,"href":"https:\/\/www.europesays.com\/no\/wp-json\/wp\/v2\/posts\/73959\/revisions"}],"wp:featuredmedia":[{"embeddable":true,"href":"https:\/\/www.europesays.com\/no\/wp-json\/wp\/v2\/media\/73960"}],"wp:attachment":[{"href":"https:\/\/www.europesays.com\/no\/wp-json\/wp\/v2\/media?parent=73959"}],"wp:term":[{"taxonomy":"category","embeddable":true,"href":"https:\/\/www.europesays.com\/no\/wp-json\/wp\/v2\/categories?post=73959"},{"taxonomy":"post_tag","embeddable":true,"href":"https:\/\/www.europesays.com\/no\/wp-json\/wp\/v2\/tags?post=73959"}],"curies":[{"name":"wp","href":"https:\/\/api.w.org\/{rel}","templated":true}]}}