{"id":73975,"date":"2025-10-30T12:10:09","date_gmt":"2025-10-30T12:10:09","guid":{"rendered":"https:\/\/www.europesays.com\/no\/73975\/"},"modified":"2025-10-30T12:10:09","modified_gmt":"2025-10-30T12:10:09","slug":"ulykker-trafikk-bil-havnet-av-veien-og-landet-pa-taket","status":"publish","type":"post","link":"https:\/\/www.europesays.com\/no\/73975\/","title":{"rendered":"Ulykker, Trafikk | Bil havnet av veien og landet p\u00e5 taket"},"content":{"rendered":"\n<p>Torsdag morgen har n\u00f8detatene rykket ut etter \u00e5 ha f\u00e5tt melding om en personbil som har havnet ut av veien og landet p\u00e5 taket. Dette skal ha skjedd p\u00e5 fylkesvei 17, nord for Sandnessj\u00f8en Lufthavn.<\/p>\n<p>Det var en person i bilen, og vedkommende skal v\u00e6re forsl\u00e5tt, men bevisst.<\/p>\n<p>\u2013 Personen blir ivaretatt av helse, melder operasjonsleder Kai Henrik Eriksen i politiloggen.<\/p>\n<p>Det er ingen andre involvert i trafikkuhellet, og ulykka hindrer ikke \u00f8vrig trafikk.<\/p>\n<p>Politiet vil opprette sak p\u00e5 hendelsen.<\/p>\n<p>   <img decoding=\"async\" width=\"2329\" height=\"1578\" fetchpriority=\"low\"  loading=\"lazy\"  src=\"https:\/\/www.europesays.com\/no\/wp-content\/uploads\/2025\/10\/1761826209_580_photo.jpg\" alt=\"\" class=\"brick-c-cFOWSL\" style=\"--brick-image-ratio: 2329 \/ 1578;\"\/><\/p>\n<p>      P\u00c5 TAKET: Det var en person i bilen som ble ivaretatt av helse.<br \/>\n      Foto: Stine Aleksandersen\n    <\/p>\n","protected":false},"excerpt":{"rendered":"Torsdag morgen har n\u00f8detatene rykket ut etter \u00e5 ha f\u00e5tt melding om en personbil som har havnet ut&hellip;\n","protected":false},"author":2,"featured_media":73976,"comment_status":"","ping_status":"","sticky":false,"template":"","format":"standard","meta":{"footnotes":""},"categories":[10],"tags":[36,20,21,24,25,15,22,23,13,30,28,29,14,16,1953,1510,26,27,224,1204],"class_list":{"0":"post-73975","1":"post","2":"type-post","3":"status-publish","4":"format-standard","5":"has-post-thumbnail","7":"category-norge","8":"tag-art","9":"tag-breaking-news","10":"tag-breakingnews","11":"tag-featured-news","12":"tag-featurednews","13":"tag-headlines","14":"tag-latest-news","15":"tag-latestnews","16":"tag-news","17":"tag-no","18":"tag-norge","19":"tag-norway","20":"tag-nyheter","21":"tag-overskrifter","22":"tag-sandnessjoen","23":"tag-story","24":"tag-top-stories","25":"tag-topstories","26":"tag-trafikk","27":"tag-ulykker"},"share_on_mastodon":{"url":"https:\/\/pubeurope.com\/@no\/115463049905521434","error":""},"_links":{"self":[{"href":"https:\/\/www.europesays.com\/no\/wp-json\/wp\/v2\/posts\/73975","targetHints":{"allow":["GET"]}}],"collection":[{"href":"https:\/\/www.europesays.com\/no\/wp-json\/wp\/v2\/posts"}],"about":[{"href":"https:\/\/www.europesays.com\/no\/wp-json\/wp\/v2\/types\/post"}],"author":[{"embeddable":true,"href":"https:\/\/www.europesays.com\/no\/wp-json\/wp\/v2\/users\/2"}],"replies":[{"embeddable":true,"href":"https:\/\/www.europesays.com\/no\/wp-json\/wp\/v2\/comments?post=73975"}],"version-history":[{"count":0,"href":"https:\/\/www.europesays.com\/no\/wp-json\/wp\/v2\/posts\/73975\/revisions"}],"wp:featuredmedia":[{"embeddable":true,"href":"https:\/\/www.europesays.com\/no\/wp-json\/wp\/v2\/media\/73976"}],"wp:attachment":[{"href":"https:\/\/www.europesays.com\/no\/wp-json\/wp\/v2\/media?parent=73975"}],"wp:term":[{"taxonomy":"category","embeddable":true,"href":"https:\/\/www.europesays.com\/no\/wp-json\/wp\/v2\/categories?post=73975"},{"taxonomy":"post_tag","embeddable":true,"href":"https:\/\/www.europesays.com\/no\/wp-json\/wp\/v2\/tags?post=73975"}],"curies":[{"name":"wp","href":"https:\/\/api.w.org\/{rel}","templated":true}]}}