{"id":73978,"date":"2025-10-30T12:13:09","date_gmt":"2025-10-30T12:13:09","guid":{"rendered":"https:\/\/www.europesays.com\/no\/73978\/"},"modified":"2025-10-30T12:13:09","modified_gmt":"2025-10-30T12:13:09","slug":"surnadal-svarrabaerje-teaterlag-jubilerer-med-premiere-i-kveld","status":"publish","type":"post","link":"https:\/\/www.europesays.com\/no\/73978\/","title":{"rendered":"Surnadal, Svarrab\u00e6rje teaterlag | Jubilerer med premiere i kveld"},"content":{"rendered":"\n<p>Svarrab\u00e6rje teaterlag inviterer til premiere p\u00e5 revyen Storfemti torsdag kveld, med p\u00e5f\u00f8lgende forestillinger fredag og l\u00f8rdag.<\/p>\n<p>Tidens Krav var p\u00e5 generalpr\u00f8ven onsdag kveld.<\/p>\n<p>Uten \u00e5 r\u00f8pe for mye, kan vi sl\u00e5 fast at revygjengen i teaterlaget har laget en jubileumsforestilling med en god miks av nytt og aktuelt lokalt stoff, og innslag fra noen av de mange teater- og revyoppsetningene forgjengerne i teaterlaget har levert siden \u00abArvebrevet\u00bb ble satt opp i 1965.<\/p>\n<p>Etter det satte Surnadal Bygdeungdomslag opp en lang rekke med teater og revyer, til stor forn\u00f8yelse for b\u00e5de lokalt og regionalt publikum.<\/p>\n<p>Svarrab\u00e6rje teaterlag tok over revytradisjonen i 1997, og s\u00f8rget dermed for at vi n\u00e5 har hatt seksti sammenhengende \u00e5r med teater og revy i Surnadal.<\/p>\n<p><b>Tidens Krav kommer med omtale og flere bilder, men ikke f\u00f8r etter premieren torsdag kveld. <\/b><\/p>\n<p>   <img decoding=\"async\" width=\"6000\" height=\"4000\" fetchpriority=\"low\"  loading=\"lazy\"  src=\"https:\/\/www.europesays.com\/no\/wp-content\/uploads\/2025\/10\/sva35_1.JPG\" alt=\"\" class=\"brick-c-cFOWSL\" style=\"--brick-image-ratio: 6000 \/ 4000;\"\/><\/p>\n<p>      Lasse L\u00f8faldli som engelen Gabriel, ett av ni innslag fra tidligere oppsetninger.<br \/>\n      Foto: Tor Helge Solli\n    <\/p>\n<p>Det er torsdag formiddag ikke mange billettene igjen til premieren. Det er det heller ikke til fredagens og l\u00f8rdagens forestillinger.<\/p>\n<p>  <a href=\"https:\/\/www.tk.no\/5-51-1747159\" class=\"related-teaser has-image default-story-teaser article--c-eRUmMG article--c-eRUmMG-jKCPdD-design-default\" wp_automatic_readability=\"1\" rel=\"nofollow noopener\" target=\"_blank\"><\/p>\n<p>    For abonnenter<\/p>\n<p>    <img decoding=\"async\" loading=\"lazy\"  src=\"https:\/\/www.europesays.com\/no\/wp-content\/uploads\/2025\/10\/image_5588594B-8133-4AD7-8CA0-7E9246CB3B72_1758782586.heic\" alt=\"\" class=\"brick-c-cFOWSL\" style=\"\"\/><\/p>\n<p>\n            Les ogs\u00e5<\/p>\n<p>  Teaterlaget jubilerer: \u2013 Det blir flere ambisi\u00f8se innslag<\/p>\n<p>  <\/a><\/p>\n<p>  <a href=\"https:\/\/www.tk.no\/5-51-1713891\" class=\"related-teaser has-image default-story-teaser article--c-eRUmMG article--c-eRUmMG-jKCPdD-design-default\" wp_automatic_readability=\"1\" rel=\"nofollow noopener\" target=\"_blank\"><\/p>\n<p>    For abonnenter<\/p>\n<p>    <img decoding=\"async\" loading=\"lazy\"  src=\"https:\/\/www.europesays.com\/no\/wp-content\/uploads\/2025\/10\/NM+revy.jpg\" alt=\"\" class=\"brick-c-cFOWSL\" style=\"\"\/><\/p>\n<p>\n            Les ogs\u00e5<\/p>\n<p>  Jannicke representerer Nordm\u00f8re i NM: \u2013 Nervene forsvant da jeg var i gang <\/p>\n<p>  <\/a><\/p>\n<p>  <a href=\"https:\/\/www.tk.no\/5-51-1608500\" class=\"related-teaser has-image default-story-teaser article--c-eRUmMG article--c-eRUmMG-jKCPdD-design-default\" wp_automatic_readability=\"1\" rel=\"nofollow noopener\" target=\"_blank\"><\/p>\n<p>    For abonnenter<\/p>\n<p>    <img decoding=\"async\" loading=\"lazy\"  src=\"https:\/\/www.europesays.com\/no\/wp-content\/uploads\/2025\/10\/nov+svarra2.JPG\" alt=\"\" class=\"brick-c-cFOWSL\" style=\"\"\/><\/p>\n<p>\n            Les ogs\u00e5<\/p>\n<p>  Hviler ikke p\u00e5 laurb\u00e6rene: \u2013 N\u00e5 planlegges jubileumsrevy<\/p>\n<p>  <\/a><\/p>\n<p>  <a href=\"https:\/\/www.tk.no\/5-51-1606300\" class=\"related-teaser has-image default-story-teaser article--c-eRUmMG article--c-eRUmMG-jKCPdD-design-default\" wp_automatic_readability=\"1\" rel=\"nofollow noopener\" target=\"_blank\"><\/p>\n<p>    For abonnenter<\/p>\n<p>    <img decoding=\"async\" loading=\"lazy\"  src=\"https:\/\/www.europesays.com\/no\/wp-content\/uploads\/2025\/10\/okt+arm45.JPG\" alt=\"\" class=\"brick-c-cFOWSL\" style=\"\"\/><\/p>\n<p>\n            Les ogs\u00e5<\/p>\n<p>  Revy i Surnadal: Tidvis glitrende og delvis hardtsl\u00e5ende<\/p>\n<p>  <\/a><\/p>\n","protected":false},"excerpt":{"rendered":"Svarrab\u00e6rje teaterlag inviterer til premiere p\u00e5 revyen Storfemti torsdag kveld, med p\u00e5f\u00f8lgende forestillinger fredag og l\u00f8rdag. Tidens Krav&hellip;\n","protected":false},"author":2,"featured_media":73979,"comment_status":"","ping_status":"","sticky":false,"template":"","format":"standard","meta":{"footnotes":""},"categories":[58],"tags":[10267,36,71,728,30,28,29,8916,1510,1716,10266,72],"class_list":{"0":"post-73978","1":"post","2":"type-post","3":"status-publish","4":"format-standard","5":"has-post-thumbnail","7":"category-underholdning","8":"tag-60-ars-jubileum","9":"tag-art","10":"tag-entertainment","11":"tag-fritid","12":"tag-no","13":"tag-norge","14":"tag-norway","15":"tag-revy","16":"tag-story","17":"tag-surnadal","18":"tag-svarrabaerje-teaterlag","19":"tag-underholdning"},"share_on_mastodon":{"url":"https:\/\/pubeurope.com\/@no\/115463061767299194","error":""},"_links":{"self":[{"href":"https:\/\/www.europesays.com\/no\/wp-json\/wp\/v2\/posts\/73978","targetHints":{"allow":["GET"]}}],"collection":[{"href":"https:\/\/www.europesays.com\/no\/wp-json\/wp\/v2\/posts"}],"about":[{"href":"https:\/\/www.europesays.com\/no\/wp-json\/wp\/v2\/types\/post"}],"author":[{"embeddable":true,"href":"https:\/\/www.europesays.com\/no\/wp-json\/wp\/v2\/users\/2"}],"replies":[{"embeddable":true,"href":"https:\/\/www.europesays.com\/no\/wp-json\/wp\/v2\/comments?post=73978"}],"version-history":[{"count":0,"href":"https:\/\/www.europesays.com\/no\/wp-json\/wp\/v2\/posts\/73978\/revisions"}],"wp:featuredmedia":[{"embeddable":true,"href":"https:\/\/www.europesays.com\/no\/wp-json\/wp\/v2\/media\/73979"}],"wp:attachment":[{"href":"https:\/\/www.europesays.com\/no\/wp-json\/wp\/v2\/media?parent=73978"}],"wp:term":[{"taxonomy":"category","embeddable":true,"href":"https:\/\/www.europesays.com\/no\/wp-json\/wp\/v2\/categories?post=73978"},{"taxonomy":"post_tag","embeddable":true,"href":"https:\/\/www.europesays.com\/no\/wp-json\/wp\/v2\/tags?post=73978"}],"curies":[{"name":"wp","href":"https:\/\/api.w.org\/{rel}","templated":true}]}}