{"id":74000,"date":"2025-10-30T12:40:09","date_gmt":"2025-10-30T12:40:09","guid":{"rendered":"https:\/\/www.europesays.com\/no\/74000\/"},"modified":"2025-10-30T12:40:09","modified_gmt":"2025-10-30T12:40:09","slug":"noen-uker-tidligere-enn-normalt","status":"publish","type":"post","link":"https:\/\/www.europesays.com\/no\/74000\/","title":{"rendered":"\u2013 Noen uker tidligere enn normalt"},"content":{"rendered":"\n<p class=\"_paragraph_o9xde_4 _paragraph_xtcu6_10 layout-component text-serif-m layout-normal text-serif-m layout-padded\">Det er s\u00e6rlig i Oslo og Midt-Norge at antall influensasyke \u00f8ker raskt, opplyser <a href=\"https:\/\/www.vg.no\/tag\/fhi?utm_source=vg-article&amp;utm_medium=auto-tagger&amp;utm_campaign=mPGoLL\" class=\"_link_o9xde_39\" rel=\"nofollow noopener\" target=\"_blank\">FHI<\/a>.<\/p>\n<p class=\"_paragraph_o9xde_4 _paragraph_xtcu6_10 layout-component text-serif-m layout-normal text-serif-m layout-padded\">De ser det er mer influensa enn normalt for denne tiden p\u00e5 \u00e5ret. <\/p>\n<p class=\"_paragraph_o9xde_4 _paragraph_xtcu6_10 layout-component text-serif-m layout-normal text-serif-m layout-padded\">\u2013 Det sees en tydelig \u00f8kning i influensa siste uke, som er noen uker tidligere enn normalt. Det er mulig at influensautbruddet i \u00e5r vil begynne tidligere enn vanlig. Eldre og risikogrupper b\u00f8r beskytte seg ved \u00e5 ta influensavaksine s\u00e5 snart som mulig, skriver FHI i en pressemelding.<\/p>\n<ul class=\"_list_o9xde_3 _list_xtcu6_9 _unordered_o9xde_106 layout-component text-serif-m layout-normal text-serif-m layout-padded\">\n<li class=\"_item_o9xde_30\">I uke 43 var 3,2 prosent av pr\u00f8vene positive for influensavirus, fra opp mot 2,0 prosent uken f\u00f8r.<\/li>\n<li class=\"_item_o9xde_30\">Antall sykehusinnleggelser med laboratoriep\u00e5vist influensa \u00f8kte, fra rundt 30 i uke 42 til n\u00e6r 90 i uke 43.<\/li>\n<\/ul>\n<p class=\"_paragraph_o9xde_4 _paragraph_xtcu6_10 layout-component text-serif-m layout-normal text-serif-m layout-padded\"><strong class=\"_strong_o9xde_25\">Influensavaksine er det beste forebyggende tiltaket mot influensasykdom, og FHI <a href=\"https:\/\/www.vg.no\/nyheter\/i\/0Venr6\/fhi-anbefaler-influensavaksine-for-risikogrupper\" data-track-element-type=\"Link\" data-track-id=\"link:0Venr6\" class=\"_link_o9xde_39\" rel=\"nofollow noopener\" target=\"_blank\">anbefaler risikogruppene \u00e5 ta vaksine<\/a> hver h\u00f8st.<\/strong><\/p>\n<p class=\"_paragraph_o9xde_4 _paragraph_xtcu6_10 layout-component text-serif-m layout-normal text-serif-m layout-padded\">\u2013 Influensavaksinen gir best beskyttelse etter 10-14 dager, derfor haster det n\u00e5 \u00e5 vaksinere seg for \u00e5 ha god effekt f\u00f8r influensautbruddet er ordentlig i gang, sier Kjersti Rydland, seniorr\u00e5dgiver ved Folkehelseinstituttet.<\/p>\n<p class=\"_paragraph_o9xde_4 _paragraph_xtcu6_10 layout-component text-serif-m layout-normal text-serif-m layout-padded\">Alle som er 65 \u00e5r og eldre, samt barn og voksne i risikogrupper f\u00e5r tilbud om vaksine mot korona og influensa. <\/p>\n<p class=\"_paragraph_o9xde_4 _paragraph_xtcu6_10 layout-component text-serif-m layout-normal text-serif-m layout-padded\">65-\u00e5ringer f\u00e5r ogs\u00e5 tilbud om vaksine mot pneumokokksykdompneumokokksykdomnfeksjon for\u00e5rsaket av bakterien Streptococcus pneumoniae, som kan gi alt fra bihule- og \u00f8rebetennelse til alvorlig lungebetennelse, blodforgiftning eller hjernehinnebetennelse. .<\/p>\n<p class=\"_paragraph_o9xde_4 _paragraph_xtcu6_10 layout-component text-serif-m layout-normal text-serif-m layout-padded\"><strong class=\"_strong_o9xde_25\">Her blir du smittet, og slik blir du frisk igjen \u2013 se video: <\/strong><\/p>\n<p>          <img decoding=\"async\" alt=\"Tips oss illustrasjon\" src=\"https:\/\/www.europesays.com\/no\/wp-content\/uploads\/2025\/10\/pssst-small.webp.webp\"\/>    <\/p>\n<p class=\"title-serif-s\">Har du tips?<\/p>\n<p class=\"text-sans-m\">Send oss informasjon, bilder eller video.<\/p>\n<p>  <a href=\"https:\/\/www.vg.no\/tips-oss\" rel=\"nofollow noopener\" target=\"_blank\"> Tips oss <\/a>      <\/p>\n","protected":false},"excerpt":{"rendered":"Det er s\u00e6rlig i Oslo og Midt-Norge at antall influensasyke \u00f8ker raskt, opplyser FHI. De ser det er&hellip;\n","protected":false},"author":2,"featured_media":74001,"comment_status":"","ping_status":"","sticky":false,"template":"","format":"standard","meta":{"footnotes":""},"categories":[10],"tags":[31,20,21,24,25,1341,15,7141,7632,22,23,13,30,28,29,14,16,9643,26,27],"class_list":{"0":"post-74000","1":"post","2":"type-post","3":"status-publish","4":"format-standard","5":"has-post-thumbnail","7":"category-norge","8":"tag-breaking","9":"tag-breaking-news","10":"tag-breakingnews","11":"tag-featured-news","12":"tag-featurednews","13":"tag-fhi","14":"tag-headlines","15":"tag-influensa","16":"tag-influensavaksine","17":"tag-latest-news","18":"tag-latestnews","19":"tag-news","20":"tag-no","21":"tag-norge","22":"tag-norway","23":"tag-nyheter","24":"tag-overskrifter","25":"tag-risikogrupper","26":"tag-top-stories","27":"tag-topstories"},"share_on_mastodon":{"url":"https:\/\/pubeurope.com\/@no\/115463167890348626","error":""},"_links":{"self":[{"href":"https:\/\/www.europesays.com\/no\/wp-json\/wp\/v2\/posts\/74000","targetHints":{"allow":["GET"]}}],"collection":[{"href":"https:\/\/www.europesays.com\/no\/wp-json\/wp\/v2\/posts"}],"about":[{"href":"https:\/\/www.europesays.com\/no\/wp-json\/wp\/v2\/types\/post"}],"author":[{"embeddable":true,"href":"https:\/\/www.europesays.com\/no\/wp-json\/wp\/v2\/users\/2"}],"replies":[{"embeddable":true,"href":"https:\/\/www.europesays.com\/no\/wp-json\/wp\/v2\/comments?post=74000"}],"version-history":[{"count":0,"href":"https:\/\/www.europesays.com\/no\/wp-json\/wp\/v2\/posts\/74000\/revisions"}],"wp:featuredmedia":[{"embeddable":true,"href":"https:\/\/www.europesays.com\/no\/wp-json\/wp\/v2\/media\/74001"}],"wp:attachment":[{"href":"https:\/\/www.europesays.com\/no\/wp-json\/wp\/v2\/media?parent=74000"}],"wp:term":[{"taxonomy":"category","embeddable":true,"href":"https:\/\/www.europesays.com\/no\/wp-json\/wp\/v2\/categories?post=74000"},{"taxonomy":"post_tag","embeddable":true,"href":"https:\/\/www.europesays.com\/no\/wp-json\/wp\/v2\/tags?post=74000"}],"curies":[{"name":"wp","href":"https:\/\/api.w.org\/{rel}","templated":true}]}}