{"id":74020,"date":"2025-10-30T12:58:22","date_gmt":"2025-10-30T12:58:22","guid":{"rendered":"https:\/\/www.europesays.com\/no\/74020\/"},"modified":"2025-10-30T12:58:22","modified_gmt":"2025-10-30T12:58:22","slug":"krim-hamaroy-politiet-deler-flere-bilder","status":"publish","type":"post","link":"https:\/\/www.europesays.com\/no\/74020\/","title":{"rendered":"Krim, Hamar\u00f8y | Politiet deler flere bilder"},"content":{"rendered":"\n<p>Tidligere denne uken gikk politiet ut med opplysningen om at den savnede Stina Hole var funnet d\u00f8d &#8211; vel 15 km fra dere han ble observert sist i 2023.<\/p>\n<p>I forbindelse med at Hole ble funnet d\u00f8d i Molvika p\u00e5 Hamar\u00f8y, \u00f8nsker politiet tips om kl\u00e6r som ble funnet p\u00e5 stedet.<\/p>\n<p>Det dreier seg om en genser av merket Stormberg, en T-skjorte av merket Angelo Litrico og en gore-tex-bukse med merkelappen Active-vent.<\/p>\n<p>\u2013 Politiet erfarer at den aktuelle T-skjorten ikke selges i Norge, og h\u00e5per derfor at noen kan dra kjensel p\u00e5 spesielt denne. Om noen av hytteeiere eller beboere p\u00e5 Hamar\u00f8y savner disse kl\u00e6rne, ber vi om at en tar kontakt med politiet p\u00e5 telefon 02800, opplyser politiadovat \u00d8yvind Reng\u00e5rd.<\/p>\n<p>Du kan se bilder av kl\u00e6rne i vinduet \u00f8verst i saken.<\/p>\n<p><b>Les ogs\u00e5: <\/b><\/p>\n<p>  <a href=\"https:\/\/www.ranablad.no\/5-42-1515066\" class=\"related-teaser has-image default-story-teaser article--c-eRUmMG article--c-eRUmMG-jKCPdD-design-default\" wp_automatic_readability=\"1.5\" rel=\"nofollow noopener\" target=\"_blank\"><\/p>\n<p>    <img decoding=\"async\" loading=\"lazy\"  src=\"https:\/\/www.europesays.com\/no\/wp-content\/uploads\/2025\/10\/Stian_Hole_savnet.jpg\" alt=\"\" class=\"brick-c-cFOWSL\" style=\"\"\/><\/p>\n<p>\n            Les ogs\u00e5<\/p>\n<p>  Har funnet antatt drepte Stian Hole etter over to \u00e5r &#8211; politiet oppretter droneforbud over funnstedet<\/p>\n<p>  <\/a><\/p>\n<p>  <a href=\"https:\/\/www.ranablad.no\/5-42-1502485\" class=\"related-teaser has-image default-story-teaser article--c-eRUmMG article--c-eRUmMG-jKCPdD-design-default\" wp_automatic_readability=\"1\" rel=\"nofollow noopener\" target=\"_blank\"><\/p>\n<p>    For abonnenter<\/p>\n<p>    <img decoding=\"async\" loading=\"lazy\"  src=\"https:\/\/www.europesays.com\/no\/wp-content\/uploads\/2025\/10\/1761829101_276_pro-u2Z4F1PO.jpeg\" alt=\"\" class=\"brick-c-cFOWSL\" style=\"\"\/><\/p>\n<p>\n            Les ogs\u00e5<\/p>\n<p>  Drapssiktet i forsvinningssak funnet d\u00f8d <\/p>\n<p>  <\/a><\/p>\n<p>  <a href=\"https:\/\/www.ranablad.no\/5-42-1466362\" class=\"related-teaser has-image default-story-teaser article--c-eRUmMG article--c-eRUmMG-jKCPdD-design-default\" wp_automatic_readability=\"1.5\" rel=\"nofollow noopener\" target=\"_blank\"><\/p>\n<p>    For abonnenter<\/p>\n<p>    <img decoding=\"async\" loading=\"lazy\"  src=\"https:\/\/www.europesays.com\/no\/wp-content\/uploads\/2025\/10\/Stian_Hole_savnet.jpg\" alt=\"\" class=\"brick-c-cFOWSL\" style=\"\"\/><\/p>\n<p>\n            Les ogs\u00e5<\/p>\n<p>  Han har v\u00e6rt sporl\u00f8st borte i to \u00e5r: \u2013 Det er noen som vet, sier mamma<\/p>\n<p>  <\/a><\/p>\n<p>  <a href=\"https:\/\/www.ranablad.no\/5-42-1251437\" class=\"related-teaser has-image default-story-teaser article--c-eRUmMG article--c-eRUmMG-jKCPdD-design-default\" wp_automatic_readability=\"1\" rel=\"nofollow noopener\" target=\"_blank\"><\/p>\n<p>    <img decoding=\"async\" loading=\"lazy\"  src=\"https:\/\/www.europesays.com\/no\/wp-content\/uploads\/2025\/10\/Bilde+av+Stian+Hole.jpg\" alt=\"\" class=\"brick-c-cFOWSL\" style=\"\"\/><\/p>\n<p>\n            Les ogs\u00e5<\/p>\n<p>  Tre personer siktet for drap p\u00e5 mann som har v\u00e6rt savnet fra Hamar\u00f8y siden i sommer<\/p>\n<p>  <\/a><\/p>\n","protected":false},"excerpt":{"rendered":"Tidligere denne uken gikk politiet ut med opplysningen om at den savnede Stina Hole var funnet d\u00f8d &#8211;&hellip;\n","protected":false},"author":2,"featured_media":74021,"comment_status":"","ping_status":"","sticky":false,"template":"","format":"standard","meta":{"footnotes":""},"categories":[10],"tags":[36,20,21,24,25,6591,15,983,22,23,13,30,28,29,14,16,10059,1510,26,27],"class_list":{"0":"post-74020","1":"post","2":"type-post","3":"status-publish","4":"format-standard","5":"has-post-thumbnail","7":"category-norge","8":"tag-art","9":"tag-breaking-news","10":"tag-breakingnews","11":"tag-featured-news","12":"tag-featurednews","13":"tag-hamaroy","14":"tag-headlines","15":"tag-krim","16":"tag-latest-news","17":"tag-latestnews","18":"tag-news","19":"tag-no","20":"tag-norge","21":"tag-norway","22":"tag-nyheter","23":"tag-overskrifter","24":"tag-stian-hole","25":"tag-story","26":"tag-top-stories","27":"tag-topstories"},"share_on_mastodon":{"url":"https:\/\/pubeurope.com\/@no\/115463238748737418","error":""},"_links":{"self":[{"href":"https:\/\/www.europesays.com\/no\/wp-json\/wp\/v2\/posts\/74020","targetHints":{"allow":["GET"]}}],"collection":[{"href":"https:\/\/www.europesays.com\/no\/wp-json\/wp\/v2\/posts"}],"about":[{"href":"https:\/\/www.europesays.com\/no\/wp-json\/wp\/v2\/types\/post"}],"author":[{"embeddable":true,"href":"https:\/\/www.europesays.com\/no\/wp-json\/wp\/v2\/users\/2"}],"replies":[{"embeddable":true,"href":"https:\/\/www.europesays.com\/no\/wp-json\/wp\/v2\/comments?post=74020"}],"version-history":[{"count":0,"href":"https:\/\/www.europesays.com\/no\/wp-json\/wp\/v2\/posts\/74020\/revisions"}],"wp:featuredmedia":[{"embeddable":true,"href":"https:\/\/www.europesays.com\/no\/wp-json\/wp\/v2\/media\/74021"}],"wp:attachment":[{"href":"https:\/\/www.europesays.com\/no\/wp-json\/wp\/v2\/media?parent=74020"}],"wp:term":[{"taxonomy":"category","embeddable":true,"href":"https:\/\/www.europesays.com\/no\/wp-json\/wp\/v2\/categories?post=74020"},{"taxonomy":"post_tag","embeddable":true,"href":"https:\/\/www.europesays.com\/no\/wp-json\/wp\/v2\/tags?post=74020"}],"curies":[{"name":"wp","href":"https:\/\/api.w.org\/{rel}","templated":true}]}}