{"id":74042,"date":"2025-10-30T13:28:26","date_gmt":"2025-10-30T13:28:26","guid":{"rendered":"https:\/\/www.europesays.com\/no\/74042\/"},"modified":"2025-10-30T13:28:26","modified_gmt":"2025-10-30T13:28:26","slug":"helse-nord-nordland-fylkeskommune-vi-har-gode-helsetjenester-i-nord","status":"publish","type":"post","link":"https:\/\/www.europesays.com\/no\/74042\/","title":{"rendered":"Helse Nord, Nordland fylkeskommune | Vi har gode helsetjenester i nord"},"content":{"rendered":"\n<p><b>Fylkestingspolitikerne i Nordland <a href=\"https:\/\/www.nfk.no\/politikk\/fylkesting\/pressemeldinger-fra-fylkesting\/fylkestinget-ber-helsedirektoratet-ta-over-ansvaret-for-helse-nord.125187.aspx\" rel=\"Follow nofollow noopener\" target=\"_blank\">forkaster helseforetaksmodellen og vil at spesialisthelsetjenesten i nord skal styres fra Helsedirektoratet i Oslo<\/a>. Det er politiske sp\u00f8rsm\u00e5l som Helse Nord ikke skal mene noe om. Vi m\u00e5 imidlertid bestemt avvise p\u00e5standen om \u00abfull kollaps\u00bb i helsetjenesten.<\/b><\/p>\n<p>Fakta gir ikke dekning for \u00e5 si at helsetjenesten i nord er i full kollaps, slik SVs fylkestingsrepresentant i Nordland, Christian Torset, p\u00e5st\u00e5r i AN 22. oktober. Det stemmer rett og slett ikke, og p\u00e5standen kan skape uberettiget uro i befolkningen om livsviktige tjenester.<\/p>\n<p>Som administrerende direkt\u00f8r i Helse Nord har jeg ansvar for spesialisthelsetjenestene i Nord-Norge. Jeg kan derfor ikke la p\u00e5standen st\u00e5 uimotsagt.<\/p>\n<p>Kvalitet<\/p>\n<p>Nasjonale kvalitetsregistre dokumenterer at vi har god kvalitet og gode behandlingsresultater i landsdelen. Helse Nord f\u00e5r resultater fra over 300 kvalitetsindikatorer hvert \u00e5r. Samlet har Helse Nord h\u00f8y til middels m\u00e5loppn\u00e5else p\u00e5 i overkant av 81% (\u00e5r 2024) av disse indikatorene, en forbedring fra 77 % i 2019. <\/p>\n<p>P\u00e5 noen omr\u00e5der ligger vi sv\u00e6rt godt an sammenlignet med andre deler av landet. Det gjelder blant annet resultatene innen behandling av slagpasienter, hjerteinfarktpasienter, diabetespasienter og pasienter som f\u00e5r leddprotesekirurgi. <\/p>\n<p>Vi mener p\u00e5 ingen m\u00e5te at alt er perfekt og at det ikke finnes omr\u00e5der som m\u00e5 forbedres. Dette jobber vi kontinuerlig med.<\/p>\n<p>Et eksempel er at vi m\u00e5 f\u00e5 opp andelen av pasienter med kreft som gjennomf\u00f8rer pakkeforl\u00f8p innen tidsm\u00e5lene som er satt nasjonalt for forl\u00f8pstid, der to andre regioner har bedre resultater enn oss.<\/p>\n<p>Et annet eksempel er at vi innenfor enkelte fagomr\u00e5der har for liten kapasitet, noen steder som f\u00f8lge av mangel p\u00e5 fagfolkene vi trenger, andre steder som f\u00f8lge av fysiske forhold som for eksempel for liten operasjonskapasitet.<\/p>\n<p>Oppn\u00e5r resultater<\/p>\n<p>Helse Nord er og har v\u00e6rt \u00e5pne om utfordringene helsetjenesten v\u00e5r st\u00e5r i. Vi skal s\u00f8rge for gode og likeverdige helsetjenester til befolkningen i nord, innenfor de budsjettrammer som er vedtatt av Stortinget.<\/p>\n<p>Den \u00f8konomiske situasjonen er krevende, vi har fortsatt underskudd og det jobbes hardt i for \u00e5 ta ned kostnadene. Vi kan ikke fortsette \u00e5 bruke penger vi ikke har. Det setter oss i en uholdbar situasjon n\u00e5r dette medf\u00f8rer at vi ikke har mulighet for \u00e5 investere i n\u00f8dvendig medisinteknisk utstyr eller i bygg. Mange mener mye om finansieringsmodellen vi har. Dette blir helt sikkert vurdert som en del av utredningen som n\u00e5 gj\u00f8res i Helsereformutvalget under ledelse av Gunnar Bovim. Utvalget skal levere sin rapport innen 1. november 2026.<\/p>\n<p>Til organiseringen eventuelt endres, er mitt ansvar \u00e5 forholde meg til den til enhver tid gjeldende organisasjons- og finansieringsmodell og de oppdrag og budsjettet Helse Nord f\u00e5r fra v\u00e5r eier.<\/p>\n<p>Vi jobber sammen med sykehusforetakene v\u00e5re, Helse Nord IKT og Sykehusapoteket nord innenfor disse rammene med mange ulike tiltak for \u00e5 m\u00f8te dagens og morgendagens utfordringer. Vi har definitivt et stykke \u00e5 g\u00e5, men vi oppn\u00e5r resultater:<\/p>\n<ul>\n<li>Ventetidene for sv\u00e6rt mange pasienter er betydelig redusert, og p\u00e5 de fleste behandlingsomr\u00e5dene p\u00e5 niv\u00e5 med tiden f\u00f8r pandemien (som for\u00e5rsaket en kraftig \u00f8kning i ventetidene i hele landet). De ansatte i sykehusforetakene har gjort en formidabel innsats for \u00e5 f\u00e5 dette til. Fortsatt er det utfordringer p\u00e5 enkelte fagomr\u00e5der. Den st\u00f8rste utfordringen n\u00e5 er mangelen p\u00e5 audiografer i UNN. Her jobbes det med mange ulike tiltak for \u00e5 bedre situasjonen, men mangelen p\u00e5 audiografer nasjonalt gj\u00f8r situasjonen vanskelig \u00e5 snu p\u00e5 kort sikt.<\/li>\n<li>Antallet fristbrudd er ogs\u00e5 vesentlig redusert. Flere pasienter f\u00e5r tilbud i v\u00e5re sykehusforetak.<\/li>\n<li>For to \u00e5r siden manglet sykehusforetakene v\u00e5re over 1000 medarbeidere. Tallet er i dag 441. Sykehusforetakene har klart \u00e5 rekruttere flere inn i faste stillinger, men samtidig ser vi at det innenfor enkelte fagomr\u00e5der ikke vil v\u00e6re mulig \u00e5 klare \u00e5 rekruttere den kompetansen vi trenger.<\/li>\n<li>Bruk av innleid arbeidskraft er p\u00e5 retur og vi ser en god utvikling, b\u00e5de med tanke p\u00e5 \u00f8konomien, men ikke minst av hensyn til redusert s\u00e5rbarhet.<\/li>\n<\/ul>\n<p>De utfordringene vi har i dag er sm\u00e5 sammenlignet med det vi vil st\u00e5 overfor de n\u00e6rmeste fem til ti \u00e5rene. Et raskt \u00f8kende antall eldre vil medf\u00f8re en betydelig \u00f8kt oppgavemengde b\u00e5de for kommunene og spesialisthelsetjenesten. Samtidig blir ungdomskullene mindre og tilgangen p\u00e5 arbeidskraft lavere. Dette rammer ikke bare spesialisthelsetjenesten, men ogs\u00e5 tjenester kommuner og fylkeskommuner har ansvar for.<\/p>\n<p>Sammen med brukerorganisasjoner, ansatte og samarbeidspartnere m\u00e5 vi f\u00e5 til nye m\u00e5ter \u00e5 levere tjenestene v\u00e5re p\u00e5 som gj\u00f8r at vi kan gi gode og likeverdige helsetjenester ogs\u00e5 framover. Vi m\u00e5 ta i bruk teknologi som bidrar til \u00e5 frigj\u00f8re tid hos fagfolkene v\u00e5re, vi m\u00e5 oppgavedele videre, vi m\u00e5 samhandle enda tettere med kommunene og prim\u00e6rhelsetjenesten og vi m\u00e5 prioritere riktig.<\/p>\n<p>Jeg anerkjenner at man i politisk meningsutveksling kan tillate seg saftig spr\u00e5kbruk. Det fritar likevel ikke ansvarlige politikere fra vanlige krav til saklighet. Vi har ikke en \u00abfull kollaps\u00bb i helsetjenestene i nord.<\/p>\n","protected":false},"excerpt":{"rendered":"Fylkestingspolitikerne i Nordland forkaster helseforetaksmodellen og vil at spesialisthelsetjenesten i nord skal styres fra Helsedirektoratet i Oslo. Det&hellip;\n","protected":false},"author":2,"featured_media":74043,"comment_status":"","ping_status":"","sticky":false,"template":"","format":"standard","meta":{"footnotes":""},"categories":[10],"tags":[36,20,21,24,25,15,8164,2105,22,23,13,30,1439,28,29,14,1533,16,5252,26,27],"class_list":{"0":"post-74042","1":"post","2":"type-post","3":"status-publish","4":"format-standard","5":"has-post-thumbnail","7":"category-norge","8":"tag-art","9":"tag-breaking-news","10":"tag-breakingnews","11":"tag-featured-news","12":"tag-featurednews","13":"tag-headlines","14":"tag-helse-nord","15":"tag-helsepolitikk","16":"tag-latest-news","17":"tag-latestnews","18":"tag-news","19":"tag-no","20":"tag-nordland-fylkeskommune","21":"tag-norge","22":"tag-norway","23":"tag-nyheter","24":"tag-opinion","25":"tag-overskrifter","26":"tag-spesialisthelsetjenesten","27":"tag-top-stories","28":"tag-topstories"},"share_on_mastodon":{"url":"https:\/\/pubeurope.com\/@no\/115463356617973668","error":""},"_links":{"self":[{"href":"https:\/\/www.europesays.com\/no\/wp-json\/wp\/v2\/posts\/74042","targetHints":{"allow":["GET"]}}],"collection":[{"href":"https:\/\/www.europesays.com\/no\/wp-json\/wp\/v2\/posts"}],"about":[{"href":"https:\/\/www.europesays.com\/no\/wp-json\/wp\/v2\/types\/post"}],"author":[{"embeddable":true,"href":"https:\/\/www.europesays.com\/no\/wp-json\/wp\/v2\/users\/2"}],"replies":[{"embeddable":true,"href":"https:\/\/www.europesays.com\/no\/wp-json\/wp\/v2\/comments?post=74042"}],"version-history":[{"count":0,"href":"https:\/\/www.europesays.com\/no\/wp-json\/wp\/v2\/posts\/74042\/revisions"}],"wp:featuredmedia":[{"embeddable":true,"href":"https:\/\/www.europesays.com\/no\/wp-json\/wp\/v2\/media\/74043"}],"wp:attachment":[{"href":"https:\/\/www.europesays.com\/no\/wp-json\/wp\/v2\/media?parent=74042"}],"wp:term":[{"taxonomy":"category","embeddable":true,"href":"https:\/\/www.europesays.com\/no\/wp-json\/wp\/v2\/categories?post=74042"},{"taxonomy":"post_tag","embeddable":true,"href":"https:\/\/www.europesays.com\/no\/wp-json\/wp\/v2\/tags?post=74042"}],"curies":[{"name":"wp","href":"https:\/\/api.w.org\/{rel}","templated":true}]}}