{"id":74046,"date":"2025-10-30T13:35:07","date_gmt":"2025-10-30T13:35:07","guid":{"rendered":"https:\/\/www.europesays.com\/no\/74046\/"},"modified":"2025-10-30T13:35:07","modified_gmt":"2025-10-30T13:35:07","slug":"klimakrise-sb-mener-kjaere-barna-jeg-beklager-dere-trenger-ikke-a-ga-fra-dor-til-dor-for-a-skremme-oss","status":"publish","type":"post","link":"https:\/\/www.europesays.com\/no\/74046\/","title":{"rendered":"Klimakrise, SB Mener | Kj\u00e6re barna, jeg beklager \u2013 dere trenger ikke \u00e5 g\u00e5 fra d\u00f8r til d\u00f8r for \u00e5 skremme oss"},"content":{"rendered":"\n<p>Jeg kan ikke lenger se et barn, uten \u00e5 kjenne et stikk av d\u00e5rlig samvittighet, og det gj\u00f8r det s\u00e5 anstrengende \u00e5 dra p\u00e5 shopping.<\/p>\n<p><b>S\u00e5 unnskyld!<\/b><\/p>\n<p>Hva er det vi overlater til de neste generasjonene? Hvor er det vi feilet?<\/p>\n<p>Fredag kveld skal barna v\u00e5re kle seg ut som troll, draculaer og det som verre er \u2013 men ingenting som overg\u00e5r de monstrene vi er blitt vant til \u00e5 se p\u00e5 nyhetene. Ja, for enn\u00e5 har ingen barn kledd seg ut som \u00f8kt oljeutvinning eller europeisk sikkerhetspolitikk.<\/p>\n<p>M\u00e5lt opp mot virkeligheten blir utkledde barn bare s\u00f8te. Skj\u00f8nt, det er de jo likevel.<\/p>\n<p>S\u00e5 de som ringer p\u00e5 hos meg, skal f\u00e5 godteri. Uansett &#8211; det er klart det.<\/p>\n<p>Men det skulle vel strengt tatt bare mangle. <b>For det de virkelig trenger, f\u00e5r de ikke.<\/b><\/p>\n<p>Vi er alts\u00e5 i slutten av oktober og langtidsvarselet for de neste ukene viser temperaturer som vi i gamle dager ville ha kalt sommertemperaturer. For ja, vi har f\u00e5tt varmere sommertemperaturer de siste \u00e5rene ogs\u00e5, det er faktisk blitt s\u00e5 varmt at det vi i gamle dager kalte \u00abSyden\u00bb er blitt et ugjestmildt reisem\u00e5l preget av heteb\u00f8lger, skogbrann og h\u00f8yt forbruk av hormonforstyrrende solkremer.<\/p>\n<p>Nylig leste jeg at vi i l\u00f8pet av et menneskeliv vil miste 32 dager med rim p\u00e5 ruta, stillhet i skogen og barn p\u00e5 akebrett.<\/p>\n<p>For f\u00f8r du jubler over mildere vintre \u2013 tenk litt p\u00e5 dette:<\/p>\n<p><b>Det betyr ikke mer lys og sommer, det betyr at fine vinterdager erstattes av en slags 62-dagers november, som i beste fall etterf\u00f8lges av slafsef\u00f8re.<\/b><\/p>\n<p>Det er imidlertid ekstremv\u00e6r, tap av arter og matmangel som er det virkelige problemet med klimakrisen \u2013 for \u00e5 nevne noe. Sist ut er Jamaica, som har havnet i en krise etter \u00e5 ha blitt truffet av orkanen Melissa med en vindstyrke opp mot 295 kilometer i timen.<\/p>\n<p>Da passer det jo fint at verden er opptatt av krig, og opprustning &#8211; og ikke hvordan klimakrisen, naturkatastrofer og tap av dyrearter kan forhindres.<\/p>\n<p><b> \u00abKnask eller knep?\u00bb er byttet ut med \u00abkrig eller klimakrise?\u00bb &#8211; og vi svarer som vanlig &laquo;ja, takk, begge deler&raquo;.<\/b><\/p>\n<p>S\u00e5 n\u00e5r de ringer p\u00e5 d\u00f8ra i morgen skal barna f\u00e5 det de ber om, men det de minst trenger. <b>Godteri.<\/b><\/p>\n<p>Men barna trenger ikke \u00e5 ta p\u00e5 seg masker. Vi voksne har allerede tatt dem p\u00e5.<\/p>\n<p>Jeg er ferdig skremt.<\/p>\n","protected":false},"excerpt":{"rendered":"Jeg kan ikke lenger se et barn, uten \u00e5 kjenne et stikk av d\u00e5rlig samvittighet, og det gj\u00f8r&hellip;\n","protected":false},"author":2,"featured_media":74047,"comment_status":"","ping_status":"","sticky":false,"template":"","format":"standard","meta":{"footnotes":""},"categories":[12],"tags":[36,20,21,24,25,8568,15,2643,22,23,13,30,28,29,14,1533,16,10273,26,27,42,43,44,45],"class_list":{"0":"post-74046","1":"post","2":"type-post","3":"status-publish","4":"format-standard","5":"has-post-thumbnail","7":"category-verden","8":"tag-art","9":"tag-breaking-news","10":"tag-breakingnews","11":"tag-featured-news","12":"tag-featurednews","13":"tag-halloween","14":"tag-headlines","15":"tag-klimakrise","16":"tag-latest-news","17":"tag-latestnews","18":"tag-news","19":"tag-no","20":"tag-norge","21":"tag-norway","22":"tag-nyheter","23":"tag-opinion","24":"tag-overskrifter","25":"tag-sb-mener","26":"tag-top-stories","27":"tag-topstories","28":"tag-verden","29":"tag-world","30":"tag-world-news","31":"tag-worldnews"},"share_on_mastodon":{"url":"https:\/\/pubeurope.com\/@no\/115463384204086741","error":""},"_links":{"self":[{"href":"https:\/\/www.europesays.com\/no\/wp-json\/wp\/v2\/posts\/74046","targetHints":{"allow":["GET"]}}],"collection":[{"href":"https:\/\/www.europesays.com\/no\/wp-json\/wp\/v2\/posts"}],"about":[{"href":"https:\/\/www.europesays.com\/no\/wp-json\/wp\/v2\/types\/post"}],"author":[{"embeddable":true,"href":"https:\/\/www.europesays.com\/no\/wp-json\/wp\/v2\/users\/2"}],"replies":[{"embeddable":true,"href":"https:\/\/www.europesays.com\/no\/wp-json\/wp\/v2\/comments?post=74046"}],"version-history":[{"count":0,"href":"https:\/\/www.europesays.com\/no\/wp-json\/wp\/v2\/posts\/74046\/revisions"}],"wp:featuredmedia":[{"embeddable":true,"href":"https:\/\/www.europesays.com\/no\/wp-json\/wp\/v2\/media\/74047"}],"wp:attachment":[{"href":"https:\/\/www.europesays.com\/no\/wp-json\/wp\/v2\/media?parent=74046"}],"wp:term":[{"taxonomy":"category","embeddable":true,"href":"https:\/\/www.europesays.com\/no\/wp-json\/wp\/v2\/categories?post=74046"},{"taxonomy":"post_tag","embeddable":true,"href":"https:\/\/www.europesays.com\/no\/wp-json\/wp\/v2\/tags?post=74046"}],"curies":[{"name":"wp","href":"https:\/\/api.w.org\/{rel}","templated":true}]}}