{"id":74052,"date":"2025-10-30T13:44:16","date_gmt":"2025-10-30T13:44:16","guid":{"rendered":"https:\/\/www.europesays.com\/no\/74052\/"},"modified":"2025-10-30T13:44:16","modified_gmt":"2025-10-30T13:44:16","slug":"vi-trenger-ledere-som-skjonner-at-nord-ikke-er-en-bat-ute-av-kurs-men-ei-skute-som-seiler-vol-no","status":"publish","type":"post","link":"https:\/\/www.europesays.com\/no\/74052\/","title":{"rendered":"\u00abVi trenger ledere som skj\u00f8nner at nord ikke er en b\u00e5t ute av kurs, men ei skute som seiler\u00bb &#8211; vol.no"},"content":{"rendered":"<ol>\n<li><a href=\"https:\/\/news.google.com\/rss\/articles\/CBMidkFVX3lxTE5RTGs5dmkxSU1rUzNRdlQ3WUhzTEtvZXZDUjlPbDRxUk9zZk9uaDk5VXZuZ2hHYmxrWlR3UTJhU004WmlzU2piSjIyZUZyY0dzNkNSWm9PaWJjbjVOT2NqQWgyMTl6TG1PUFBQRTcyd09XS3RPNGc?oc=5\" target=\"_blank\" rel=\"nofollow noopener\">\u00abVi trenger ledere som skj\u00f8nner at nord ikke er en b\u00e5t ute av kurs, men ei skute som seiler\u00bb<\/a>&nbsp;&nbsp;vol.no<\/li>\n<li><a href=\"https:\/\/news.google.com\/rss\/articles\/CBMixAFBVV95cUxPUGF0bDFBUXdEc1VJMjBBRzNVb1pTVUpXM1BBNU0tdjgyalhjb3lxZmttVDhuVktHOFRvaGtYVmwtNXBsMXpMSGVsdGFLUEVFSi05UVVIY2hkeXdwNlE5ZmRINVdOYlhMUHJUSzNnT2dUb3lRaTRmVUZxOEt3OXljRkhXVHB2NXl1VUxSU2FWcjV4aWxJcDRjSkg3TXJMWU9UdWVheGFYZEpSa0tGWXhYcm04R2lpUGZMRGRWWXJpSHVkZDJS?oc=5\" target=\"_blank\" rel=\"nofollow noopener\">Bruker over \u00e9n milliard p\u00e5 direkt\u00f8rer i helsevesenet: \u2013\u2060 Nesten ikke til \u00e5 tro<\/a>&nbsp;&nbsp;VG<\/li>\n<li><a href=\"https:\/\/news.google.com\/rss\/articles\/CBMijgFBVV95cUxOSVJCYjNZVHhyV2xQek1rcnJqejh5SDE5ekNrSDdYOXVUenJWUVpOS2l2SU52aE5WeUlfdnQxTGFJMW00aTFNcmhvOVlDUmUxYTN3dEl0bnZGaHc0XzNDcF9hMTdfbmhjMm1nUjlzMmkxNVlwcDk0aGV2bEVrd0x1UWZPVHVHbzJod0xWZG13?oc=5\" target=\"_blank\" rel=\"nofollow noopener\">Sp krever kutt i direkt\u00f8rvelde i helsevesenet<\/a>&nbsp;&nbsp;banett.no<\/li>\n<li><a href=\"https:\/\/news.google.com\/rss\/articles\/CBMikgFBVV95cUxQdWIwUG52emxIRG50U2R6ODFKZENFeVY2Y2xEVFlETVBTaDNIUzYzS3QwdWlROWNub1E1X0lEWDJGbE16Y0FFcjFMQXRRVWF0NEk4ODV1MXBLT1pIdmNZWl9ZeTh3d3llbnRlMnpxRW1kTndlcmRxSksyRTRCMW16VnpzNFQyX1R1OU9mVkZ0VlZFUQ?oc=5\" target=\"_blank\" rel=\"nofollow noopener\">Den farlige kl\u00f8ften mellom \u2018dem og oss\u2019<\/a>&nbsp;&nbsp;fvn.no<\/li>\n<li><a href=\"https:\/\/news.google.com\/rss\/articles\/CBMivgFBVV95cUxOQmxPdDhHOTlidGFqMDRuLTRHYlV0aUw0YUthWTZRMlh6endBa3o5cml5cmRQMEpjQVBvNXE3SVQ5c09RQ044eG93TDlVV0NMcElCcmwtd0ZGajl5MkY5NnZVNHZURUxMOWdJVS1DUVh4NHlZQkQ5SnZsY2o4OGtTeUNHMlJVY0ROejRkV0k2M2R0TEJmei1XNE44bU1odnJwWWEybm8tUnBFaUZpZzN1ZEdXVDlwZUtqdUlmckV3?oc=5\" target=\"_blank\" rel=\"nofollow noopener\">Helsetopp forsvarer lederl\u00f8nningene: \u2013 Vi snakker om de smarteste av oss<\/a>&nbsp;&nbsp;Aftenposten<\/li>\n<\/ol>\n","protected":false},"excerpt":{"rendered":"\u00abVi trenger ledere som skj\u00f8nner at nord ikke er en b\u00e5t ute av kurs, men ei skute som&hellip;\n","protected":false},"author":2,"featured_media":74053,"comment_status":"","ping_status":"","sticky":false,"template":"","format":"standard","meta":{"footnotes":""},"categories":[10],"tags":[20,21,24,25,15,2104,5909,22,23,10274,13,30,2698,28,29,14,16,26,27],"class_list":{"0":"post-74052","1":"post","2":"type-post","3":"status-publish","4":"format-standard","5":"has-post-thumbnail","7":"category-norge","8":"tag-breaking-news","9":"tag-breakingnews","10":"tag-featured-news","11":"tag-featurednews","12":"tag-headlines","13":"tag-helseforetaksmodellen","14":"tag-kompetanse","15":"tag-latest-news","16":"tag-latestnews","17":"tag-luksus","18":"tag-news","19":"tag-no","20":"tag-nord-norge","21":"tag-norge","22":"tag-norway","23":"tag-nyheter","24":"tag-overskrifter","25":"tag-top-stories","26":"tag-topstories"},"share_on_mastodon":{"url":"https:\/\/pubeurope.com\/@no\/115463419545723437","error":""},"_links":{"self":[{"href":"https:\/\/www.europesays.com\/no\/wp-json\/wp\/v2\/posts\/74052","targetHints":{"allow":["GET"]}}],"collection":[{"href":"https:\/\/www.europesays.com\/no\/wp-json\/wp\/v2\/posts"}],"about":[{"href":"https:\/\/www.europesays.com\/no\/wp-json\/wp\/v2\/types\/post"}],"author":[{"embeddable":true,"href":"https:\/\/www.europesays.com\/no\/wp-json\/wp\/v2\/users\/2"}],"replies":[{"embeddable":true,"href":"https:\/\/www.europesays.com\/no\/wp-json\/wp\/v2\/comments?post=74052"}],"version-history":[{"count":0,"href":"https:\/\/www.europesays.com\/no\/wp-json\/wp\/v2\/posts\/74052\/revisions"}],"wp:featuredmedia":[{"embeddable":true,"href":"https:\/\/www.europesays.com\/no\/wp-json\/wp\/v2\/media\/74053"}],"wp:attachment":[{"href":"https:\/\/www.europesays.com\/no\/wp-json\/wp\/v2\/media?parent=74052"}],"wp:term":[{"taxonomy":"category","embeddable":true,"href":"https:\/\/www.europesays.com\/no\/wp-json\/wp\/v2\/categories?post=74052"},{"taxonomy":"post_tag","embeddable":true,"href":"https:\/\/www.europesays.com\/no\/wp-json\/wp\/v2\/tags?post=74052"}],"curies":[{"name":"wp","href":"https:\/\/api.w.org\/{rel}","templated":true}]}}