{"id":74058,"date":"2025-10-30T14:00:45","date_gmt":"2025-10-30T14:00:45","guid":{"rendered":"https:\/\/www.europesays.com\/no\/74058\/"},"modified":"2025-10-30T14:00:45","modified_gmt":"2025-10-30T14:00:45","slug":"stian-hole-mysteriet-politiet-onsker-tips-om-klaer","status":"publish","type":"post","link":"https:\/\/www.europesays.com\/no\/74058\/","title":{"rendered":"Stian Hole-mysteriet: Politiet \u00f8nsker tips om kl\u00e6r"},"content":{"rendered":"<p>Etter \u00e5 ha v\u00e6rt savnet i mer enn to \u00e5r, ble Stian Hole (41) funnet d\u00f8d den 16. oktober i Molvika p\u00e5 Hamar\u00f8y i Nordland.<\/p>\n<p>N\u00e5 \u00f8nsker politiet tips om kl\u00e6r som ble funnet p\u00e5 stedet.<\/p>\n<p>Det dreier seg om en genser av merket Stormberg, en T-skjorte av merket Angelo Litrico og en Gore-Tex-bukse med merkelappen Active-vent.<\/p>\n<p>Politiet erfarer at den aktuelle T-skjorten ikke selges i Norge, og h\u00e5per derfor at noen kan dra kjensel p\u00e5 spesielt denne.<\/p>\n<p>Om noen av hytteeiere eller beboere p\u00e5 Hamar\u00f8y savner disse kl\u00e6rne, ber politiet om \u00e5 bli kontaktet p\u00e5 telefon 02800.<\/p>\n<p>Politiet startet i g\u00e5r kriminaltekniske unders\u00f8kelser p\u00e5 stedet, og disse unders\u00f8kelsene fortsetter i dag.<\/p>\n<p><img decoding=\"async\" src=\"data:image\/gif;base64,R0lGODlhEAAJAIAAAP\/\/\/wAAACH5BAEAAAAALAAAAAAQAAkAAAIKhI+py+0Po5yUFQA7\" alt=\"\"\/><br \/>\n  Levningene blir transportert bort fra funnstedet.<br \/>\n  <strong>Foto:<\/strong> Politiet<\/p>\n<p>Hole ble funnet i omr\u00e5det Molvika p\u00e5 Hamar\u00f8y, ca. 15 kilometer I luftlinje fra Joker-butikken p\u00e5 Storjord hvor siste sikre observasjon av ham ble gjort 7. juni 2023 \u2013 se video:<\/p>\n<p>To dager etter siste observasjon ble han meldt savnet til politiet.<\/p>\n<p>Flere hypoteser har blitt etterforsket. Politiet har ment at Stian Hole mest sannsynlig ble drept. 41-\u00e5ringen var i et rusmilj\u00f8 i Bod\u00f8.<\/p>\n<p>Allerede sommeren 2023 ble \u00e9n person siktet for drap. Denne mannen ble <a href=\"https:\/\/www.vg.no\/nyheter\/i\/Oow841\/drapssiktet-i-hole-saken-er-funnet-doed\" rel=\"noopener nofollow\" target=\"_blank\">funnet d\u00f8d i en leilighet i Bod\u00f8 i september i \u00e5r<\/a>.<\/p>\n<p>Senere ble ytterligere to personer siktet for drap eller medvirkning til drap.<\/p>\n<p>Alle de tre siktede har v\u00e6rt varetektsfengslet, men nektet for \u00e5 ha noe med forsvinningen \u00e5 gj\u00f8re.<\/p>\n<p>Etter rettsmedisinske unders\u00f8kelser av levningene er Holes identitet bekreftet, men d\u00f8ds\u00e5rsaken er ikke klarlagt.<\/p>\n<p>\u2013 Familien er lettet over at han er funnet. Det er det viktigste for oss. S\u00e5 f\u00e5r politiet finne ut hva d\u00f8ds\u00e5rsaken er, sier avd\u00f8des bror Morten Hole til VG.<\/p>\n<p>H\u00f8r Krimpodden om forsvinningen:<\/p>\n","protected":false},"excerpt":{"rendered":"Etter \u00e5 ha v\u00e6rt savnet i mer enn to \u00e5r, ble Stian Hole (41) funnet d\u00f8d den 16.&hellip;\n","protected":false},"author":2,"featured_media":74059,"comment_status":"","ping_status":"","sticky":false,"template":"","format":"standard","meta":{"footnotes":""},"categories":[10],"tags":[1525,20,21,24,25,6591,15,22,23,13,30,28,29,14,16,26,27],"class_list":{"0":"post-74058","1":"post","2":"type-post","3":"status-publish","4":"format-standard","5":"has-post-thumbnail","7":"category-norge","8":"tag-bodo","9":"tag-breaking-news","10":"tag-breakingnews","11":"tag-featured-news","12":"tag-featurednews","13":"tag-hamaroy","14":"tag-headlines","15":"tag-latest-news","16":"tag-latestnews","17":"tag-news","18":"tag-no","19":"tag-norge","20":"tag-norway","21":"tag-nyheter","22":"tag-overskrifter","23":"tag-top-stories","24":"tag-topstories"},"share_on_mastodon":{"url":"https:\/\/pubeurope.com\/@no\/115463482475704645","error":""},"_links":{"self":[{"href":"https:\/\/www.europesays.com\/no\/wp-json\/wp\/v2\/posts\/74058","targetHints":{"allow":["GET"]}}],"collection":[{"href":"https:\/\/www.europesays.com\/no\/wp-json\/wp\/v2\/posts"}],"about":[{"href":"https:\/\/www.europesays.com\/no\/wp-json\/wp\/v2\/types\/post"}],"author":[{"embeddable":true,"href":"https:\/\/www.europesays.com\/no\/wp-json\/wp\/v2\/users\/2"}],"replies":[{"embeddable":true,"href":"https:\/\/www.europesays.com\/no\/wp-json\/wp\/v2\/comments?post=74058"}],"version-history":[{"count":0,"href":"https:\/\/www.europesays.com\/no\/wp-json\/wp\/v2\/posts\/74058\/revisions"}],"wp:featuredmedia":[{"embeddable":true,"href":"https:\/\/www.europesays.com\/no\/wp-json\/wp\/v2\/media\/74059"}],"wp:attachment":[{"href":"https:\/\/www.europesays.com\/no\/wp-json\/wp\/v2\/media?parent=74058"}],"wp:term":[{"taxonomy":"category","embeddable":true,"href":"https:\/\/www.europesays.com\/no\/wp-json\/wp\/v2\/categories?post=74058"},{"taxonomy":"post_tag","embeddable":true,"href":"https:\/\/www.europesays.com\/no\/wp-json\/wp\/v2\/tags?post=74058"}],"curies":[{"name":"wp","href":"https:\/\/api.w.org\/{rel}","templated":true}]}}