{"id":74064,"date":"2025-10-30T14:12:08","date_gmt":"2025-10-30T14:12:08","guid":{"rendered":"https:\/\/www.europesays.com\/no\/74064\/"},"modified":"2025-10-30T14:12:08","modified_gmt":"2025-10-30T14:12:08","slug":"forskere-finner-genetisk-sammenheng-mellom-hoy-intelligens-i-barndommen-og-lang-levetid","status":"publish","type":"post","link":"https:\/\/www.europesays.com\/no\/74064\/","title":{"rendered":"Forskere finner genetisk sammenheng mellom h\u00f8y intelligens i barndommen og lang levetid"},"content":{"rendered":"<p>Men n\u00e5 har forskerne kartlagt dette \u2013 og i fremtidige studier vil de se n\u00e6rmere p\u00e5 \u00e5rsakene til sammenhengen.<\/p>\n<p>S\u00e5 langt finnes det flere ulike teorier, forklarer David Hill.<\/p>\n<p>\u00ab\u00c9n forklaring er at bedre kognitive evner i barndommen f\u00f8rer til h\u00f8yere utdanningsniv\u00e5, noe som igjen gir bedre tilgang til milj\u00f8er som fremmer god helse\u00bb, skriver han.<\/p>\n<p>En annen forklaring er at genene som gj\u00f8r barn smartere, ogs\u00e5 bidrar til at kroppene og hjernene deres blir mer robuste og bedre i stand til \u00e5 motst\u00e5 sykdom.<\/p>\n<p><strong>Michael Ungar er en av verdens ledende eksperter p\u00e5 barns robusthet. Og han har konkrete r\u00e5d om hvordan du best kan forberede barnet ditt p\u00e5 livets utfordringer. Les r\u00e5dene her:<\/strong><\/p>\n","protected":false},"excerpt":{"rendered":"Men n\u00e5 har forskerne kartlagt dette \u2013 og i fremtidige studier vil de se n\u00e6rmere p\u00e5 \u00e5rsakene til&hellip;\n","protected":false},"author":2,"featured_media":74065,"comment_status":"","ping_status":"","sticky":false,"template":"","format":"standard","meta":{"footnotes":""},"categories":[57],"tags":[30,28,29,65,63,64,66,70,69,67,68],"class_list":{"0":"post-74064","1":"post","2":"type-post","3":"status-publish","4":"format-standard","5":"has-post-thumbnail","7":"category-vitenskap-og-teknologi","8":"tag-no","9":"tag-norge","10":"tag-norway","11":"tag-science","12":"tag-science-and-technology","13":"tag-scienceandtechnology","14":"tag-technology","15":"tag-teknologi","16":"tag-vitenskap","17":"tag-vitenskap-og-teknologi","18":"tag-vitenskapteknologi"},"share_on_mastodon":{"url":"https:\/\/pubeurope.com\/@no\/115463529659485475","error":""},"_links":{"self":[{"href":"https:\/\/www.europesays.com\/no\/wp-json\/wp\/v2\/posts\/74064","targetHints":{"allow":["GET"]}}],"collection":[{"href":"https:\/\/www.europesays.com\/no\/wp-json\/wp\/v2\/posts"}],"about":[{"href":"https:\/\/www.europesays.com\/no\/wp-json\/wp\/v2\/types\/post"}],"author":[{"embeddable":true,"href":"https:\/\/www.europesays.com\/no\/wp-json\/wp\/v2\/users\/2"}],"replies":[{"embeddable":true,"href":"https:\/\/www.europesays.com\/no\/wp-json\/wp\/v2\/comments?post=74064"}],"version-history":[{"count":0,"href":"https:\/\/www.europesays.com\/no\/wp-json\/wp\/v2\/posts\/74064\/revisions"}],"wp:featuredmedia":[{"embeddable":true,"href":"https:\/\/www.europesays.com\/no\/wp-json\/wp\/v2\/media\/74065"}],"wp:attachment":[{"href":"https:\/\/www.europesays.com\/no\/wp-json\/wp\/v2\/media?parent=74064"}],"wp:term":[{"taxonomy":"category","embeddable":true,"href":"https:\/\/www.europesays.com\/no\/wp-json\/wp\/v2\/categories?post=74064"},{"taxonomy":"post_tag","embeddable":true,"href":"https:\/\/www.europesays.com\/no\/wp-json\/wp\/v2\/tags?post=74064"}],"curies":[{"name":"wp","href":"https:\/\/api.w.org\/{rel}","templated":true}]}}