{"id":74068,"date":"2025-10-30T14:15:14","date_gmt":"2025-10-30T14:15:14","guid":{"rendered":"https:\/\/www.europesays.com\/no\/74068\/"},"modified":"2025-10-30T14:15:14","modified_gmt":"2025-10-30T14:15:14","slug":"nyheter-trafikk-over-32-000-toginnstillinger-vises-ikke-i-statistikken-til-bane-nor","status":"publish","type":"post","link":"https:\/\/www.europesays.com\/no\/74068\/","title":{"rendered":"Nyheter, Trafikk | Over 32.000 toginnstillinger vises ikke i statistikken til Bane Nor"},"content":{"rendered":"\n<p>Tall <a href=\"https:\/\/www.nrk.no\/norge\/over-32.000-toginnstillingar-visest-ikkje-i-statistikken-1.17574607\" rel=\"nofollow noopener\" target=\"_blank\">NRK<\/a> har hentet inn, viser at 23.775 persontog er blitt helt innstilt og 8.712 tog delvis innstilt p\u00e5 grunn av planlagt arbeid.<\/p>\n<p>\u2013 Tog som er helt eller delvis innstilt p\u00e5 grunn av planlagt arbeid p\u00e5 jernbanen, er ikke regnet med i statistikken for punktlighet og regularitet fordi de ikke er en del av det planlagte rutetilbudet p\u00e5 jernbanen, sier Anne Kirkhusmo, presseansvarlig i Bane Nor.<\/p>\n<p>Alle de planlagte innstillingene kommer i tillegg til innstillinger som er uplanlagte og oppst\u00e5r akutt.<\/p>\n<p>M\u00e5let for regularitet er p\u00e5 97 prosent, men s\u00e5 langt i \u00e5r ligger den p\u00e5 93,9 prosent. For oktober er regulariteten p\u00e5 85,5 prosent.<\/p>\n<p>S\u00e5 langt i oktober er bare 63,4 prosent av togene i rushtiden i Oslo i rute. M\u00e5let er 85 prosent.<\/p>\n<p>\u2013 Det er ikke tilfredsstillende, og vi forst\u00e5r veldig godt at kundene heller ikke er forn\u00f8yde med tilbudet slik som det har v\u00e6rt i h\u00f8st, sier Marius Holm, konserndirekt\u00f8r for kommunikasjon og samfunnskontakt i Vy.<\/p>\n<p>For persontog i hele landet ligger punktligheten p\u00e5 87,1 prosent for hele \u00e5ret, mens m\u00e5let er 90 prosent.<\/p>\n<p>(\u00a9NTB)<\/p>\n<p>  <a href=\"https:\/\/www.rb.no\/5-43-2598310\" class=\"related-teaser has-image default-story-teaser article--c-eRUmMG article--c-eRUmMG-jKCPdD-design-default\" rel=\"nofollow noopener\" target=\"_blank\"><\/p>\n<p>    <img decoding=\"async\" loading=\"lazy\"  src=\"https:\/\/www.europesays.com\/no\/wp-content\/uploads\/2025\/10\/Togkutt-5.jpg\" alt=\"\" class=\"brick-c-cFOWSL\" style=\"\"\/><\/p>\n<p>\n            Les ogs\u00e5<\/p>\n<p>              Har samlet inn over 1.100 underskrifter: \u2013 Mange er bekymret\n        <\/p>\n<p>  <\/a><\/p>\n<p>  <a href=\"https:\/\/www.rb.no\/5-43-2594049\" class=\"related-teaser has-image default-story-teaser article--c-eRUmMG article--c-eRUmMG-jKCPdD-design-default\" rel=\"nofollow noopener\" target=\"_blank\"><\/p>\n<p>    <img decoding=\"async\" loading=\"lazy\"  src=\"https:\/\/www.europesays.com\/no\/wp-content\/uploads\/2025\/10\/Pendlerparkering_-_Eidsvoll_stasjon_22092536.jpg\" alt=\"\" class=\"brick-c-cFOWSL\" style=\"\"\/><\/p>\n<p>\n            Les ogs\u00e5<\/p>\n<p>              Raser mot pendlersvar: \u2013 Dette er virkelig dr\u00f8yt\n        <\/p>\n<p>  <\/a><\/p>\n","protected":false},"excerpt":{"rendered":"Tall NRK har hentet inn, viser at 23.775 persontog er blitt helt innstilt og 8.712 tog delvis innstilt&hellip;\n","protected":false},"author":2,"featured_media":74069,"comment_status":"","ping_status":"","sticky":false,"template":"","format":"standard","meta":{"footnotes":""},"categories":[10],"tags":[36,20,21,24,25,15,22,23,13,30,28,29,14,16,9514,1510,1923,26,27,224],"class_list":{"0":"post-74068","1":"post","2":"type-post","3":"status-publish","4":"format-standard","5":"has-post-thumbnail","7":"category-norge","8":"tag-art","9":"tag-breaking-news","10":"tag-breakingnews","11":"tag-featured-news","12":"tag-featurednews","13":"tag-headlines","14":"tag-latest-news","15":"tag-latestnews","16":"tag-news","17":"tag-no","18":"tag-norge","19":"tag-norway","20":"tag-nyheter","21":"tag-overskrifter","22":"tag-pendling","23":"tag-story","24":"tag-tog","25":"tag-top-stories","26":"tag-topstories","27":"tag-trafikk"},"share_on_mastodon":{"url":"https:\/\/pubeurope.com\/@no\/115463541480070017","error":""},"_links":{"self":[{"href":"https:\/\/www.europesays.com\/no\/wp-json\/wp\/v2\/posts\/74068","targetHints":{"allow":["GET"]}}],"collection":[{"href":"https:\/\/www.europesays.com\/no\/wp-json\/wp\/v2\/posts"}],"about":[{"href":"https:\/\/www.europesays.com\/no\/wp-json\/wp\/v2\/types\/post"}],"author":[{"embeddable":true,"href":"https:\/\/www.europesays.com\/no\/wp-json\/wp\/v2\/users\/2"}],"replies":[{"embeddable":true,"href":"https:\/\/www.europesays.com\/no\/wp-json\/wp\/v2\/comments?post=74068"}],"version-history":[{"count":0,"href":"https:\/\/www.europesays.com\/no\/wp-json\/wp\/v2\/posts\/74068\/revisions"}],"wp:featuredmedia":[{"embeddable":true,"href":"https:\/\/www.europesays.com\/no\/wp-json\/wp\/v2\/media\/74069"}],"wp:attachment":[{"href":"https:\/\/www.europesays.com\/no\/wp-json\/wp\/v2\/media?parent=74068"}],"wp:term":[{"taxonomy":"category","embeddable":true,"href":"https:\/\/www.europesays.com\/no\/wp-json\/wp\/v2\/categories?post=74068"},{"taxonomy":"post_tag","embeddable":true,"href":"https:\/\/www.europesays.com\/no\/wp-json\/wp\/v2\/tags?post=74068"}],"curies":[{"name":"wp","href":"https:\/\/api.w.org\/{rel}","templated":true}]}}