{"id":74098,"date":"2025-10-30T15:06:10","date_gmt":"2025-10-30T15:06:10","guid":{"rendered":"https:\/\/www.europesays.com\/no\/74098\/"},"modified":"2025-10-30T15:06:10","modified_gmt":"2025-10-30T15:06:10","slug":"debattinnlegg-noe-skurrer-med-a-laget","status":"publish","type":"post","link":"https:\/\/www.europesays.com\/no\/74098\/","title":{"rendered":"Debattinnlegg: Noe skurrer med \u00abA-laget\u00bb"},"content":{"rendered":"\n<p class=\"_prefix_nfjwc_1 layout-padded\">Meninger<br \/>Debattinnlegg<\/p>\n<p class=\"_lead_o9xde_2 _lead_xtcu6_50 layout-component text-serif-m layout-normal text-serif-l _lead_1eue0_21 layout-component layout-normal layout-padded layout-padded\">\u00c5 si at noe skurrer i serien \u00aballe\u00bb elsker f\u00f8les litt ulovlig. Men n\u00f8dvendig.<\/p>\n<p><img decoding=\"async\" class=\"_image_1pdwo_15\" itemprop=\"image\" loading=\"lazy\"  src=\"https:\/\/www.europesays.com\/no\/wp-content\/uploads\/2025\/10\/9d1e0bd5-3895-4080-ab56-162cd5716e43\"  width=\"40\"\/><strong>Ine Vedeld<\/strong><img alt=\" Foto: Monster \/ NRK\" class=\"_image_qp4xg_65 layout-component layout-wide\" data-fullscreen- data-track-element-type=\"Article image fullscreen\" data-track-name=\"ImageFullscreen\" fetchpriority=\"high\" decoding=\"sync\" loading=\"eager\" height=\"1660\" itemprop=\"image\"  src=\"https:\/\/www.europesays.com\/no\/wp-content\/uploads\/2025\/10\/8f371587-c3ae-460b-b772-681d9493517c\"  style=\"object-position:0% 0%\" width=\"1900\"\/> Foto: Monster \/ NRKTorsdag 30. oktober kl. 13:42     <\/p>\n<p class=\"_paragraph_o9xde_4 _paragraph_xtcu6_10 layout-component text-serif-m layout-normal text-serif-m layout-padded\"><strong class=\"_strong_o9xde_25\">Hvorfor er frekke og direkte sp\u00f8rsm\u00e5l morsomme og s\u00f8te n\u00e5r de kommer fra A-laget?<\/strong><\/p>\n<p class=\"_paragraph_o9xde_4 _paragraph_xtcu6_10 layout-component text-serif-m layout-normal text-serif-m layout-padded\">Det sp\u00f8rsm\u00e5let stilte jeg i en video p\u00e5 TikTok-kontoen min. Og Aftenposten <a href=\"https:\/\/www.aftenposten.no\/norge\/i\/5EAvPO\/reiser-spoersmaal-om-nrks-a-laget-faar-fripass-til-aa-stille-upassende-spoersmaal\" class=\"_link_o9xde_39\" rel=\"nofollow noopener\" target=\"_blank\">lagde en sak.<\/a><\/p>\n<p class=\"_paragraph_o9xde_4 _paragraph_xtcu6_10 layout-component text-serif-m layout-normal text-serif-m layout-padded\">Mange i kommentarfeltet reagerte p\u00e5 at programmet f\u00e5r noe som helst annet enn ren hyllest.<\/p>\n<p class=\"_paragraph_o9xde_4 _paragraph_xtcu6_10 layout-component text-serif-m layout-normal text-serif-m layout-padded\">For ja: A-laget er et fantastisk program. <\/p>\n<p class=\"_paragraph_o9xde_4 _paragraph_xtcu6_10 layout-component text-serif-m layout-normal text-serif-m layout-padded\">Det skaper rom for mennesker vi altfor sjelden f\u00e5r se, og det gj\u00f8r oss alle litt klokere. <\/p>\n<p class=\"_paragraph_o9xde_4 _paragraph_xtcu6_10 layout-component text-serif-m layout-normal text-serif-m layout-padded\"><strong class=\"_strong_o9xde_25\">Men selv de viktigste prosjektene fortjener \u00e5 bli sett fra flere vinkler.<\/strong><\/p>\n<p><img alt=\"Innleggsforfatter Ine Vedled.  Foto: Morten Rakke\" class=\"_image_qp4xg_65 layout-component layout-normal\" data-fullscreen- data-track-element-type=\"Article image fullscreen\" data-track-name=\"ImageFullscreen\" decoding=\"async\" loading=\"lazy\" height=\"5910\" itemprop=\"image\"  src=\"https:\/\/www.europesays.com\/no\/wp-content\/uploads\/2025\/10\/39e69c36-383d-4280-b32b-c7372419c281\"  style=\"object-position:49.26609352065422% 40.35532994923858%\" width=\"4769\"\/>Innleggsforfatter Ine Vedled.  Foto: Morten Rakke<\/p>\n<p class=\"_paragraph_o9xde_4 _paragraph_xtcu6_10 layout-component text-serif-m layout-normal text-serif-m layout-padded\">Norske kjendiser leverer ofte usedvanlig \u00e5pne og naturlige intervjuer i \u00abA-laget\u00bb.  <\/p>\n<p class=\"_paragraph_o9xde_4 _paragraph_xtcu6_10 layout-component text-serif-m layout-normal text-serif-m layout-padded\">Programmet lokker frem sider av kjente mennesker som f\u00e5 andre klarer. Det er forfriskende.<\/p>\n<p class=\"_paragraph_o9xde_4 _paragraph_xtcu6_10 layout-component text-serif-m layout-normal text-serif-m layout-padded\">Men hvorfor trenger vi en arena med funksjonshemmede reportere for at kjendisene skal \u00e5pne seg?<\/p>\n<p class=\"_paragraph_o9xde_4 _paragraph_xtcu6_10 layout-component text-serif-m layout-normal text-serif-m layout-padded\">Hvorfor er det \u00abs\u00f8tt\u00bb n\u00e5r de sp\u00f8r Sophie Elise hva hun har i nattbordsskuffen? <\/p>\n<p class=\"_paragraph_o9xde_4 _paragraph_xtcu6_10 layout-component text-serif-m layout-normal text-serif-m layout-padded\">Kanskje handler det om trygghet: Reporterene i \u00abA-laget\u00bb har ingen skjult agenda. <\/p>\n<p class=\"_paragraph_o9xde_4 _paragraph_xtcu6_10 layout-component text-serif-m layout-normal text-serif-m layout-padded\"><strong class=\"_strong_o9xde_25\">Sp\u00f8rsm\u00e5lene deres er genuine, varme og \u00e6rlige. <\/strong><\/p>\n<p class=\"_paragraph_o9xde_4 _paragraph_xtcu6_10 layout-component text-serif-m layout-normal text-serif-m layout-padded\">Det f\u00f8les mindre s\u00e5rbart \u00e5 dele personlige ting n\u00e5r man m\u00f8ter mennesker som oppleves som forst\u00e5elsesfulle, og mindre autorit\u00e6re.<\/p>\n<p class=\"_paragraph_o9xde_4 _paragraph_xtcu6_10 layout-component text-serif-m layout-normal text-serif-m layout-padded\">Men den tryggheten peker ogs\u00e5 p\u00e5 en maktubalanse. <\/p>\n<p class=\"_paragraph_o9xde_4 _paragraph_xtcu6_10 layout-component text-serif-m layout-normal text-serif-m layout-padded\">N\u00e5r \u00e6rlighet blir \u00abs\u00f8tt\u00bb, avsl\u00f8rer det hvem vi oppfatter som trygge \u2013 og hvem vi oppfatter som mektige. <\/p>\n<p class=\"_paragraph_o9xde_4 _paragraph_xtcu6_10 layout-component text-serif-m layout-normal text-serif-m layout-padded\">Det kan handle om det vi kaller infantilisering. En mild form for nedlatenhet, ofte ubevisst.<\/p>\n<p class=\"_paragraph_o9xde_4 _paragraph_xtcu6_10 layout-component text-serif-m layout-normal text-serif-m layout-padded\">Vi ser det som ufarlig, fordi intensjonen er god. <\/p>\n<p class=\"_paragraph_o9xde_4 _paragraph_xtcu6_10 layout-component text-serif-m layout-normal text-serif-m layout-padded\">Men ogs\u00e5 velvilje kan b\u00e6re p\u00e5 strukturer. <\/p>\n<p class=\"_paragraph_o9xde_4 _paragraph_xtcu6_10 layout-component text-serif-m layout-normal text-serif-m layout-padded\">Det som oppleves som varmt og ekte, kan i verste fall v\u00e6re en form for sosial avstand \u2013 pakket inn som varme.<\/p>\n<p class=\"_paragraph_o9xde_4 _paragraph_xtcu6_10 layout-component text-serif-m layout-normal text-serif-m layout-padded\">S\u00e5 kan man sp\u00f8rre: Hvem kommer egentlig best ut av dette programmet? <\/p>\n<p class=\"_paragraph_o9xde_4 _paragraph_xtcu6_10 layout-component text-serif-m layout-normal text-serif-m layout-padded\">Er det \u00abA-laget\u00bb eller kjendisene? <\/p>\n<p class=\"_paragraph_o9xde_4 _paragraph_xtcu6_10 layout-component text-serif-m layout-normal text-serif-m layout-padded\">Og hvorfor m\u00e5 kjendiser v\u00e6re premisset for at vi skal f\u00e5 se andre enn funksjonsfriske p\u00e5 TV?<\/p>\n<p><img alt=\"Erling Braut Haaland er gjest i \u00abA-laget\u00bb.   Foto: Monster \/ NRK\" class=\"_image_qp4xg_65 layout-component layout-normal\" data-fullscreen- data-track-element-type=\"Article image fullscreen\" data-track-name=\"ImageFullscreen\" decoding=\"async\" loading=\"lazy\" height=\"799\" itemprop=\"image\"  src=\"https:\/\/www.europesays.com\/no\/wp-content\/uploads\/2025\/10\/0a2a6e1e-472a-4302-8843-004b507bc502\"  style=\"object-position:0% 0%\" width=\"773\"\/>Erling Braut Haaland er gjest i \u00abA-laget\u00bb.   Foto: Monster \/ NRK<\/p>\n<p class=\"_paragraph_o9xde_4 _paragraph_xtcu6_10 layout-component text-serif-m layout-normal text-serif-m layout-padded\">Jeg bruker begrepet sosial hvitvasking for \u00e5 beskrive det. <\/p>\n<p class=\"_paragraph_o9xde_4 _paragraph_xtcu6_10 layout-component text-serif-m layout-normal text-serif-m layout-padded\">Det kan minne om en valgkamp, der politikere reiser rundt og hilser p\u00e5 eldre med et smil etter en t\u00f8ff uke i mediene. <\/p>\n<p class=\"_paragraph_o9xde_4 _paragraph_xtcu6_10 layout-component text-serif-m layout-normal text-serif-m layout-padded\">Man blir sett p\u00e5 rett sted, til rett tid.<\/p>\n<p class=\"_paragraph_o9xde_4 _paragraph_xtcu6_10 layout-component text-serif-m layout-normal text-serif-m layout-padded\"><strong class=\"_strong_o9xde_25\">Jeg er likevel ikke i tvil om at deltakerne i \u00abA-laget\u00bb vet hva de gj\u00f8r. <\/strong><\/p>\n<p class=\"_paragraph_o9xde_4 _paragraph_xtcu6_10 layout-component text-serif-m layout-normal text-serif-m layout-padded\">De er dyktige, trygge og profesjonelle, og programmet har stor verdi \u2013 b\u00e5de for dem og for oss som ser p\u00e5<\/p>\n<p class=\"_paragraph_o9xde_4 _paragraph_xtcu6_10 layout-component text-serif-m layout-normal text-serif-m layout-padded\">Men: Jeg tror vi t\u00e5ler annerledeshet best n\u00e5r den pakkes inn i noe trygt, ufarlig og kjent. <\/p>\n<p class=\"_paragraph_o9xde_4 _paragraph_xtcu6_10 layout-component text-serif-m layout-normal text-serif-m layout-padded\">Pakket inn i kjente fjes, og i et format vi allerede elsker.<\/p>\n<p class=\"_paragraph_o9xde_4 _paragraph_xtcu6_10 layout-component text-serif-m layout-normal text-serif-m layout-padded\">A-laget viser oss hvor mye vi har \u00e5 l\u00e6re av \u00e5 slippe til flere stemmer. <\/p>\n<p class=\"_paragraph_o9xde_4 _paragraph_xtcu6_10 layout-component text-serif-m layout-normal text-serif-m layout-padded\">Men det minner oss ogs\u00e5 om at ekte inkludering ikke kun skjer n\u00e5r vi klapper for annerledeshet i trygge rammer. Den skjer n\u00e5r vi t\u00e5ler den ogs\u00e5 utenfor.<\/p>\n<p>      Dette er en kronikk. Kronikken gir uttrykk for skribentens holdning. Du kan sende inn kronikker og debattinnlegg til <a class=\"_link_jv5ak_10\" href=\"https:\/\/www.vg.no\/nyheter\/i\/JbK90m\/mailto:debatt@vg.no\" rel=\"nofollow noopener\" target=\"_blank\">debatt@vg.no<\/a>. <\/p>\n","protected":false},"excerpt":{"rendered":"MeningerDebattinnlegg \u00c5 si at noe skurrer i serien \u00aballe\u00bb elsker f\u00f8les litt ulovlig. Men n\u00f8dvendig. Ine Vedeld Foto:&hellip;\n","protected":false},"author":2,"featured_media":74099,"comment_status":"","ping_status":"","sticky":false,"template":"","format":"standard","meta":{"footnotes":""},"categories":[5],"tags":[20,21,24,25,15,19,22,23,17,18,13,30,28,29,14,16,26,27,103],"class_list":{"0":"post-74098","1":"post","2":"type-post","3":"status-publish","4":"format-standard","5":"has-post-thumbnail","7":"category-overskrifter","8":"tag-breaking-news","9":"tag-breakingnews","10":"tag-featured-news","11":"tag-featurednews","12":"tag-headlines","13":"tag-hovedoppslag","14":"tag-latest-news","15":"tag-latestnews","16":"tag-main-news","17":"tag-mainnews","18":"tag-news","19":"tag-no","20":"tag-norge","21":"tag-norway","22":"tag-nyheter","23":"tag-overskrifter","24":"tag-top-stories","25":"tag-topstories","26":"tag-vgmeninger"},"share_on_mastodon":{"url":"https:\/\/pubeurope.com\/@no\/115463742064960938","error":""},"_links":{"self":[{"href":"https:\/\/www.europesays.com\/no\/wp-json\/wp\/v2\/posts\/74098","targetHints":{"allow":["GET"]}}],"collection":[{"href":"https:\/\/www.europesays.com\/no\/wp-json\/wp\/v2\/posts"}],"about":[{"href":"https:\/\/www.europesays.com\/no\/wp-json\/wp\/v2\/types\/post"}],"author":[{"embeddable":true,"href":"https:\/\/www.europesays.com\/no\/wp-json\/wp\/v2\/users\/2"}],"replies":[{"embeddable":true,"href":"https:\/\/www.europesays.com\/no\/wp-json\/wp\/v2\/comments?post=74098"}],"version-history":[{"count":0,"href":"https:\/\/www.europesays.com\/no\/wp-json\/wp\/v2\/posts\/74098\/revisions"}],"wp:featuredmedia":[{"embeddable":true,"href":"https:\/\/www.europesays.com\/no\/wp-json\/wp\/v2\/media\/74099"}],"wp:attachment":[{"href":"https:\/\/www.europesays.com\/no\/wp-json\/wp\/v2\/media?parent=74098"}],"wp:term":[{"taxonomy":"category","embeddable":true,"href":"https:\/\/www.europesays.com\/no\/wp-json\/wp\/v2\/categories?post=74098"},{"taxonomy":"post_tag","embeddable":true,"href":"https:\/\/www.europesays.com\/no\/wp-json\/wp\/v2\/tags?post=74098"}],"curies":[{"name":"wp","href":"https:\/\/api.w.org\/{rel}","templated":true}]}}