{"id":74135,"date":"2025-10-30T15:54:12","date_gmt":"2025-10-30T15:54:12","guid":{"rendered":"https:\/\/www.europesays.com\/no\/74135\/"},"modified":"2025-10-30T15:54:12","modified_gmt":"2025-10-30T15:54:12","slug":"pia-tjelta-kristoffer-joner-pia-tjelta-og-kristoffer-joner-motes-igjen-etter-25-ar-i-den-nye-kinofilmen-se-meg","status":"publish","type":"post","link":"https:\/\/www.europesays.com\/no\/74135\/","title":{"rendered":"Pia Tjelta, Kristoffer Joner | Pia Tjelta og Kristoffer Joner m\u00f8tes igjen etter 25 \u00e5r i den nye kinofilmen \u00abSe meg\u00bb."},"content":{"rendered":"\n<p>\u2013 Grunnen til at jeg er skuespiller, er at jeg vil dytte meg selv ut i ting som oppleves ukomfortabelt. Det er der jeg trives best, egentlig, sier Pia Tjelta (48) til NTB.<\/p>\n<p>48-\u00e5ringen spiller Eva, en l\u00e6rer som holder norskkurs for asyls\u00f8kere. Eva sliter med forholdet til ektemannen, spilt av Kristoffer Joner (53). \u00c9n dag m\u00f8ter Eva den 18 \u00e5r gamle asyls\u00f8keren Amir fra Syria. De to utvikler raskt en lidenskapelig og forbudt relasjon i det moralske idealer havner p\u00e5 kollisjonskurs med personlige begj\u00e6r.<\/p>\n<p>   <img decoding=\"async\" width=\"3432\" height=\"1716\" fetchpriority=\"low\"  loading=\"lazy\"  src=\"https:\/\/www.europesays.com\/no\/wp-content\/uploads\/2025\/10\/01+Foto+Alvilde+Horjen+Naterstad+FNF+The+Global+Ensemble+Drama.jpg\" alt=\"\" class=\"brick-c-cFOWSL\" style=\"--brick-image-ratio: 3432 \/ 1716;\"\/><\/p>\n<p>      SKAM OG BEGJ\u00c6R: Pia Tjelta spiller en norsk l\u00e6rer som forelsker seg i en ung asyls\u00f8ker, spilt av av danske Tarek Zayat.<br \/>\n      Foto: Alvilde Horjen Naterstad (FNF The Global Ensemble Drama)\n    <\/p>\n<p>\u2013 Eva er en karakter som beveger seg i et moralsk minefelt og i gr\u00e5sonen mellom skam, begj\u00e6r og frykt, sier Tjelta.<\/p>\n<p>\u00abSe meg\u00bb, som har kinopremiere p\u00e5 fredag, er debutfilmen til regiss\u00f8r Nina Knag (41) fra Bergen. Tjelta forteller at hun umiddelbart fikk sansen for prosjektet da Knag f\u00f8rst pitchet inn ideen.<\/p>\n<p>\u2013 Jeg opplevde at hun hadde en veldig klar visjon, og jeg tenkte at oi, her er det en regiss\u00f8r som virkelig \u00f8nsker \u00e5 fortelle noe viktig, sier Tjelta.<\/p>\n<p>Comeback med Joner<\/p>\n<p>Tjelta og Joner fikk begge et gjennombrudd med filmen \u00abMongoland\u00bb i 2001. I januar er det 25 \u00e5r siden den hadde premiere. N\u00e5 deler de to for f\u00f8rste gang filmlerret sammen igjen.<\/p>\n<p>   <img decoding=\"async\" width=\"4864\" height=\"3240\" fetchpriority=\"low\"  loading=\"lazy\"  src=\"https:\/\/www.europesays.com\/no\/wp-content\/uploads\/2025\/10\/NTB_0_ZV80w2Awc.jpg\" alt=\"Oslo 20251029. &#10;Kristoffer Joner og Pia Tjelta p\u00e5 r\u00f8d l\u00f8per for filmen \" se=\"\" meg=\"\" foto:=\"\" javad=\"\" parsa=\"\" ntb=\"\" class=\"brick-c-cFOWSL\" style=\"--brick-image-ratio: 4864 \/ 3240;\"\/><\/p>\n<p>      M\u00d8TES IGJEN: Kristoffer Joner og Pia Tjelta p\u00e5 r\u00f8d l\u00f8per for filmen \u00abSe meg\u00bb. Det er f\u00f8rste gang p\u00e5 25 \u00e5r at de to spiller i samme film igjen.<br \/>\n      Foto: Javad Parsa (NTB)\n    <\/p>\n<p>\u2013 Det var som \u00e5 m\u00f8te en bror eller en gammel venn, sier Tjelta.<\/p>\n<p>\u2013 Vi har jo hatt kontakt i alle disse \u00e5rene, selvf\u00f8lgelig. Men det var helt fantastisk \u00e5 spille med ham igjen. Han er en av verdens beste skuespillere, s\u00e5 han gj\u00f8r jo min jobb veldig lett.<\/p>\n<p>    Vil du se neste video?<\/p>\n<p>    <a href=\"https:\/\/www.nettavisen.no\/nyheter\/her-gjor-svein-harald-roine-narr-av-stores-logner\/v\/5-95-2683081\" class=\"recommend-poster\" data-adp-clicklabel=\"video-recommend\" data-adp-clickvalue=\"poster\" rel=\"nofollow noopener\" target=\"_blank\"><br \/>\n      <img decoding=\"async\" width=\"200\" height=\"200\" loading=\"lazy\" src=\"https:\/\/www.europesays.com\/no\/wp-content\/uploads\/2025\/10\/Svein+RTore+splitt.jpg\" alt=\"\" class=\"brick-c-cFOWSL\" style=\"--brick-image-ratio: 200 \/ 200;\"\/><\/p>\n<p>Her gj\u00f8r han narr av St\u00f8res l\u00f8gner4:24<\/p>\n<p>    <\/a><\/p>\n<p>Og Tjeltas gamle vennskap med Joner smittet over i sluttresultatet, forteller regiss\u00f8r Knag, som \u00f8nsket \u00e5 portrettere et troverdig og langvarig ekteskap p\u00e5 skjermen.<\/p>\n<p>\u2013 Jeg fikk s\u00e5 mye gratis kjemi p\u00e5 kj\u00f8pet. De scenene som de spilte sammen, de gikk s\u00e5 lekende lett. Det var som dynamitt, de to sammen, sier Knag til NTB.<\/p>\n<p>\u2013 S\u00e5 jeg tenkte jo s\u00e5nn, herregud, at ingen har f\u00f8rt dem sammen siden \u00abMongoland\u00bb er jo helt vanvittig. Jeg f\u00f8ler jo at jeg trenger litt kred der, da, ler hun.<\/p>\n<p>Dansk talent oppdaget p\u00e5 gata<\/p>\n<p>Filmskaperen lette lenge etter den rette til \u00e5 spille den 18 \u00e5r gamle asyls\u00f8keren Amir. Til slutt fant hun 27 \u00e5r gamle Tarek Zayat fra K\u00f8benhavn. Han er ikke utdannet skuespiller og fikk sin debut i den danske filmen \u00abShorta\u00bb fra 2020 etter \u00e5 ha blitt oppdaget p\u00e5 gata.<\/p>\n<p>\u2013 Foreldrene hans er var palestinske flyktninger som kom til Danmark, hvor han ble f\u00f8dt og vokste opp i gettoen, forteller Knag.<\/p>\n<p>   <img decoding=\"async\" width=\"7680\" height=\"4320\" fetchpriority=\"low\"  loading=\"lazy\"  src=\"https:\/\/www.europesays.com\/no\/wp-content\/uploads\/2025\/10\/07+Foto+Alvilde+Horjen+Naterstad+FNF+The+Global+Ensemble+Drama.jpg.jpg\" alt=\"\" class=\"brick-c-cFOWSL\" style=\"--brick-image-ratio: 7680 \/ 4320;\"\/><\/p>\n<p>      GOD KJEMI: Pia Tjelta og Tarek Zayat fikk god kjemi p\u00e5 sett.<br \/>\n      Foto: Alvilde Horjen Naterstad (FNF The Global Ensemble Drama)\n    <\/p>\n<p>Zayat og Tjelta fant umiddelbart en god kjemi p\u00e5 testpr\u00f8vene, og han fikk rollen. Knag beskriver han som et naturtalent. Han studerte juss da filmen ble spilt inn, som f\u00f8rste akademiker i familien. Da filmteamet slet med \u00e5 finne ut hvem som skulle skrive diktene som karakteren hans skriver i filmen, foreslo han at han selv kunne skrive dem.<\/p>\n<p>\u2013 S\u00e5 sendte han meg to dikt han hadde sittet og skrevet i parken. Da satt jeg p\u00e5 en uteservering i Bergen med noen venninner. Jeg leste h\u00f8yt, og s\u00e5 begynte vi \u00e5 grine fordi de var s\u00e5 r\u00f8rende.<\/p>\n<p>Norsk filmb\u00f8lge til Hollywood<\/p>\n<p>Filmdebutanten har allerede f\u00e5tt henvendelser fra USA og f\u00e5tt agent i Hollywood. Hun har hatt flere m\u00f8ter med store produksjonsselskaper, hvor mange \u00f8nsker \u00e5 satse p\u00e5 kvinnelige regiss\u00f8rer i Hollywood.<\/p>\n<p><b>Les ogs\u00e5: <a rel=\"Follow nofollow noopener\" href=\"https:\/\/www.nettavisen.no\/livsstil\/pia-tjelta-matte-isolere-seg-i-tre-maneder-for-drommerollen\/s\/5-95-454575\" target=\"_blank\">Pia Tjelta m\u00e5tte isolere seg i tre m\u00e5neder for dr\u00f8mmerollen<\/a><\/b><\/p>\n<p>\u2013 De syns det er veldig spennende med europeiske filmskapere. Akkurat n\u00e5 er det veldig f\u00e5 amerikanske kvinnelige filmregiss\u00f8rer, for det er vanskelig \u00e5 f\u00e5 opp prosjektene i USA. S\u00e5 de ser til Europa, og det er litt s\u00e5nn \u00abhot\u00bb \u00e5 v\u00e6re norsk kvinnelig regiss\u00f8r.<\/p>\n<p>\u2013 Det er en norsk b\u00f8lge n\u00e5, er det ikke?<\/p>\n<p>\u2013 Det er det. Og de lovpriser norsk film. De ser Joakim Trier, Lilja Ingolfsdottir, Halfdan Ullmann T\u00f8ndel, og de ser at det skjer veldig mye spennende. Og n\u00e5 har jo denne filmen vekket litt oppmerksomhet. Vi har ikke hatt premiere i USA enn\u00e5, men det h\u00e5per jeg vi f\u00e5r, sier 41-\u00e5ringen.<\/p>\n<p>(\u00a9NTB)<\/p>\n","protected":false},"excerpt":{"rendered":"\u2013 Grunnen til at jeg er skuespiller, er at jeg vil dytte meg selv ut i ting som&hellip;\n","protected":false},"author":2,"featured_media":74136,"comment_status":"","ping_status":"","sticky":false,"template":"","format":"standard","meta":{"footnotes":""},"categories":[58],"tags":[71,30,28,29,72],"class_list":{"0":"post-74135","1":"post","2":"type-post","3":"status-publish","4":"format-standard","5":"has-post-thumbnail","7":"category-underholdning","8":"tag-entertainment","9":"tag-no","10":"tag-norge","11":"tag-norway","12":"tag-underholdning"},"share_on_mastodon":{"url":"https:\/\/pubeurope.com\/@no\/115463930931519508","error":""},"_links":{"self":[{"href":"https:\/\/www.europesays.com\/no\/wp-json\/wp\/v2\/posts\/74135","targetHints":{"allow":["GET"]}}],"collection":[{"href":"https:\/\/www.europesays.com\/no\/wp-json\/wp\/v2\/posts"}],"about":[{"href":"https:\/\/www.europesays.com\/no\/wp-json\/wp\/v2\/types\/post"}],"author":[{"embeddable":true,"href":"https:\/\/www.europesays.com\/no\/wp-json\/wp\/v2\/users\/2"}],"replies":[{"embeddable":true,"href":"https:\/\/www.europesays.com\/no\/wp-json\/wp\/v2\/comments?post=74135"}],"version-history":[{"count":0,"href":"https:\/\/www.europesays.com\/no\/wp-json\/wp\/v2\/posts\/74135\/revisions"}],"wp:featuredmedia":[{"embeddable":true,"href":"https:\/\/www.europesays.com\/no\/wp-json\/wp\/v2\/media\/74136"}],"wp:attachment":[{"href":"https:\/\/www.europesays.com\/no\/wp-json\/wp\/v2\/media?parent=74135"}],"wp:term":[{"taxonomy":"category","embeddable":true,"href":"https:\/\/www.europesays.com\/no\/wp-json\/wp\/v2\/categories?post=74135"},{"taxonomy":"post_tag","embeddable":true,"href":"https:\/\/www.europesays.com\/no\/wp-json\/wp\/v2\/tags?post=74135"}],"curies":[{"name":"wp","href":"https:\/\/api.w.org\/{rel}","templated":true}]}}