{"id":74226,"date":"2025-10-30T17:46:08","date_gmt":"2025-10-30T17:46:08","guid":{"rendered":"https:\/\/www.europesays.com\/no\/74226\/"},"modified":"2025-10-30T17:46:08","modified_gmt":"2025-10-30T17:46:08","slug":"johann-andre-forfang-i-intervju-etter-hoppskandalen-opprivende","status":"publish","type":"post","link":"https:\/\/www.europesays.com\/no\/74226\/","title":{"rendered":"Johann Andr\u00e9 Forfang i intervju etter hoppskandalen: \u2013 Opprivende"},"content":{"rendered":"\n<p class=\"_lead_o9xde_2 _lead_xtcu6_50 layout-component text-serif-m layout-normal text-serif-l layout-component layout-wide layout-padded _wide_17hqh_1 layout-padded\">Skihopper Johann Andr\u00e9 Forfang (30) har fra i dag lov til \u00e5 konkurrere igjen etter VM-skandalen.<\/p>\n<p><img alt=\" Foto: Bj\u00f8rn S. Delebekk \/ VG\" class=\"_image_qp4xg_65 layout-component layout-wide\" data-fullscreen- data-track-element-type=\"Article image fullscreen\" data-track-name=\"ImageFullscreen\" fetchpriority=\"high\" decoding=\"sync\" loading=\"eager\" height=\"5504\" itemprop=\"image\"  src=\"https:\/\/www.europesays.com\/no\/wp-content\/uploads\/2025\/10\/d12d40ac-cf37-43c0-92c6-c05a6cdcf8c1\"  style=\"object-position:0% 0%\" width=\"8256\"\/> Foto: Bj\u00f8rn S. Delebekk \/ VGFrognerseteren Oppdatert torsdag 30. oktober kl. 18:23     <\/p>\n<p class=\"_paragraph_o9xde_4 _paragraph_xtcu6_10 layout-component text-serif-m layout-normal text-serif-m layout-padded\">\u2013 Det har v\u00e6rt t\u00f8ft av mange \u00e5rsaker. VM-situasjonen har v\u00e6rt toppen av isfjellet for min del. Det har v\u00e6rt graviditet, f\u00f8dsel, en syk pappa, bygging av hus. H\u00f8yt stressniv\u00e5 kan du si, sier Forfang til VG i forbindelse med lansering av kleskolleksjonen Norge skal bruke under OL i Italia denne vinteren.<\/p>\n<p class=\"_paragraph_o9xde_4 _paragraph_xtcu6_10 layout-component text-serif-m layout-normal text-serif-m layout-padded\">Dit kan Johann Andr\u00e9 Forfang reise for \u00e5 representere Norge. Forrige sesong endte i skam da han var en av de norske hopperne som ble utestengt etter juks med hoppdressen i storbakkerennet i VM i Trondheim. <\/p>\n<p class=\"_paragraph_o9xde_4 _paragraph_xtcu6_10 layout-component text-serif-m layout-normal text-serif-m layout-padded\">Gjennom sommeren var det en omfattende etterforskning mot ham og Marius Lindvik. De to hopperne inngikk ett forlik med FIS i august &#8211; og godtok en <a href=\"https:\/\/www.vg.no\/sport\/i\/rPwldm\/lindvik-og-forfang-inngaar-forlik-med-fis-aksepterer-tre-maaneders-utestengelse\" data-track-element-type=\"Link\" data-track-id=\"link:rPwldm\" class=\"_link_o9xde_39\" rel=\"nofollow noopener\" target=\"_blank\">suspensjon p\u00e5 tre m\u00e5neder<\/a>. Den er n\u00e5 over.<\/p>\n<p>   Hoppbr\u00e5ket<\/p>\n<ul class=\"_list_o9xde_3 _list_xtcu6_9 _list_16v91_9 _unordered_o9xde_106 layout-component text-serif-m layout-normal text-sans-m layout-padded\">\n<li class=\"_item_o9xde_30\">Etter storbakkerennet under ski-VM 2025 ble Marius Lindvik og Johann Andre Forfang disket for brudd p\u00e5 dressreglementet. FIS-kontroll\u00f8r Christian Kathol omtalte det som \u00abmanipulasjon (av hoppdresser) p\u00e5 h\u00f8yt niv\u00e5\u00bb.<\/li>\n<li class=\"_item_o9xde_30\">Den norske hoppledelsen erkjente i etterkant at det var bevisst juks.<\/li>\n<li class=\"_item_o9xde_30\">I kj\u00f8lvannet av diskvalifikasjonen ble Lindvik og Forfang suspendert ut sesongen av FIS. Det ble ogs\u00e5 Robin Pedersen, Robert Johansson og Kristoffer Eriksen Sundal. De tre sistnevnte ble senere frikjent.<\/li>\n<li class=\"_item_o9xde_30\">I august gikk Lindvik og Forfang inn et forlik med FIS hvor ut\u00f8verne godtok tre m\u00e5neders utestengelse og b\u00f8ter p\u00e5 2.000 sveitsiske franc, omtrent 25.000 norske kroner.<\/li>\n<li class=\"_item_o9xde_30\">Trener Magnus Brevig p\u00e5tok seg ansvaret for jukset. Han, assistent Thomas Lobben og skredder Adrian Livelten har alle forlatt sine jobber p\u00e5 det norske hopplandslaget etter at de inngikk sluttavtaler med forbundet.<\/li>\n<\/ul>\n<p>Vis mer<\/p>\n<p class=\"_paragraph_o9xde_4 _paragraph_xtcu6_10 layout-component text-serif-m layout-normal text-serif-m layout-padded\">N\u00e5 er Forfang klar for sesongstart i hopp. Den starter p\u00e5 Lillehammer 22. november.<\/p>\n<p class=\"_paragraph_o9xde_4 _paragraph_xtcu6_10 layout-component text-serif-m layout-normal text-serif-m layout-padded\">\u2013 Det er utrolig deilig \u00e5 se fremover p\u00e5 ekte, erkjenner Forfang.<\/p>\n<p class=\"_paragraph_o9xde_4 _paragraph_xtcu6_10 layout-component text-serif-m layout-normal text-serif-m layout-padded\">Tidligere har han uttalt seg i egne sosiale medier-kanaler om hoppskandalen som endte sesongen for ham og lagkameraten Marius Lindvik.<\/p>\n<p class=\"_paragraph_o9xde_4 _paragraph_xtcu6_10 layout-component text-serif-m layout-normal text-serif-m layout-padded\">Torsdag ble Norges OL-kolleksjon vist frem for f\u00f8rste gang:<\/p>\n<p class=\"_paragraph_o9xde_4 _paragraph_xtcu6_10 layout-component text-serif-m layout-normal text-serif-m layout-padded\">Ogs\u00e5 Robert Johansson, Robin Pedersen og Kristoffer Eriksen Sundal ble suspendert, men senere frikjent.<\/p>\n<p class=\"_paragraph_o9xde_4 _paragraph_xtcu6_10 layout-component text-serif-m layout-normal text-serif-m layout-padded\">For Forfang var det umulig \u00e5 stenge ute medieomtalen rundt saken etter VM.<\/p>\n<p class=\"_paragraph_o9xde_4 _paragraph_xtcu6_10 layout-component text-serif-m layout-normal text-serif-m layout-padded\">\u2013 Det var vanskelig ikke \u00e5 f\u00e5 med seg. Ethvert varsel p\u00e5 telefonen var nesten enten en sak eller en foresp\u00f8rsel. Det var heftig til tider, forteller Forfang.<\/p>\n<p class=\"_paragraph_o9xde_4 _paragraph_xtcu6_10 layout-component text-serif-m layout-normal text-serif-m layout-padded\">\u2013 Hvordan opplevde du v\u00e5ren etter VM i Trondheim?<\/p>\n<p class=\"_paragraph_o9xde_4 _paragraph_xtcu6_10 layout-component text-serif-m layout-normal text-serif-m layout-padded\">\u2013 Jeg hadde veldig mye \u00e5 tenke p\u00e5 den tiden der. Rakk ikke dvele s\u00e5 mye med det og m\u00e5tte ta h\u00e5nd om andre prek\u00e6re ting umiddelbart. Var et stressmoment med alt som foregikk i media. Men mange andre ting opptok meg og mitt p\u00e5 det tidspunktet.<\/p>\n<p class=\"_paragraph_o9xde_4 _paragraph_xtcu6_10 layout-component text-serif-m layout-normal text-serif-m layout-padded\">Under VM kom hans kreftsyke far og gravide samboer til den <a href=\"https:\/\/www.vg.no\/sport\/i\/Rz2eyx\/tok-vm-gull-med-kreftsyk-far-til-stede-utrolig-viktig-for-pappa-og-meg\" data-track-element-type=\"Link\" data-track-id=\"link:Rz2eyx\" class=\"_link_o9xde_39\" rel=\"nofollow noopener\" target=\"_blank\">blandede lagkonkurransen<\/a>, der Forfang var med p\u00e5 gullaget. Men hoppsporten huskes for andre ting fra verdensmesterskapet p\u00e5 hjemmebane. <\/p>\n<p class=\"_paragraph_o9xde_4 _paragraph_xtcu6_10 layout-component text-serif-m layout-normal text-serif-m layout-padded\">Tre mann i det norske st\u00f8tteapparatet i hopp var ferdig i jobben som f\u00f8lge av dressjukset.<\/p>\n<p class=\"_paragraph_o9xde_4 _paragraph_xtcu6_10 layout-component text-serif-m layout-normal text-serif-m layout-padded\">\u2013 Hele saken har v\u00e6rt t\u00f8ff, naturligvis. Opprivende i et lite milj\u00f8, beskriver Forfang.<\/p>\n<p class=\"_paragraph_o9xde_4 _paragraph_xtcu6_10 layout-component text-serif-m layout-normal text-serif-m layout-padded\">VG m\u00f8tte ogs\u00e5 Marius Lindvik torsdag. Han er klar p\u00e5 at den har preget ham.<\/p>\n<p class=\"_paragraph_o9xde_4 _paragraph_xtcu6_10 layout-component text-serif-m layout-normal text-serif-m layout-padded\">\u2014 Det har v\u00e6rt tungt, det har tatt mye energi. Jeg unner ingen \u00e5 st\u00e5 i noe slikt, men det er godt \u00e5 v\u00e6re ferdig med det n\u00e5, sier Lindvik til VG.<\/p>\n","protected":false},"excerpt":{"rendered":"Skihopper Johann Andr\u00e9 Forfang (30) har fra i dag lov til \u00e5 konkurrere igjen etter VM-skandalen. Foto: Bj\u00f8rn&hellip;\n","protected":false},"author":2,"featured_media":74227,"comment_status":"","ping_status":"","sticky":false,"template":"","format":"standard","meta":{"footnotes":""},"categories":[59],"tags":[10290,30,28,29,83,82,399],"class_list":{"0":"post-74226","1":"post","2":"type-post","3":"status-publish","4":"format-standard","5":"has-post-thumbnail","7":"category-sport","8":"tag-hoppbraket","9":"tag-no","10":"tag-norge","11":"tag-norway","12":"tag-sport","13":"tag-sports","14":"tag-vintersport"},"share_on_mastodon":{"url":"https:\/\/pubeurope.com\/@no\/115464371204516277","error":""},"_links":{"self":[{"href":"https:\/\/www.europesays.com\/no\/wp-json\/wp\/v2\/posts\/74226","targetHints":{"allow":["GET"]}}],"collection":[{"href":"https:\/\/www.europesays.com\/no\/wp-json\/wp\/v2\/posts"}],"about":[{"href":"https:\/\/www.europesays.com\/no\/wp-json\/wp\/v2\/types\/post"}],"author":[{"embeddable":true,"href":"https:\/\/www.europesays.com\/no\/wp-json\/wp\/v2\/users\/2"}],"replies":[{"embeddable":true,"href":"https:\/\/www.europesays.com\/no\/wp-json\/wp\/v2\/comments?post=74226"}],"version-history":[{"count":0,"href":"https:\/\/www.europesays.com\/no\/wp-json\/wp\/v2\/posts\/74226\/revisions"}],"wp:featuredmedia":[{"embeddable":true,"href":"https:\/\/www.europesays.com\/no\/wp-json\/wp\/v2\/media\/74227"}],"wp:attachment":[{"href":"https:\/\/www.europesays.com\/no\/wp-json\/wp\/v2\/media?parent=74226"}],"wp:term":[{"taxonomy":"category","embeddable":true,"href":"https:\/\/www.europesays.com\/no\/wp-json\/wp\/v2\/categories?post=74226"},{"taxonomy":"post_tag","embeddable":true,"href":"https:\/\/www.europesays.com\/no\/wp-json\/wp\/v2\/tags?post=74226"}],"curies":[{"name":"wp","href":"https:\/\/api.w.org\/{rel}","templated":true}]}}