{"id":74268,"date":"2025-10-30T18:41:08","date_gmt":"2025-10-30T18:41:08","guid":{"rendered":"https:\/\/www.europesays.com\/no\/74268\/"},"modified":"2025-10-30T18:41:08","modified_gmt":"2025-10-30T18:41:08","slug":"twitch-sjef-ber-om-unnskyldning-etter-overfall-pa-emiru","status":"publish","type":"post","link":"https:\/\/www.europesays.com\/no\/74268\/","title":{"rendered":"Twitch-sjef ber om unnskyldning etter overfall p\u00e5 Emiru"},"content":{"rendered":"\n<p class=\"_lead_o9xde_2 _lead_xtcu6_50 layout-component text-serif-m layout-normal text-serif-l layout-component layout-wide layout-padded _wide_17hqh_1 layout-padded\">Streameren Emiru ble angrepet under \u00abmeet and greet\u00bb p\u00e5 Twitchcon.<\/p>\n<p><img alt=\" Foto: PATRICK T. FALLON \/ AFP \/ NTB\" class=\"_image_qp4xg_65 layout-component layout-wide\" data-fullscreen- data-track-element-type=\"Article image fullscreen\" data-track-name=\"ImageFullscreen\" fetchpriority=\"high\" decoding=\"sync\" loading=\"eager\" height=\"3397\" itemprop=\"image\"  src=\"https:\/\/www.europesays.com\/no\/wp-content\/uploads\/2025\/10\/4a26ce9e-8540-479a-9ef8-26e08ae6f115\"  style=\"object-position:0% 0%\" width=\"5096\"\/> Foto: PATRICK T. FALLON \/ AFP \/ NTB<\/p>\n<ul aria-hidden=\"true\" class=\"_images_18f0k_111\">\n<li><a class=\"_link_18f0k_116\" href=\"https:\/\/www.vg.no\/forfatter\/thor-benjamin-brekken\" style=\"z-index:1\" title=\"Benjamin Brekken\" rel=\"nofollow noopener\" target=\"_blank\"><img alt=\"Bilde av Benjamin Brekken\" class=\"_image_18f0k_93\" fetchpriority=\"low\" loading=\"lazy\" decoding=\"async\" itemprop=\"image\"  src=\"https:\/\/www.europesays.com\/no\/wp-content\/uploads\/2025\/10\/1761849668_25_1729a004-83db-4715-83a1-201a2b6019bd\"  width=\"480\"\/><\/a><\/li>\n<\/ul>\n<p> Oppdatert torsdag 30. oktober kl. 19:10    <\/p>\n<ul class=\"_list_o9xde_3 _list_64s2r_85 _unordered_o9xde_106 text-sans-m\">\n<li class=\"_item_o9xde_30\">Streameren Emiru ble overfalt under en \u00abmeet and greet\u00bb p\u00e5 Twitchcon.<\/li>\n<li class=\"_item_o9xde_30\">Twitchs direkt\u00f8r Dan Clancy beklager hendelsen og sine egne kommentarer i etterkant.<\/li>\n<li class=\"_item_o9xde_30\">Emiru har tidligere uttrykt bekymring for sikkerheten, men var kontraktsbundet til \u00e5 delta.<\/li>\n<li class=\"_item_o9xde_30\">Clancy lover en formell analyse av hendelsen og forbedret sikkerhet p\u00e5 Twitchcon.<\/li>\n<\/ul>\n<p>Vis mer <\/p>\n<p class=\"_paragraph_o9xde_4 _paragraph_xtcu6_10 layout-component text-serif-m layout-normal text-serif-m layout-padded\">Administrerende direkt\u00f8r i <a href=\"https:\/\/www.vg.no\/tag\/twitch?utm_source=vg-article&amp;utm_medium=auto-tagger&amp;utm_campaign=0VeAA6\" class=\"_link_o9xde_39\" rel=\"nofollow noopener\" target=\"_blank\">Twitch<\/a>,  Dan Clancy, beklager n\u00e5 b\u00e5de overfallet mot den popul\u00e6re streameren og cosplayeren Emiru, og sine egne kommentarer i etterkant.<\/p>\n<p class=\"_paragraph_o9xde_4 _paragraph_xtcu6_10 layout-component text-serif-m layout-normal text-serif-m layout-padded\">\u2013 Vi mislyktes, b\u00e5de med \u00e5 la det skje og med v\u00e5r reaksjon etterp\u00e5, skriver Clancy i et <a href=\"https:\/\/x.com\/Twitch\/status\/1981825064904667169?ref_src=twsrc^tfw|twcamp^tweetembed|twterm^1981825064904667169|twgr^4736bf0f1f6febbf93a0eeb8e0d4b4eb9cd09634|twcon^s1_&amp;ref_url=https%3A%2F%2Fwww.pcgamer.com%2Fgaming-industry%2Ftwitch-ceo-dan-clancy-apologizes-for-twitchcon-assault-of-emiru-and-his-interview-comments-on-the-incident-we-failed-both-in-allowing-it-to-occur-and-in-our-response-following%2F\" class=\"_link_o9xde_39\" rel=\"nofollow\">langt innlegg p\u00e5 X.<\/a><\/p>\n<p class=\"_root_1xq52_1\" lang=\"en\" dir=\"auto\">Saw so many women saying they weren\u2019t going to be attending TwitchCon this year because they don\u2019t feel safe, and then this happens to Emiru on day one <\/p>\n<p class=\"_paragraph_o9xde_4 _paragraph_xtcu6_10 layout-component text-serif-m layout-normal text-serif-m layout-padded\">Emily-Beth Schunk (27), kjent som \u00abEmiru\u00bb, ble overfalt under en \u00abmeet and greet\u00bb p\u00e5 TwitchconTwitchconEn \u00e5rlig konferanse og messe arrangert av Twitch, hvor streamere og fans kan m\u00f8tes og delta i ulike aktiviteter.. En mann trengte seg fram og holdt fast i streamingstjernen.<\/p>\n<p class=\"_paragraph_o9xde_4 _paragraph_xtcu6_10 layout-component text-serif-m layout-normal text-serif-m layout-padded\">\u2013 Han lener seg fram med sammenpressede lepper og pr\u00f8ver \u00e5 kysse meg. Da begynner jeg \u00e5 skrike, har Emiru fortalt etter angrepet, if\u00f8lge <a href=\"https:\/\/www.aftonbladet.se\/nojesbladet\/spela\/a\/8q3ozr\/twitch-vd-dan-clancy-om-overfallet-pa-emiru?utm_medium=rss\" class=\"_link_o9xde_39\" rel=\"nofollow noopener\" target=\"_blank\">Aftonbladet<\/a>.<\/p>\n<p class=\"_paragraph_o9xde_4 _paragraph_xtcu6_10 layout-component text-serif-m layout-normal text-serif-m layout-padded\">Den svenske avisen skriver at Emiru, som har 1,9 millioner f\u00f8lgere p\u00e5 Twitch, hadde p\u00e5 forh\u00e5nd uttrykt bekymring for sikkerheten og ville egentlig ikke gjennomf\u00f8re arrangementet. Men hun var forpliktet til det gjennom kontrakten sin.<\/p>\n<p class=\"_paragraph_o9xde_4 _paragraph_xtcu6_10 layout-component text-serif-m layout-normal text-serif-m layout-padded\">Twitch har f\u00e5tt hard kritikk for d\u00e5rlig sikkerhet. I et intervju hevdet Clancy at Emiru ogs\u00e5 hadde et ansvar for \u00e5 fjerne truende seere fra sitt eget publikum.<\/p>\n<p class=\"_paragraph_o9xde_4 _paragraph_xtcu6_10 layout-component text-serif-m layout-normal text-serif-m layout-padded\">\u2013 Jeg ber Emiru om unnskyldning for alt som skjedde, skriver han n\u00e5.<\/p>\n<p class=\"_paragraph_o9xde_4 _paragraph_xtcu6_10 layout-component text-serif-m layout-normal text-serif-m layout-padded\">Clancy lover at Twitch skal gjennomf\u00f8re en formell analyse av hendelsen og se over sikkerheten p\u00e5 Twitchcon.<\/p>\n","protected":false},"excerpt":{"rendered":"Streameren Emiru ble angrepet under \u00abmeet and greet\u00bb p\u00e5 Twitchcon. Foto: PATRICK T. FALLON \/ AFP \/ NTB&hellip;\n","protected":false},"author":2,"featured_media":74269,"comment_status":"","ping_status":"","sticky":false,"template":"","format":"standard","meta":{"footnotes":""},"categories":[58],"tags":[71,30,28,29,10294,72,46],"class_list":{"0":"post-74268","1":"post","2":"type-post","3":"status-publish","4":"format-standard","5":"has-post-thumbnail","7":"category-underholdning","8":"tag-entertainment","9":"tag-no","10":"tag-norge","11":"tag-norway","12":"tag-twitch","13":"tag-underholdning","14":"tag-vgai"},"share_on_mastodon":{"url":"https:\/\/pubeurope.com\/@no\/115464587458579967","error":""},"_links":{"self":[{"href":"https:\/\/www.europesays.com\/no\/wp-json\/wp\/v2\/posts\/74268","targetHints":{"allow":["GET"]}}],"collection":[{"href":"https:\/\/www.europesays.com\/no\/wp-json\/wp\/v2\/posts"}],"about":[{"href":"https:\/\/www.europesays.com\/no\/wp-json\/wp\/v2\/types\/post"}],"author":[{"embeddable":true,"href":"https:\/\/www.europesays.com\/no\/wp-json\/wp\/v2\/users\/2"}],"replies":[{"embeddable":true,"href":"https:\/\/www.europesays.com\/no\/wp-json\/wp\/v2\/comments?post=74268"}],"version-history":[{"count":0,"href":"https:\/\/www.europesays.com\/no\/wp-json\/wp\/v2\/posts\/74268\/revisions"}],"wp:featuredmedia":[{"embeddable":true,"href":"https:\/\/www.europesays.com\/no\/wp-json\/wp\/v2\/media\/74269"}],"wp:attachment":[{"href":"https:\/\/www.europesays.com\/no\/wp-json\/wp\/v2\/media?parent=74268"}],"wp:term":[{"taxonomy":"category","embeddable":true,"href":"https:\/\/www.europesays.com\/no\/wp-json\/wp\/v2\/categories?post=74268"},{"taxonomy":"post_tag","embeddable":true,"href":"https:\/\/www.europesays.com\/no\/wp-json\/wp\/v2\/tags?post=74268"}],"curies":[{"name":"wp","href":"https:\/\/api.w.org\/{rel}","templated":true}]}}