{"id":74319,"date":"2025-10-30T19:41:12","date_gmt":"2025-10-30T19:41:12","guid":{"rendered":"https:\/\/www.europesays.com\/no\/74319\/"},"modified":"2025-10-30T19:41:12","modified_gmt":"2025-10-30T19:41:12","slug":"historisk-seglas-for-ms-richard-with-smp-no","status":"publish","type":"post","link":"https:\/\/www.europesays.com\/no\/74319\/","title":{"rendered":"(+) Historisk seglas for MS \u00abRichard With\u00bb &#8211; smp.no"},"content":{"rendered":"<ol>\n<li><a href=\"https:\/\/news.google.com\/rss\/articles\/CBMimAFBVV95cUxNU1BUYVczUUZIMWFhTGNtWkNucmxONWRjcUVuX0Z4Qk9ValYtWklpSFpYT0VsREhUTW9vVTZPZ21ITmhEbEg4T0RCcGljaXJuUWF6ZmF6NGRzckY1OEhBQ08tRG9EMG91MUNjV1d0aHhPa3RIelZ1VVN6alJLMV9ua05WTVQ4UkNyWlphaHZ2WnFuYkZScUJEVw?oc=5\" target=\"_blank\" rel=\"nofollow noopener\">(+) Historisk seglas for MS \u00abRichard With\u00bb<\/a>&nbsp;&nbsp;smp.no<\/li>\n<li><a href=\"https:\/\/news.google.com\/rss\/articles\/CBMiggFBVV95cUxQNVp6WmNubEt3di1xRHhjMjRjX1ZJaUZGcFlVbFdtMjAwS0d2N1RBN2J3NzF5Vm9zdWdPai1GRUJHZi1RbkpyOUZzRkR1MkIxeVBMTURBSHFXeFktN05EQzBiQ3JPNWlzOXh6RzZ0Q0J5UzNWOFBkMFFQRUU0OHpvT2R3?oc=5\" target=\"_blank\" rel=\"nofollow noopener\">Har startet p\u00e5 historisk seilas<\/a>&nbsp;&nbsp;folkebladet.no<\/li>\n<li><a href=\"https:\/\/news.google.com\/rss\/articles\/CBMi4gFBVV95cUxNUzVsSENJblhucmNwMmpiRFgwdHNNNk1hdTZXM0hINl8zQ1dFQTg2WDhwdFhHbm5fVklFcXVIX0c2YTczdUZhNWRvUTJWbjlfRW03WWRUdy1CcWd4RnJSMkItLU82bVpQSXlkTzhZTWozOTBPWkc1LVEwRHdRQkxQaFFsakRIWkpnQ043clNTVnhrVFlrYUJaNTlsOEJISkw0U0IzYnZRS2ktbm9BaHRyMjdlaVpPOW1lQ1B4Q1pEb1hZd211Y1VoMzR6NUMwZXItNEhwWDN1YU5YRXRBMDdJZFlR?oc=5\" target=\"_blank\" rel=\"nofollow noopener\">Historisk seilas: Her fyller de frityrolje p\u00e5 Hurtigrute-tanken<\/a>&nbsp;&nbsp;Bergensavisen<\/li>\n<li><a href=\"https:\/\/news.google.com\/rss\/articles\/CBMid0FVX3lxTFB5QzJwTDBFbUpycnRzTWN5OXc1UEdibkF3d0xBTzlSZkstWFJIZlVMYXJKYl9IdFhuVzdqWkV5UHZVVzFCMjh6T3FOZENfQ2J2WEVNbUlpc2M1ZlY3OWZwc3RRWjZfSDhaMkhvME81aVJLVmxSRTNV?oc=5\" target=\"_blank\" rel=\"nofollow noopener\">Histo\u00adrisk Hurtig\u00adruten-seiling<\/a>&nbsp;&nbsp;banett.no<\/li>\n<li><a href=\"https:\/\/news.google.com\/rss\/articles\/CBMilAFBVV95cUxNbG44dE13QWVHaFFoSDBjM2xDZTFEa1dHYzBtUnZBUTVJTGZPUzgtSUJ3ZFJlX0NMR0w1U2pWUmZLQTZaZVg5MFBvTDVudzBuTGswZWdHQkRVajRQdF9DclNMRU5FSWtPdHNiOXhuemdmSWtpOWVvQVhoMnpwZTh0NGY5ZUk3MXVnZ3luY1ZiZ3RpMk8x?oc=5\" target=\"_blank\" rel=\"nofollow noopener\">Finnmark, Hammerfest | Det er fett! N\u00e5 g\u00e5r Hurtigruten p\u00e5 brukt frityrolje<\/a>&nbsp;&nbsp;iFinnmark<\/li>\n<\/ol>\n","protected":false},"excerpt":{"rendered":"(+) Historisk seglas for MS \u00abRichard With\u00bb&nbsp;&nbsp;smp.no Har startet p\u00e5 historisk seilas&nbsp;&nbsp;folkebladet.no Historisk seilas: Her fyller de frityrolje&hellip;\n","protected":false},"author":2,"featured_media":74320,"comment_status":"","ping_status":"","sticky":false,"template":"","format":"standard","meta":{"footnotes":""},"categories":[10],"tags":[1703,4090,20,21,5933,24,25,15,10301,22,23,13,30,28,29,14,16,10302,26,27],"class_list":{"0":"post-74319","1":"post","2":"type-post","3":"status-publish","4":"format-standard","5":"has-post-thumbnail","7":"category-norge","8":"tag-alesund","9":"tag-biodrivstoff","10":"tag-breaking-news","11":"tag-breakingnews","12":"tag-drivstoff","13":"tag-featured-news","14":"tag-featurednews","15":"tag-headlines","16":"tag-hurtigruten","17":"tag-latest-news","18":"tag-latestnews","19":"tag-news","20":"tag-no","21":"tag-norge","22":"tag-norway","23":"tag-nyheter","24":"tag-overskrifter","25":"tag-sjofart","26":"tag-top-stories","27":"tag-topstories"},"share_on_mastodon":{"url":"https:\/\/pubeurope.com\/@no\/115464823463469404","error":""},"_links":{"self":[{"href":"https:\/\/www.europesays.com\/no\/wp-json\/wp\/v2\/posts\/74319","targetHints":{"allow":["GET"]}}],"collection":[{"href":"https:\/\/www.europesays.com\/no\/wp-json\/wp\/v2\/posts"}],"about":[{"href":"https:\/\/www.europesays.com\/no\/wp-json\/wp\/v2\/types\/post"}],"author":[{"embeddable":true,"href":"https:\/\/www.europesays.com\/no\/wp-json\/wp\/v2\/users\/2"}],"replies":[{"embeddable":true,"href":"https:\/\/www.europesays.com\/no\/wp-json\/wp\/v2\/comments?post=74319"}],"version-history":[{"count":0,"href":"https:\/\/www.europesays.com\/no\/wp-json\/wp\/v2\/posts\/74319\/revisions"}],"wp:featuredmedia":[{"embeddable":true,"href":"https:\/\/www.europesays.com\/no\/wp-json\/wp\/v2\/media\/74320"}],"wp:attachment":[{"href":"https:\/\/www.europesays.com\/no\/wp-json\/wp\/v2\/media?parent=74319"}],"wp:term":[{"taxonomy":"category","embeddable":true,"href":"https:\/\/www.europesays.com\/no\/wp-json\/wp\/v2\/categories?post=74319"},{"taxonomy":"post_tag","embeddable":true,"href":"https:\/\/www.europesays.com\/no\/wp-json\/wp\/v2\/tags?post=74319"}],"curies":[{"name":"wp","href":"https:\/\/api.w.org\/{rel}","templated":true}]}}