{"id":74327,"date":"2025-10-30T19:48:12","date_gmt":"2025-10-30T19:48:12","guid":{"rendered":"https:\/\/www.europesays.com\/no\/74327\/"},"modified":"2025-10-30T19:48:12","modified_gmt":"2025-10-30T19:48:12","slug":"den-minst-belastende-losningen","status":"publish","type":"post","link":"https:\/\/www.europesays.com\/no\/74327\/","title":{"rendered":"\u2013 Den minst belastende l\u00f8sningen"},"content":{"rendered":"<p>Senking av fregatten KNM Bergen i utkanten av fiskefeltet Svensgrunn f\u00f8rte til at R\u00f8dt-politiker <a href=\"https:\/\/www.kystogfjord.no\/nyheter\/n\/rP0VRa\/tar-fregatt-senkinga-opp-i-stortinget\" rel=\"noopener nofollow\" target=\"_blank\">Geir J\u00f8rgensen tok saka til Stortinget.<\/a><\/p>\n<p>At Sj\u00f8forsvaret senket to fregatter under milit\u00e6r\u00f8velsen \u00c6gir i havomr\u00e5dene utenfor And\u00f8ya og Senja ble tatt opp i et skriftlig sp\u00f8rsm\u00e5l.<\/p>\n<p>Geir J\u00f8rgensen (R):<\/p>\n<p>\u2013  KNM Bergen ble senket ved Svensgrunnen, vrak og vrakdeler ligger n\u00e5 spredt utover et av de viktigste fiskefeltene i nord. Organisasjonen Fiskeb\u00e5t krever i brev til FD 23 oktober at vraket heves, fiskefeltet ryddes, slik at fiskeriaktivitetene kan gjenopptas. Det fremkommer i brevet at det ikke var noen dialog i forkant.<br \/>\nHvorfor valgte sj\u00f8forsvaret \u00e5 senke fregatten p\u00e5 dette fiskefeltet?<\/p>\n<p>Ble fjernet etter senkingen <\/p>\n<p>Forsvarsminister  Tore Onshuus Sandvik har svart at  det er viktig for Sj\u00f8forsvaret \u00e5 \u00f8ve og trene realistisk, teste v\u00e5pensystemene v\u00e5re og samvirke med allierte. Slike \u00f8velser bidrar til \u00e5 ivareta Forsvarets operative evne, interoperabilitet og demonstrere en troverdig og robust forsvarsevne.<\/p>\n<p>\u2013 KNM Trondheim ble senket 35nm nordvest for And\u00f8ya og ligger n\u00e5 p\u00e5 rundt 2000 meters dyp. KNM Trondheim hadde p\u00e5 grunn av tidligere \u00f8velser st\u00f8rre skader p\u00e5 overbygningen. Konteinerne som sees p\u00e5 bildet er derfor montert p\u00e5 for \u00e5 simulere overbygningen p\u00e5 fart\u00f8yet. KNM Bergen hadde ikke konteinere, skriver Sandvik i sitt svar.<\/p>\n<p>KNM Bergen ble senket helt i utkanten av Svensgrunnen og ligger n\u00e5 p\u00e5 cirka 125 meters dyp.<\/p>\n<p>\u2013 Forsvaret var avhengig av \u00e5 forankre fart\u00f8yet godt slik at det holdt seg helt i ro, for p\u00e5 denne m\u00e5ten \u00e5 f\u00e5 maksimalt utbytte av v\u00e5pentesten. Dette satte krav til at omr\u00e5det som skulle brukes ikke var dypere enn 125 meter, noe som snevret inn mulige lokasjoner.<\/p>\n<p>\u2013 V\u00e5penet som ble brukt ved senkningen delte fart\u00f8yet i to deler som begge var forankret i bunn med et b\u00f8yesystem. B\u00f8yesystemet ble fjernet etter senkningen, og alle l\u00f8se deler var i forkant fjernet fra fart\u00f8yet, Det forventes derfor ikke mange vrakdeler spredt utover, skriver forsvarsministeren.<\/p>\n<p>Var et kompromiss <\/p>\n<p>Forsvaret skal verifisere status og n\u00f8yaktig lokasjon p\u00e5 vrakdelene, if\u00f8lge forsvarsministeren.<\/p>\n<p>Begge fart\u00f8yene som n\u00e5 er senket har blitt brukt som m\u00e5lfart\u00f8y i mange \u00e5r. De er t\u00f8mt for skadelig materialer og har deretter gjennomf\u00f8rt milj\u00f8sertifisering, skriver han i sitt svar.<\/p>\n<p>\u2013 Forsvaret har i forkant av \u00f8velsen hatt dialog med statsforvalter, Milj\u00f8direktoratet og Fiskeridirektoratet. Gjennomf\u00f8ring av \u00f8velsen og lokasjonene som ble brukt var godt koordinert, og Forsvaret har lagt vekt p\u00e5 vurderingene fra Fiskeridirektoratet. Den valgte posisjonen ligger i utkanten av omr\u00e5det som brukes til fiske, og representerte et kompromiss mellom operative behov og sivile interesser, skriver Sandvik.<\/p>\n<p><a href=\"https:\/\/www.folkebladet.no\/norgeogverden\/i\/GyzrW4\/dette-er-jo-en-tragedie\" rel=\"nofollow noopener\" target=\"_blank\"> <img decoding=\"async\" src=\"data:image\/gif;base64,R0lGODlhEAAJAIAAAP\/\/\/wAAACH5BAEAAAAALAAAAAAQAAkAAAIKhI+py+0Po5yUFQA7\" alt=\"\"\/>   \u2013 Dette er jo en tragedie  <\/a> <\/p>\n<p> \u00d8vingen ble gjennomf\u00f8rt p\u00e5 en trygg og kontrollert m\u00e5te, mener forsvarsministeren.<\/p>\n<p>\u2013 Jeg har forst\u00e5else for at omr\u00e5det ogs\u00e5 brukes til fiske, og jeg er betrygget av at Forsvaret opplyser at de nettopp derfor s\u00f8kte dialog med b\u00e5de statsforvalter og Fiskeridirektoratet for \u00e5 finne den minst belastende l\u00f8sningen innenfor de operative behovene testingen krevde, skriver Sandvik i sitt svar.<\/p>\n<p>  ENDRINGER I SAKEN Vis mer \u2193 <\/p>\n<p>Kyst og Fjord er gjort oppmerksom av Forsvarsdepartementet p\u00e5 at det er gjort noen endringer i svaret som forsvarsministeren har sendt til Stortinget. Dermed endres ogs\u00e5 de avsluttende sitatene i denne artikkelen.<\/p>\n<p>Dette er endringene:<\/p>\n<ul class=\"List\">\n<li>\n<p>Fra \u00ablagt stor vekt p\u00e5 anbefalinger og vurderinger fra Fiskeridirektoratet\u00bb til \u00ablagt vekt p\u00e5 vurderingene fra Fiskeridirektoratet\u00bb<\/p>\n<\/li>\n<li>\n<p>\u00abTett dialog\u00bb endret til \u00abdialog\u00bb<\/p>\n<\/li>\n<li>\n<p>Dette er lagt til etter \u00abl\u00f8sningen\u00bb: \u00abinnenfor de operative behovene testingen krevde\u00bb<\/p>\n<\/li>\n<li>\n<p>Dette er fjernet i sin helhet: \u2013 Fiskeridirektoratet har gjort gode vurderinger, og Forsvaret har fulgt opp anbefalingene som ble gitt.<\/p>\n<\/li>\n<\/ul>\n<p><strong>Saken oppdatert klokka 15.37 og 17.25<\/strong><\/p>\n<p> <a href=\"https:\/\/www.folkebladet.no\/norgeogverden\/i\/PpWgQ6\/ble-senket-i-fiskefeltet\" rel=\"nofollow noopener\" target=\"_blank\"> <img decoding=\"async\" src=\"data:image\/gif;base64,R0lGODlhEAAJAIAAAP\/\/\/wAAACH5BAEAAAAALAAAAAAQAAkAAAIKhI+py+0Po5yUFQA7\" alt=\"\"\/>   Ble senket i fiskefeltet   <\/a> <a href=\"https:\/\/www.folkebladet.no\/norgeogverden\/i\/o3jA9j\/kan-vaere-tilfelle-at-stoey-har-skremt-fisken\" rel=\"nofollow noopener\" target=\"_blank\"> <img decoding=\"async\" src=\"data:image\/gif;base64,R0lGODlhEAAJAIAAAP\/\/\/wAAACH5BAEAAAAALAAAAAAQAAkAAAIKhI+py+0Po5yUFQA7\" alt=\"\"\/>   \u2013 Kan v\u00e6re tilfelle at st\u00f8y har skremt fisken   <\/a> <\/p>\n","protected":false},"excerpt":{"rendered":"Senking av fregatten KNM Bergen i utkanten av fiskefeltet Svensgrunn f\u00f8rte til at R\u00f8dt-politiker Geir J\u00f8rgensen tok saka&hellip;\n","protected":false},"author":2,"featured_media":74328,"comment_status":"","ping_status":"","sticky":false,"template":"","format":"standard","meta":{"footnotes":""},"categories":[10],"tags":[3396,20,21,24,25,4693,6354,15,22,23,5680,742,13,30,28,29,14,16,3044,10303,333,26,27],"class_list":{"0":"post-74327","1":"post","2":"type-post","3":"status-publish","4":"format-standard","5":"has-post-thumbnail","7":"category-norge","8":"tag-andoya","9":"tag-breaking-news","10":"tag-breakingnews","11":"tag-featured-news","12":"tag-featurednews","13":"tag-fiskebat","14":"tag-fiskeridirektoratet","15":"tag-headlines","16":"tag-latest-news","17":"tag-latestnews","18":"tag-militaerovelse","19":"tag-miljodirektoratet","20":"tag-news","21":"tag-no","22":"tag-norge","23":"tag-norway","24":"tag-nyheter","25":"tag-overskrifter","26":"tag-senja","27":"tag-sjoforsvaret","28":"tag-stortinget","29":"tag-top-stories","30":"tag-topstories"},"share_on_mastodon":{"url":"https:\/\/pubeurope.com\/@no\/115464850856062092","error":""},"_links":{"self":[{"href":"https:\/\/www.europesays.com\/no\/wp-json\/wp\/v2\/posts\/74327","targetHints":{"allow":["GET"]}}],"collection":[{"href":"https:\/\/www.europesays.com\/no\/wp-json\/wp\/v2\/posts"}],"about":[{"href":"https:\/\/www.europesays.com\/no\/wp-json\/wp\/v2\/types\/post"}],"author":[{"embeddable":true,"href":"https:\/\/www.europesays.com\/no\/wp-json\/wp\/v2\/users\/2"}],"replies":[{"embeddable":true,"href":"https:\/\/www.europesays.com\/no\/wp-json\/wp\/v2\/comments?post=74327"}],"version-history":[{"count":0,"href":"https:\/\/www.europesays.com\/no\/wp-json\/wp\/v2\/posts\/74327\/revisions"}],"wp:featuredmedia":[{"embeddable":true,"href":"https:\/\/www.europesays.com\/no\/wp-json\/wp\/v2\/media\/74328"}],"wp:attachment":[{"href":"https:\/\/www.europesays.com\/no\/wp-json\/wp\/v2\/media?parent=74327"}],"wp:term":[{"taxonomy":"category","embeddable":true,"href":"https:\/\/www.europesays.com\/no\/wp-json\/wp\/v2\/categories?post=74327"},{"taxonomy":"post_tag","embeddable":true,"href":"https:\/\/www.europesays.com\/no\/wp-json\/wp\/v2\/tags?post=74327"}],"curies":[{"name":"wp","href":"https:\/\/api.w.org\/{rel}","templated":true}]}}