{"id":74344,"date":"2025-10-30T20:17:30","date_gmt":"2025-10-30T20:17:30","guid":{"rendered":"https:\/\/www.europesays.com\/no\/74344\/"},"modified":"2025-10-30T20:17:30","modified_gmt":"2025-10-30T20:17:30","slug":"ville-fristelser-pa-nrk-jeg-satte-meg-i-dusjen-og-hylgrat","status":"publish","type":"post","link":"https:\/\/www.europesays.com\/no\/74344\/","title":{"rendered":"&#8216;Ville Fristelser&#8217; p\u00e5 NRK: &#8211; Jeg satte meg i dusjen og hylgr\u00e5t"},"content":{"rendered":"<p>L\u00f8rdag klokken 20.15 sendes den tiende og aller siste episoden i NRK-realityen \u00abVille fristelser\u00bb &#8211; serien vi aldri trodde vi skulle se, men som etter hvert ble en besettelse. Den har nemlig et persongalleri og konfliktniv\u00e5 vi ikke har sett makan til siden Gaute \u00abHvilepuls\u00bb Gr\u00f8tta Grav sprengte laget i \u00ab71 grader nord &#8211; Norges t\u00f8ffeste kjendis\u00bb i fjor.<\/p>\n<p>Konseptet g\u00e5r ut p\u00e5 at ti ukjente personer skal ta seg gjennom Malaysias ville jungel. F\u00f8r de legger ut p\u00e5 den strevsomme turen f\u00e5r de vite at de har 2,5 millioner kroner i en felles pott.\u00a0<\/p>\n<p>          <img loading=\"lazy\" decoding=\"async\" src=\"https:\/\/www.europesays.com\/no\/wp-content\/uploads\/2025\/10\/83787636.webp\" width=\"686\" height=\"392\" title=\"JUNGEL-GJENGEN: Alle de ti deltakerne i NRKs reality-satsing denne h\u00f8sten, \u00abVille fristelser\u00bb. En ny sesong neste \u00e5r er bekreftet. Foto: NRK\" alt=\"\" class=\"\" style=\"--aspect-ratio-image: 1.75; \"\/><\/p>\n<p>\n          JUNGEL-GJENGEN: Alle de ti deltakerne i NRKs reality-satsing denne h\u00f8sten, \u00abVille fristelser\u00bb. En ny sesong neste \u00e5r er bekreftet. Foto: NRK\n      <\/p>\n<p>Potensielt 250.000 kroner til hver av dem &#8211; s\u00e5 sant ingen velger \u00e5 svi av penger fra fellespotten p\u00e5 fristelsene som dukker opp underveis &#8211; som en dusj eller hotellopphold, en burger eller \u00f8l.<\/p>\n<p>D\u00e9t skjer over en lav sko &#8211; og skaper store konflikter i gruppa.<\/p>\n<p>    <a itemprop=\"url\" href=\"https:\/\/www.kk.no\/livet\/de-apnet-doren-og-lot-meg-bo-pa-det-gamle-pikerommet\/83785023\" rel=\"nofollow noopener\" target=\"_blank\"><\/p>\n<p>      <img loading=\"lazy\" decoding=\"async\" src=\"https:\/\/www.europesays.com\/no\/wp-content\/uploads\/2025\/10\/83785056.webp\" width=\"980\" height=\"441\" title=\"\u2013 De \u00e5pnet d\u00f8ren og lot meg bo p\u00e5 det gamle pikerommet\" alt=\"\" class=\"lazyload\" style=\"--aspect-ratio-image: 2.22; \"\/><\/p>\n<p>        \u2013 De \u00e5pnet d\u00f8ren og lot meg bo p\u00e5 det gamle pikerommet<\/p>\n<p>    <\/a><\/p>\n<p> &#8211; Jeg ble castet for \u00e5 ta fristelser \t<\/p>\n<p>En av deltakerne som fra starten av er tydelig p\u00e5 at hun vil la seg friste, er livsnyter og eiendomsmegler Katrine Edvardsen (37).<\/p>\n<p>&#8211; Jeg ble castet for \u00e5 ta fristelser. De lette ogs\u00e5 etter folk som ikke var ute etter pengene. Ikke at jeg ikke trenger penger, jeg er alenemor &#8211; men det var opplevelsene jeg var ute etter.<\/p>\n<p>&#8211; Jeg forstod ikke at vi som tok fristelser skulle f\u00e5 s\u00e5 mye tyn. At det skulle v\u00e6re s\u00e5 viktig med de pengene, forteller Katrine da KK ringer for et intervju.<\/p>\n<p>    <a itemprop=\"url\" href=\"https:\/\/www.kk.no\/livet\/har-flyttet-fra-nerdrum-garden\/83783351\" rel=\"nofollow noopener\" target=\"_blank\"><\/p>\n<p>      <img loading=\"lazy\" decoding=\"async\" src=\"https:\/\/www.europesays.com\/no\/wp-content\/uploads\/2025\/10\/1761855437_0_83125998.webp\" width=\"980\" height=\"441\" title=\"Har flyttet fra Nerdrum-g\u00e5rden\" alt=\"\" class=\"lazyload\" style=\"--aspect-ratio-image: 2.22; \"\/><\/p>\n<p>        Har flyttet fra Nerdrum-g\u00e5rden<\/p>\n<p>    <\/a><\/p>\n<p>&#8211; J**** sparegriser\t<\/p>\n<p>For ganske raskt delte nemlig gruppa seg i to leire:<\/p>\n<p>\u00abSparegrisene\u00bb som \u00f8nsker \u00e5 motst\u00e5 fristelsene og f\u00e5 med seg mest mulig penger hjem igjen &#8211; og livsnyterne &#8211; som ikke n\u00f8ler med \u00e5 takke ja, og heller vil unne seg opplevelsene underveis.<\/p>\n<p>          <img loading=\"lazy\" decoding=\"async\" src=\"https:\/\/www.europesays.com\/no\/wp-content\/uploads\/2025\/10\/83787637.webp\" width=\"686\" height=\"392\" title=\"FRISTELSE: Midt i Malaysias jungel dukker den ene fristelsen opp etter den andre fra programleder Nate Kahungu - som et hotellopphold n\u00e5r du har g\u00e5tt fem, seks timer i jungelens hete. Foto: NRK\" alt=\"\" class=\"\" style=\"--aspect-ratio-image: 1.75; \"\/><\/p>\n<p>\n          FRISTELSE: Midt i Malaysias jungel dukker den ene fristelsen opp etter den andre fra programleder Nate Kahungu &#8211; som et hotellopphold n\u00e5r du har g\u00e5tt fem, seks timer i jungelens hete. Foto: NRK\n      <\/p>\n<p>Ettersom sparegrisene er i flertall, f\u00e5r livsnyterne ofte gjennomg\u00e5 i harde ordelag for valgene de tar.<\/p>\n<p>Katrine blir lattermild.<\/p>\n<p>&#8211; J**** sparegriser &#8211; det var jeg som fant opp det uttrykket. Hadde alle v\u00e6rt casta som sparegriser hadde det blitt en naturdokumentar med bare sti og blader. Jeg fikk faktisk en melding fra en av de andre deltakerne om at det ikke hadde blitt tv uten meg. Det var jeg litt glad for \u00e5 h\u00f8re.<\/p>\n<p>          <img loading=\"lazy\" decoding=\"async\" src=\"https:\/\/www.europesays.com\/no\/wp-content\/uploads\/2025\/10\/83787800.webp\" width=\"686\" height=\"392\" title=\"ANDRE BOLLER: Det var ikke boller som fristet Katrine mest, men opplevelser. Foto: NRK\" alt=\"\" class=\"\" style=\"--aspect-ratio-image: 1.75; \"\/><\/p>\n<p>\n          ANDRE BOLLER: Det var ikke boller som fristet Katrine mest, men opplevelser. Foto: NRK\n      <\/p>\n<p class=\"italic m-italic\" data-lab-italic=\"italic\">&#8211; Du fikk sterk motstand for noen av fristelsene du tok &#8211; en av de mannlige deltakerne gikk til og med etter deg p\u00e5 et tidspunkt og krevde et svar &#8211; hvordan var det?<\/p>\n<p>&#8211; Der ble jeg veldig redd. Dette skjedde da vi var p\u00e5 et pool-party og alkohol var blitt servert. Han hadde drukket for mye.<\/p>\n<p>    <a itemprop=\"url\" href=\"https:\/\/www.kk.no\/underholdning\/stolt-av-a-vaere-en-voksen-kvinne-1\/83612895\" rel=\"nofollow noopener\" target=\"_blank\"><\/p>\n<p>      <img loading=\"lazy\" decoding=\"async\" src=\"https:\/\/www.europesays.com\/no\/wp-content\/uploads\/2025\/10\/83612975.webp\" width=\"980\" height=\"441\" title=\"- Stolt av \u00e5 v\u00e6re en voksen kvinne\" alt=\"\" class=\"lazyload\" style=\"--aspect-ratio-image: 2.22; \"\/><\/p>\n<p>        &#8211; Stolt av \u00e5 v\u00e6re en voksen kvinne<\/p>\n<p>    <\/a><\/p>\n<p>Satte seg i dusjen og hylgr\u00e5t\t<\/p>\n<p>Den intense opplevelsen trigget minnene om en d\u00e5rlig erfaring hun hadde hatt i en tidligere relasjon.<\/p>\n<p>&#8211; Jeg satte meg i dusjen og hylgr\u00e5t. Da ville jeg hjem, men hadde lovet datteren min \u00e5 fullf\u00f8re, koste hva det koste vil. Da jeg stod opp neste dag tenkte jeg p\u00e5 henne, og at jeg skulle fullf\u00f8re.<\/p>\n<p class=\"italic m-italic\" data-lab-italic=\"italic\">&#8211; Var dette noe av det t\u00f8ffeste ved deltakelsen?<\/p>\n<p>&#8211; Forholdene var det t\u00f8ffeste. Jeg var ikke forberedt p\u00e5 hvor t\u00f8ft det kom til \u00e5 bli, selv om jeg mentalt hadde v\u00e6rt i jungelen i to uker allerede f\u00f8r vi kom dit. Jeg liker \u00e5 ha kontroll. Jeg er livredd for slanger og h\u00f8yder, og s\u00e5 for meg at vi kj\u00f8rte i liner og m\u00f8tte slanger.<\/p>\n<p>          <img loading=\"lazy\" decoding=\"async\" src=\"https:\/\/www.europesays.com\/no\/wp-content\/uploads\/2025\/10\/83787799.webp\" width=\"686\" height=\"392\" title=\"KREVENDE RUTE: Katrine p\u00e5 vei gjennom den mudrete mangroven som utgjorde en av etappene deltakerne m\u00e5tte ta seg gjennom. Foto: NRK\" alt=\"\" class=\"\" style=\"--aspect-ratio-image: 1.75; \"\/><\/p>\n<p>\n          KREVENDE RUTE: Katrine p\u00e5 vei gjennom den mudrete mangroven som utgjorde en av etappene deltakerne m\u00e5tte ta seg gjennom. Foto: NRK\n      <\/p>\n<p class=\"italic m-italic\" data-lab-italic=\"italic\">&#8211; Du fikk ogs\u00e5 mye pepper underveis, spesielt fra en av deltakerne om at du klaget for mye &#8211; forst\u00e5r du at han reagerte?\u00a0<\/p>\n<p>&#8211; Hundre prosent! Jeg er en person som snakker f\u00f8r jeg tenker, og jeg er et f\u00f8lelsesmenneske. Du vet alltid hvor du har meg for \u00e5 si det s\u00e5nn. N\u00e5 som jeg ser hvordan det er klipt, blir jeg litt flau. Jeg tenkte ikke et sekund p\u00e5 det da vi var i jungelen, da var det bare kjipt, og jeg ga uttrykk for det.<\/p>\n<p class=\"italic m-italic\" data-lab-italic=\"italic\">&#8211; Hva var det beste med deltakelsen da?<\/p>\n<p class=\"no_italic m-no_italic\" data-lab-italic=\"\">Katrine trenger ingen betenkningstid.\u00a0<\/p>\n<p>&#8211; Det var fristelsene. Det levde jeg s\u00e5 lenge p\u00e5. Da jeg fikk tatt den dusjen var det fantastisk. Glampingen synes jeg var det kuleste &#8211; jeg er ikke noe campingmenneske som hele Norges befolkning n\u00e5 har f\u00e5tt med seg.<\/p>\n<p>&#8211; Det eneste ubehagelige med det var at det l\u00e5 vis a vis campen. At de skulle se p\u00e5 oss mens vi koste oss, var ubehagelig.<\/p>\n<p>    <a itemprop=\"url\" href=\"https:\/\/www.kk.no\/mamma\/jeg-tror-mamma-politiet-ma-ga-litt-bort-1\/83783287\" rel=\"nofollow noopener\" target=\"_blank\"><\/p>\n<p>      <img loading=\"lazy\" decoding=\"async\" src=\"https:\/\/www.europesays.com\/no\/wp-content\/uploads\/2025\/10\/83783421.webp\" width=\"980\" height=\"441\" title=\"\u2013 Jeg tror \u00abmamma-politiet\u00bb m\u00e5 g\u00e5 litt bort\" alt=\"\" class=\"lazyload\" style=\"--aspect-ratio-image: 2.22; \"\/><\/p>\n<p>        \u2013 Jeg tror \u00abmamma-politiet\u00bb m\u00e5 g\u00e5 litt bort<\/p>\n<p>    <\/a><\/p>\n<p>Kokosn\u00f8tta\t<\/p>\n<p>Selv om Katrine har stor forst\u00e5else for at det m\u00e5 klippes hardt og brutalt for \u00e5 skape god tv-underholdning, skulle hun \u00f8nske det kunne komme fram at hun faktisk ogs\u00e5 er et menneske med en rekke positive egenskaper.<\/p>\n<p>&#8211; De empatiske sidene mine kom ikke s\u00e5 godt fram, konstaterer hun lattermildt.\u00a0<\/p>\n<p>&#8211; Det kom heller ikke frem at jeg b\u00f8d 5.890 kroner p\u00e5 den kokosn\u00f8tta fordi jeg unnet de andre dette.<\/p>\n<p>          <img loading=\"lazy\" decoding=\"async\" src=\"https:\/\/www.europesays.com\/no\/wp-content\/uploads\/2025\/10\/83787752.webp\" width=\"686\" height=\"392\" title=\"GLA\u00b4JENTE: Til vanlig er Katrine er en over snittet positiv person, selv om hun fikk tyn for \u00e5 klage for mye. Foto: NRK\" alt=\"\" class=\"\" style=\"--aspect-ratio-image: 1.75; \"\/><\/p>\n<p>\n          GLA\u00b4JENTE: Til vanlig er Katrine er en over snittet positiv person, selv om hun fikk tyn for \u00e5 klage for mye. Foto: NRK\n      <\/p>\n<p>Hun angrer likevel ingen av valgene hun tok.<\/p>\n<p>For slik er livet som livsnyter:<\/p>\n<p>&#8211; Jeg lever her og n\u00e5. Livet er for kort til \u00e5 angre p\u00e5 ting. Jeg vet ikke om jeg lever i morgen, ting kan skje. Jeg tenker det er bedre \u00e5 gj\u00f8re ting enn \u00e5 angre p\u00e5 ting jeg ikke gjorde. Som med kokosn\u00f8tta, sier Katrine og sikter til overnattingen turvenninnen Mona inviterte henne med til &#8211; i et kokosn\u00f8ttformet hotellrom som fl\u00f8t p\u00e5 vannet.<\/p>\n<p>&#8211; Fy fader for en opplevelse det var! I etterkant ser jeg jo at Rebecca hadde fortjent \u00e5 f\u00e5 den opplevelsen enda mer enn meg. Men det var meg Mona ville ha med.<\/p>\n<p>          <img loading=\"lazy\" decoding=\"async\" src=\"https:\/\/www.europesays.com\/no\/wp-content\/uploads\/2025\/10\/83787638.webp\" width=\"980\" height=\"559\" title=\"FALT FOR FRISTELSENE: Mona ble en av Katrines n\u00e6rmeste i l\u00f8pet av turen. Foto: NRK\" alt=\"\" class=\"\" style=\"--aspect-ratio-image: 1.75; \"\/><\/p>\n<p>\n          FALT FOR FRISTELSENE: Mona ble en av Katrines n\u00e6rmeste i l\u00f8pet av turen. Foto: NRK\n      <\/p>\n<p>&#8211; Jeg hadde ikke kommet meg gjennom jungelen uten de fristelsene. Jeg tok heller ikke s\u00e5 mange fristelser som folk i kommentarfeltet skal ha det til. Jeg tok aldri s\u00e5nt som boller eller mat da det ble en mulighet. Det var opplevelsene jeg var ute etter &#8211; de er unike i mitt hode.<\/p>\n<p>    <a itemprop=\"url\" href=\"https:\/\/www.kk.no\/livet\/a-mote-simen-var-som-a-fa-et-svar-pa-mine-bonner\/83762277\" rel=\"nofollow noopener\" target=\"_blank\"><\/p>\n<p>      <img loading=\"lazy\" decoding=\"async\" src=\"https:\/\/www.europesays.com\/no\/wp-content\/uploads\/2025\/10\/1761855446_378_83762420.webp\" width=\"980\" height=\"441\" title=\"- \u00c5 m\u00f8te Simen var som \u00e5 f\u00e5 et svar p\u00e5 mine b\u00f8nner\" alt=\"\" class=\"lazyload\" style=\"--aspect-ratio-image: 2.22; \"\/><\/p>\n<p>        &#8211; \u00c5 m\u00f8te Simen var som \u00e5 f\u00e5 et svar p\u00e5 mine b\u00f8nner<\/p>\n<p>    <\/a><\/p>\n<p>Ugreit\t<\/p>\n<p>Mens Katrine aldri legger skjul p\u00e5 hvilke fristelser hun velger, er det derimot noen av deltakerne som velger fristelser i smug.<\/p>\n<p>Stjeling, kaller Katrine det.<\/p>\n<p>&#8211; At noen av \u00absparegrisene\u00bb gjorde det, er noe som kommer fram etter hvert. I jungelen var jeg frustrert over dette \u2013 jeg er oppdratt til \u00e5 ikke stjele. Jeg stod fram og gjorde opp for meg foran kamera, mens sparegrisene pekte finger p\u00e5 at det \u00e5 ta fristelser var feil, mens de gjorde det i skjul. Jeg synes det er dobbeltmoral og ugreit. For meg handler det om hvilke verdier man har.<\/p>\n<p>I f\u00f8rste episode fikk deltakerne ogs\u00e5 et valg om \u00e5 sikre penger til seg selv &#8211; eller \u00e5 stole p\u00e5 gruppa og avst\u00e5 fra \u00e5 sikre seg penger.<\/p>\n<p>Hvem som valgte hva, avsl\u00f8res f\u00f8rst i siste episode.<\/p>\n<p>Katrine kan r\u00f8pe at hun takket nei til disse pengene &#8211; noe hun mener i st\u00f8rre grad rettferdiggjorde at hun istedenfor takket ja til noen av fristelsene som kom.<\/p>\n<p>&#8211; \u00c5 takke ja til \u00e5 sikre seg pengene var faktisk den st\u00f8rste fristelsen, mener Katrine.<\/p>\n<p>    <a itemprop=\"url\" href=\"https:\/\/www.kk.no\/underholdning\/etter-deltakelsen-gikk-det-et-lys-opp-for-far-og-sonn\/83533073\" rel=\"nofollow noopener\" target=\"_blank\"><\/p>\n<p>      <img loading=\"lazy\" decoding=\"async\" src=\"https:\/\/www.europesays.com\/no\/wp-content\/uploads\/2025\/10\/83533277.webp\" width=\"980\" height=\"441\" title=\"Etter deltakelsen gikk det et lys opp for far og s\u00f8nn\" alt=\"\" class=\"lazyload\" style=\"--aspect-ratio-image: 2.22; \"\/><\/p>\n<p>        Etter deltakelsen gikk det et lys opp for far og s\u00f8nn<\/p>\n<p>    <\/a><\/p>\n<p>\u00d8nsker ikke \u00e5 fyre opp\t<\/p>\n<p class=\"italic m-italic\" data-lab-italic=\"italic\">&#8211; Kom du hjem som et annet menneske?<\/p>\n<p>&#8211; Jeg setter mer pris p\u00e5 ting. Jeg lever kanskje enda mer i nuet \u2013 om det er mulig, legger hun lattermildt til.<\/p>\n<p>&#8211; Men jeg synes det var vanskelig da de f\u00f8rste episodene kom. Plutselig ble jeg gjenkjent overalt over natta. Det er veldig uvant at folk stirrer s\u00e5 f\u00e6lt. Kan de ikke bare si \u00abhei\u00bb?<\/p>\n<p>&#8211; S\u00e5 tenker jeg mer p\u00e5 hva jeg legger ut i sosiale medier. Jeg er sprudlende og blid til vanlig &#8211; men n\u00e5 vet \u00aballe\u00bb at jeg er en livsnyter. Da trenger jeg ikke \u00e5 fyre opp under det.<\/p>\n<p>    <a itemprop=\"url\" href=\"https:\/\/www.kk.no\/livet\/et-svik-jeg-aldri-trodde-var-mulig\/83749253\" rel=\"nofollow noopener\" target=\"_blank\"><\/p>\n<p>      <img loading=\"lazy\" decoding=\"async\" src=\"https:\/\/www.europesays.com\/no\/wp-content\/uploads\/2025\/10\/83114537.webp\" width=\"980\" height=\"441\" title=\"- Et svik jeg aldri trodde var mulig\" alt=\"\" class=\"lazyload\" style=\"--aspect-ratio-image: 2.22; \"\/><\/p>\n<p>        &#8211; Et svik jeg aldri trodde var mulig<\/p>\n<p>    <\/a><\/p>\n<p>&#8211; Jeg hadde aldri blitt med om vi visste hva vi skulle gjennom\t<\/p>\n<p> Flere av deltakerne har hun fortsatt god kontakt med, spesielt med\u00a0 fris\u00f8ren Ragnar, Mona &#8211; hestetreneren og dyretolken nordfra og komikeren fra Bergen, Jonny. <\/p>\n<p>De to sistnevnte er ogs\u00e5 livsnytere &#8211; men der Jonny alltid slapp unna med \u00e5 falle for fristelsen, fikk Mona, i likhet med Katrine, ofte stor motstand fra mange i gruppa for sine valg.<\/p>\n<p>&#8211; Jeg digger Jonny og unner han alle fristelsene han falt for. Jeg synes det er trist at Mona f\u00e5r s\u00e5 mye pepper. Hun er verdens fineste menneske. Hun har opplevd veldig mye i livet sitt og er tvers gjennom god.<\/p>\n<p>          <img loading=\"lazy\" decoding=\"async\" src=\"https:\/\/www.europesays.com\/no\/wp-content\/uploads\/2025\/10\/83787635.webp\" width=\"980\" height=\"559\" title=\"LOT SEG FRISTE: Jonny gjorde det kroppen ville. Ville den ha \u00f8l, s\u00e5 ble det \u00f8l, om det var det som ble fristelsen. Foto: NRK\" alt=\"\" class=\"\" style=\"--aspect-ratio-image: 1.75; \"\/><\/p>\n<p>\n          LOT SEG FRISTE: Jonny gjorde det kroppen ville. Ville den ha \u00f8l, s\u00e5 ble det \u00f8l, om det var det som ble fristelsen. Foto: NRK\n      <\/p>\n<p class=\"italic m-italic\" data-lab-italic=\"italic\">&#8211; Hvordan vil du oppsummere den elleville turen?<\/p>\n<p>&#8211; Det var et realt kaos, men det var ogs\u00e5 utrolig spennende. Vi fikk ekstremt lite info f\u00f8r vi dro ut i jungelen &#8211; jeg hadde aldri blitt med om vi visste hva vi skulle gjennom.<\/p>\n<p>&#8211; Men i ettertid tenker jeg &#8211; fy fader s\u00e5 kult det var! Man kan godt diskutere om det var verdt \u00e5 ta fristelser underveis, for det ble en storm her og der &#8211; men de opplevelsene jeg valgte \u00e5 ta, er minner for livet.<\/p>\n","protected":false},"excerpt":{"rendered":"L\u00f8rdag klokken 20.15 sendes den tiende og aller siste episoden i NRK-realityen \u00abVille fristelser\u00bb &#8211; serien vi aldri&hellip;\n","protected":false},"author":2,"featured_media":74345,"comment_status":"","ping_status":"","sticky":false,"template":"","format":"standard","meta":{"footnotes":""},"categories":[5],"tags":[20,21,24,25,15,19,22,23,4016,17,18,13,30,28,29,14,16,26,27],"class_list":{"0":"post-74344","1":"post","2":"type-post","3":"status-publish","4":"format-standard","5":"has-post-thumbnail","7":"category-overskrifter","8":"tag-breaking-news","9":"tag-breakingnews","10":"tag-featured-news","11":"tag-featurednews","12":"tag-headlines","13":"tag-hovedoppslag","14":"tag-latest-news","15":"tag-latestnews","16":"tag-livet","17":"tag-main-news","18":"tag-mainnews","19":"tag-news","20":"tag-no","21":"tag-norge","22":"tag-norway","23":"tag-nyheter","24":"tag-overskrifter","25":"tag-top-stories","26":"tag-topstories"},"share_on_mastodon":{"url":"https:\/\/pubeurope.com\/@no\/115464965046041124","error":""},"_links":{"self":[{"href":"https:\/\/www.europesays.com\/no\/wp-json\/wp\/v2\/posts\/74344","targetHints":{"allow":["GET"]}}],"collection":[{"href":"https:\/\/www.europesays.com\/no\/wp-json\/wp\/v2\/posts"}],"about":[{"href":"https:\/\/www.europesays.com\/no\/wp-json\/wp\/v2\/types\/post"}],"author":[{"embeddable":true,"href":"https:\/\/www.europesays.com\/no\/wp-json\/wp\/v2\/users\/2"}],"replies":[{"embeddable":true,"href":"https:\/\/www.europesays.com\/no\/wp-json\/wp\/v2\/comments?post=74344"}],"version-history":[{"count":0,"href":"https:\/\/www.europesays.com\/no\/wp-json\/wp\/v2\/posts\/74344\/revisions"}],"wp:featuredmedia":[{"embeddable":true,"href":"https:\/\/www.europesays.com\/no\/wp-json\/wp\/v2\/media\/74345"}],"wp:attachment":[{"href":"https:\/\/www.europesays.com\/no\/wp-json\/wp\/v2\/media?parent=74344"}],"wp:term":[{"taxonomy":"category","embeddable":true,"href":"https:\/\/www.europesays.com\/no\/wp-json\/wp\/v2\/categories?post=74344"},{"taxonomy":"post_tag","embeddable":true,"href":"https:\/\/www.europesays.com\/no\/wp-json\/wp\/v2\/tags?post=74344"}],"curies":[{"name":"wp","href":"https:\/\/api.w.org\/{rel}","templated":true}]}}