{"id":74354,"date":"2025-10-30T20:32:08","date_gmt":"2025-10-30T20:32:08","guid":{"rendered":"https:\/\/www.europesays.com\/no\/74354\/"},"modified":"2025-10-30T20:32:08","modified_gmt":"2025-10-30T20:32:08","slug":"krfu-lederen-forteller-om-trusler-folk-onsker-meg-voldtatt","status":"publish","type":"post","link":"https:\/\/www.europesays.com\/no\/74354\/","title":{"rendered":"KrFU-lederen forteller om trusler: &#8211; Folk \u00f8nsker meg voldtatt"},"content":{"rendered":"\n<p class=\"_lead_o9xde_2 _lead_xtcu6_50 layout-component text-serif-m layout-normal text-serif-l layout-component layout-wide layout-padded _wide_17hqh_1 layout-padded\">Ingrid Olina Hovland har f\u00e5tt trusler p\u00e5 nett etter abort-utsagnet, melder flere medier.<\/p>\n<p><img alt=\"MEDIESTORM: KrFU-leder Ingrid Olina Hovland har f\u00e5tt mange sterke reaksjoner etter uttalelser i en podkast nylig. Foto: Thomas Fure \/ NTB\" class=\"_image_qp4xg_65 layout-component layout-wide\" data-fullscreen- data-track-element-type=\"Article image fullscreen\" data-track-name=\"ImageFullscreen\" fetchpriority=\"high\" decoding=\"sync\" loading=\"eager\" height=\"3605\" itemprop=\"image\"  src=\"https:\/\/www.europesays.com\/no\/wp-content\/uploads\/2025\/10\/3ac01e66-1ad4-4f37-842f-adf1ec267cde\"  style=\"object-position:0% 0%\" width=\"5407\"\/>MEDIESTORM: KrFU-leder Ingrid Olina Hovland har f\u00e5tt mange sterke reaksjoner etter uttalelser i en podkast nylig. Foto: Thomas Fure \/ NTB<\/p>\n<ul aria-hidden=\"true\" class=\"_images_18f0k_111\">\n<li><a class=\"_link_18f0k_116\" href=\"https:\/\/www.vg.no\/forfatter\/stella-bugge\" style=\"z-index:1\" title=\"Stella Bugge\" rel=\"nofollow noopener\" target=\"_blank\"><img alt=\"Bilde av Stella Bugge\" class=\"_image_18f0k_93\" fetchpriority=\"low\" loading=\"lazy\" decoding=\"async\" itemprop=\"image\"  src=\"https:\/\/www.europesays.com\/no\/wp-content\/uploads\/2025\/10\/1761856328_278_c673ac82-f3e7-47d3-aa1d-79bb6eca457a\"  width=\"480\"\/><\/a><\/li>\n<\/ul>\n<p> Oppdatert torsdag 30. oktober kl. 21:23     <\/p>\n<p class=\"_paragraph_o9xde_4 _paragraph_xtcu6_10 layout-component text-serif-m layout-normal text-serif-m layout-padded\">\u2013 Jeg har f\u00e5tt kommentarer om at folk \u00f8nsker meg voldtatt, sier den nyvalgte KrFU-lederen til <a href=\"https:\/\/www.tv2.no\/nyheter\/krfu-lederen-apner-opp-om-trusler-folk-onsker-meg-voldtatt\/18241300\/\" class=\"_link_o9xde_39\" rel=\"nofollow noopener\" target=\"_blank\">TV 2.<\/a><\/p>\n<p class=\"_paragraph_o9xde_4 _paragraph_xtcu6_10 layout-component text-serif-m layout-normal text-serif-m layout-padded\">Hun forteller at det har v\u00e6rt mye de siste dagene.<\/p>\n<p class=\"_paragraph_o9xde_4 _paragraph_xtcu6_10 layout-component text-serif-m layout-normal text-serif-m layout-padded\">\u2013 P\u00e5 flyplassen ble jeg m\u00f8tt med folk som viste langfingeren og ropte stygge ting etter meg. Det er litt ubehagelig, sier hun til TV2.<\/p>\n<p class=\"_paragraph_o9xde_4 _paragraph_xtcu6_10 layout-component text-serif-m layout-normal text-serif-m layout-padded\">Ogs\u00e5 til <a href=\"https:\/\/www.dagbladet.no\/nyheter\/de-onsker-meg-voldtatt\/83790608\" class=\"_link_o9xde_39\" rel=\"nofollow noopener\" target=\"_blank\">Dagbladet <\/a>sier hun at det har v\u00e6rt intenst.<\/p>\n<p class=\"_paragraph_o9xde_4 _paragraph_xtcu6_10 layout-component text-serif-m layout-normal text-serif-m layout-padded\">\u2013 Det blir sagt mye som ikke er greit. Det har v\u00e6rt folk som \u00f8nsker meg voldtatt, sier Hovland.\u00a0<\/p>\n<p class=\"_paragraph_o9xde_4 _paragraph_xtcu6_10 layout-component text-serif-m layout-normal text-serif-m layout-padded\">Reaksjonene har haglet etter at hun sa kvinner b\u00f8r b\u00e6re fram barn etter voldtekt i podkasten Brutalt \u00e6rlig, der hun ble intervjuet av influencer Jenny Huse.<\/p>\n<p class=\"_paragraph_o9xde_4 _paragraph_xtcu6_10 layout-component text-serif-m layout-normal text-serif-m layout-padded\">P\u00e5 sp\u00f8rsm\u00e5l om kvinner som blir gravide etter voldtekt b\u00f8r b\u00e6re frem barnet, svarte hun der:<\/p>\n<p class=\"_paragraph_o9xde_4 _paragraph_xtcu6_10 layout-component text-serif-m layout-normal text-serif-m layout-padded\">\u2013 Jeg mener at man b\u00f8r det. Rett og slett.<\/p>\n<p class=\"_paragraph_o9xde_4 _paragraph_xtcu6_10 layout-component text-serif-m layout-normal text-serif-m layout-padded\">Til<a href=\"https:\/\/www.vg.no\/nyheter\/i\/RzPw2x\/krfu-leder-ingrid-olina-hovland-om-abort-uttalelse-angrer-ikke\" data-track-element-type=\"Link\" data-track-id=\"link:RzPw2x\" class=\"_link_o9xde_39\" rel=\"nofollow noopener\" target=\"_blank\"> VG <\/a>har hun senere utdypet: \u2013 Jeg delte noen etiske refleksjoner rundt hva jeg ville valgt for meg og mitt liv. Som KrFU-leder st\u00e5r jeg for KrFUs politikk, og vil ikke p\u00e5legge kvinner i en s\u00e5 vanskelig situasjon \u00e5 velge det samme som meg.<\/p>\n<p class=\"_paragraph_o9xde_4 _paragraph_xtcu6_10 layout-component text-serif-m layout-normal text-serif-m layout-padded\">Hun mener hun har gjort det tydelig hva som er KrFUs linje, og hva som er hennes egne refleksjoner.<\/p>\n","protected":false},"excerpt":{"rendered":"Ingrid Olina Hovland har f\u00e5tt trusler p\u00e5 nett etter abort-utsagnet, melder flere medier. MEDIESTORM: KrFU-leder Ingrid Olina Hovland&hellip;\n","protected":false},"author":2,"featured_media":74355,"comment_status":"","ping_status":"","sticky":false,"template":"","format":"standard","meta":{"footnotes":""},"categories":[5],"tags":[20,21,24,25,15,19,10033,6856,22,23,17,18,13,30,28,29,14,16,26,27],"class_list":{"0":"post-74354","1":"post","2":"type-post","3":"status-publish","4":"format-standard","5":"has-post-thumbnail","7":"category-overskrifter","8":"tag-breaking-news","9":"tag-breakingnews","10":"tag-featured-news","11":"tag-featurednews","12":"tag-headlines","13":"tag-hovedoppslag","14":"tag-ingrid-olina-hovland","15":"tag-kristelig-folkepartis-ungdom-krfu","16":"tag-latest-news","17":"tag-latestnews","18":"tag-main-news","19":"tag-mainnews","20":"tag-news","21":"tag-no","22":"tag-norge","23":"tag-norway","24":"tag-nyheter","25":"tag-overskrifter","26":"tag-top-stories","27":"tag-topstories"},"share_on_mastodon":{"url":"https:\/\/pubeurope.com\/@no\/115465024066012273","error":""},"_links":{"self":[{"href":"https:\/\/www.europesays.com\/no\/wp-json\/wp\/v2\/posts\/74354","targetHints":{"allow":["GET"]}}],"collection":[{"href":"https:\/\/www.europesays.com\/no\/wp-json\/wp\/v2\/posts"}],"about":[{"href":"https:\/\/www.europesays.com\/no\/wp-json\/wp\/v2\/types\/post"}],"author":[{"embeddable":true,"href":"https:\/\/www.europesays.com\/no\/wp-json\/wp\/v2\/users\/2"}],"replies":[{"embeddable":true,"href":"https:\/\/www.europesays.com\/no\/wp-json\/wp\/v2\/comments?post=74354"}],"version-history":[{"count":0,"href":"https:\/\/www.europesays.com\/no\/wp-json\/wp\/v2\/posts\/74354\/revisions"}],"wp:featuredmedia":[{"embeddable":true,"href":"https:\/\/www.europesays.com\/no\/wp-json\/wp\/v2\/media\/74355"}],"wp:attachment":[{"href":"https:\/\/www.europesays.com\/no\/wp-json\/wp\/v2\/media?parent=74354"}],"wp:term":[{"taxonomy":"category","embeddable":true,"href":"https:\/\/www.europesays.com\/no\/wp-json\/wp\/v2\/categories?post=74354"},{"taxonomy":"post_tag","embeddable":true,"href":"https:\/\/www.europesays.com\/no\/wp-json\/wp\/v2\/tags?post=74354"}],"curies":[{"name":"wp","href":"https:\/\/api.w.org\/{rel}","templated":true}]}}