{"id":74488,"date":"2025-10-30T23:52:24","date_gmt":"2025-10-30T23:52:24","guid":{"rendered":"https:\/\/www.europesays.com\/no\/74488\/"},"modified":"2025-10-30T23:52:24","modified_gmt":"2025-10-30T23:52:24","slug":"jakten-pa-kjaerligheten-magnus-mikkelhaug-skal-ta-sitt-siste-valg-i-jakten-pa-kjaerligheten","status":"publish","type":"post","link":"https:\/\/www.europesays.com\/no\/74488\/","title":{"rendered":"Jakten p\u00e5 kj\u00e6rligheten: Magnus Mikkelhaug skal ta sitt siste valg i Jakten p\u00e5 kj\u00e6rligheten"},"content":{"rendered":"<p class=\"kicker \" style=\"\">Jakten p\u00e5 kj\u00e6rligheten<\/p>\n<p>  Magnus knekker sammen under sitt siste valg, noe som overraset veldig.<\/p>\n<p>\n    JAKTEN P\u00c5 KJ\u00c6RLIGHETEN: Magnus og Rakel. Foto: TV 2\n  <\/p>\n<p>\u00abJakten p\u00e5 kj\u00e6rligheten\u00bb n\u00e6rmer seg slutten, og snart f\u00e5r vi<br \/>\nse hvilke friere som blir igjen til slutt n\u00e5r b\u00f8ndene skal ta sitt endelige<br \/>\nvalg. En av dem er Magnus Mikkelhaug (28). Han forteller at han til slutt<br \/>\nmeldte seg p\u00e5 programmet etter litt velmenende press fra venner.<\/p>\n<p>&#8211; Det var veldig uvant og vanskelig i starten. Jeg ser jo p\u00e5<br \/>\ntv-skjermen at jeg er veldig ukomfortabel, og holder tilbake. Dating er jo noe<br \/>\nsom vanligvis er veldig privat. Det ble noen sv\u00e6rt intense dager, og jeg ble<br \/>\nsliten, forteller han til KK.<\/p>\n<p class=\"italic m-italic\" data-lab-italic=\"italic\">&#8211; Hva var mest utfordrende?<\/p>\n<p>&#8211; Kanskje det \u00e5 skulle \u00e5pne seg. Jeg var veldig opptatt av \u00e5<br \/>\npasse p\u00e5 at alle frierne skulle ha det bra, s\u00e5 jeg glemte datingen litt. Vi ble<br \/>\nmer en vennegjeng i starten, men s\u00e5 skj\u00f8nte jeg etter hvert at jeg m\u00e5tte ta tak<br \/>\ni det, og minne meg selv p\u00e5 at jeg var der i et h\u00e5p om \u00e5 f\u00e5 meg kj\u00e6reste.<\/p>\n<p>          <img loading=\"lazy\" decoding=\"async\" src=\"https:\/\/www.europesays.com\/no\/wp-content\/uploads\/2025\/10\/83787611.webp\" width=\"686\" height=\"508\" title=\"BONDE: Magnus er en av \u00e5rets b\u00f8nder. Foto: TV 2\" alt=\"\" class=\"\" style=\"--aspect-ratio-image: 1.35; \"\/><\/p>\n<p>\n          BONDE: Magnus er en av \u00e5rets b\u00f8nder. Foto: TV 2\n      <\/p>\n<p class=\"font-weight-bold m-font-weight-bold\" data-lab-font_weight=\"font-weight-bold\">Obs: Spoiler for valg som tas i torsdagens episode.<\/p>\n<p>    <a itemprop=\"url\" href=\"https:\/\/www.kk.no\/underholdning\/etter-deltakelsen-gikk-det-et-lys-opp-for-far-og-sonn\/83533073\" rel=\"nofollow noopener\" target=\"_blank\"><\/p>\n<p>      <img loading=\"lazy\" decoding=\"async\" src=\"https:\/\/www.europesays.com\/no\/wp-content\/uploads\/2025\/10\/1761868334_305_83533277.webp\" width=\"980\" height=\"441\" title=\"Etter deltakelsen gikk det et lys opp for far og s\u00f8nn\" alt=\"\" class=\"lazyload\" style=\"--aspect-ratio-image: 2.22; \"\/><\/p>\n<p>        Etter deltakelsen gikk det et lys opp for far og s\u00f8nn<\/p>\n<p>    <\/a><\/p>\n<p>Blir mye t\u00e5rer\t<\/p>\n<p>I dagens episode f\u00e5r vi se hvem Magnus Mikkelhaug (28) sender<br \/>\nhjem blant de to siste frierne, Sandra og Rakel. Under den siste daten med Rakel,<br \/>\nsier han til henne at han har det utrolig g\u00f8y med henne, men at han ikke tror<br \/>\ng\u00e5rdslivet er noe som passer for henne i det lange l\u00f8p.<\/p>\n<p>Det blir en t\u00e5rev\u00e5t avskjed, f\u00f8r Rakel reiser av g\u00e5rde, og<br \/>\nSandra blir igjen p\u00e5 g\u00e5rden.<\/p>\n<p>&#8211; Jeg ble veldig glad i Rakel, hun er en utrolig flott<br \/>\njente. Jeg hadde et veldig godt \u00f8ye til henne hele veien. Men s\u00e5 handler det i<br \/>\nbunn og grunn om livsstilen, som ikke helt passet henne. Og det er utrolig<br \/>\nleit, n\u00e5r du har blitt s\u00e5 glad i en person.<\/p>\n<p>Magnus ble veldig overrasket over egen reaksjon.<\/p>\n<p class=\"font-weight-bold m-font-weight-bold\" data-lab-font_weight=\"font-weight-bold\">&#8211; Det ble trist for alle. Jeg fant ut at jeg ikke har gr\u00e5tt<br \/>\np\u00e5 16 \u00e5r. Jeg knakk sammen litt, noe som overrasket meg veldig. Jeg trodde ikke<br \/>\ndet skulle treffe s\u00e5 hardt.<\/p>\n<p>          <img loading=\"lazy\" decoding=\"async\" src=\"https:\/\/www.europesays.com\/no\/wp-content\/uploads\/2025\/10\/83787643.webp\" width=\"686\" height=\"865\" title=\"GOD STEMNING: Magnus syntes det var vanskelig \u00e5 date, fordi han ville ta vare p\u00e5 alle. Foto: Privat\" alt=\"\" class=\"\" style=\"--aspect-ratio-image: 0.79; \"\/><\/p>\n<p>\n          GOD STEMNING: Magnus syntes det var vanskelig \u00e5 date, fordi han ville ta vare p\u00e5 alle. Foto: Privat\n      <\/p>\n<p>Selv om det var tungt, forklarer Magnus at han ikke angret<br \/>\np\u00e5 valget. <\/p>\n<p>&#8211; Jeg satt igjen med ei fantastisk jente. <\/p>\n<p class=\"italic m-italic\" data-lab-italic=\"italic\">&#8211; Oppsto det f\u00f8lelser for flere av frierne?<\/p>\n<p>&#8211; Ja, jeg fikk f\u00f8lelser for flere der inne, som gjorde det<br \/>\nekstra t\u00f8ft. Det var vanskelig \u00e5 v\u00e6re med p\u00e5 enn jeg hadde forestilt meg, men<br \/>\njeg er veldig glad for at jeg ble med. Jeg l\u00e6rte mye om meg selv. For min del,<br \/>\nhandlet det mye om \u00e5 ikke holde igjen f\u00f8lelsene, men l\u00e6re \u00e5 \u00e5pne opp. Det hadde<br \/>\njeg godt av, smiler han. <\/p>\n<p>    <a itemprop=\"url\" href=\"https:\/\/www.kk.no\/underholdning\/jeg-har-alltid-tenkt-at-jeg-ma-endre-meg-men-sa-motte-jeg-simon\/83717244\" rel=\"nofollow noopener\" target=\"_blank\"><\/p>\n<p>      <img loading=\"lazy\" decoding=\"async\" src=\"https:\/\/www.europesays.com\/no\/wp-content\/uploads\/2025\/10\/1761868336_945_83717695.webp\" width=\"980\" height=\"441\" title=\"- Jeg har alltid tenkt at jeg m\u00e5 endre meg, men s\u00e5 m\u00f8tte jeg Simon\" alt=\"\" class=\"lazyload\" style=\"--aspect-ratio-image: 2.22; \"\/><\/p>\n<p>        &#8211; Jeg har alltid tenkt at jeg m\u00e5 endre meg, men s\u00e5 m\u00f8tte jeg Simon<\/p>\n<p>    <\/a><\/p>\n<p>&#8211; Hadde 100 prosent gjort det igjen<\/p>\n<p>Stavanger-jenta Rakel Nymoen m\u00e5tte sendes hjem fra g\u00e5rden i Tarva.<br \/>\nSelv om det ble noen t\u00e5rer ved avskjeden, sitter hun igjen med at det var en<br \/>\ngod opplevelse.<\/p>\n<p>&#8211; Det var helt nydelig, jeg koste meg s\u00e5 mye, og hadde 100 prosent<br \/>\ngjort det igjen. Det er noe jeg kommer til \u00e5 huske resten av livet mitt, sier<br \/>\nhun til KK.<\/p>\n<p>          <img loading=\"lazy\" decoding=\"async\" src=\"https:\/\/www.europesays.com\/no\/wp-content\/uploads\/2025\/10\/83787624.webp\" width=\"686\" height=\"831\" title=\"ANNEN LIVSSTIL: Livet p\u00e5 g\u00e5rden er annerledes enn Rakels vanlige liv, men hun trivdes godt. Foto: Privat\" alt=\"\" class=\"\" style=\"--aspect-ratio-image: 0.83; \"\/><\/p>\n<p>\n          ANNEN LIVSSTIL: Livet p\u00e5 g\u00e5rden er annerledes enn Rakels vanlige liv, men hun trivdes godt. Foto: Privat\n      <\/p>\n<p>    <a itemprop=\"url\" href=\"https:\/\/www.kk.no\/underholdning\/vi-er-uenige-i-alt-1\/83725422\" rel=\"nofollow noopener\" target=\"_blank\"><\/p>\n<p>      <img loading=\"lazy\" decoding=\"async\" src=\"https:\/\/www.europesays.com\/no\/wp-content\/uploads\/2025\/10\/1761868340_674_83725500.webp\" width=\"980\" height=\"441\" title=\"- Vi er uenige i alt\" alt=\"\" class=\"lazyload\" style=\"--aspect-ratio-image: 2.22; \"\/><\/p>\n<p>        &#8211; Vi er uenige i alt<\/p>\n<p>    <\/a><\/p>\n<p>I likhet med Magnus slet Rakel med \u00e5 \u00e5pne seg ordentlig. Hun<br \/>\nforteller at kameraene var rundt ofte, som bidro til at hun var redd for \u00e5 si<br \/>\neller gj\u00f8re noe feil.<\/p>\n<p>&#8211; Det var jo ogs\u00e5 flere jenter som var der for \u00e5 date Magnus<br \/>\nsamtidig, noe som var vanskelig. Spesielt fordi jeg fikk en s\u00e5 god relasjon til<br \/>\nalle som var der, da ble det vanskeligere \u00e5 fokusere p\u00e5 dating. Etter hvert<br \/>\nutviklet det seg til en vennetur, fordi man var rundt hverandre hele tiden og gjorde<br \/>\nalt sammen. Da var det vanskeligere \u00e5 \u00abkapre\u00bb Magnus alene.<\/p>\n<p>          <img loading=\"lazy\" decoding=\"async\" src=\"https:\/\/www.europesays.com\/no\/wp-content\/uploads\/2025\/10\/83787646.webp\" width=\"686\" height=\"666\" title=\"VENNER: Rakel ble godt venn med alle som var med p\u00e5 Jakten. Foto: Privat\" alt=\"\" class=\"\" style=\"--aspect-ratio-image: 1.03; \"\/><\/p>\n<p>\n          VENNER: Rakel ble godt venn med alle som var med p\u00e5 Jakten. Foto: Privat\n      <\/p>\n<p>I l\u00f8pet av oppholdet f\u00f8ler Rakel at hun har l\u00e6rt mye nytt om<br \/>\nseg selv \u2013 b\u00e5de under innspilling og n\u00e5r hun har sett det p\u00e5 tv i etterkant.<\/p>\n<p>&#8211; Det er ikke s\u00e5 lenge siden, men jeg f\u00f8ler jeg har vokst<br \/>\nsom person, smiler hun.<\/p>\n<p>    <a itemprop=\"url\" href=\"https:\/\/www.kk.no\/underholdning\/det-foles-viktig-a-vaere-aerlig\/83759889\" rel=\"nofollow noopener\" target=\"_blank\"><\/p>\n<p>      <img loading=\"lazy\" decoding=\"async\" src=\"https:\/\/www.europesays.com\/no\/wp-content\/uploads\/2025\/10\/83759963.webp\" width=\"980\" height=\"441\" title=\"- Det f\u00f8les viktig \u00e5 v\u00e6re \u00e6rlig\" alt=\"\" class=\"lazyload\" style=\"--aspect-ratio-image: 2.22; \"\/><\/p>\n<p>        &#8211; Det f\u00f8les viktig \u00e5 v\u00e6re \u00e6rlig<\/p>\n<p>    <\/a><\/p>\n<p>Avskjeden<\/p>\n<p class=\"italic m-italic\" data-lab-italic=\"italic\">&#8211; Hvordan var det \u00e5 bli sendt hjem?<\/p>\n<p>&#8211; Jeg tror b\u00e5de Magnus og jeg merket at v\u00e5r relasjon gikk mer<br \/>\ni en vennskapelig retning. Men vi ble glade i hverandre og trivdes i hverandres<br \/>\nselskap. Men jeg er veldig glad for vennskapet \u2013 det kan jo noen ganger vare<br \/>\nlenger enn et forhold, sier hun, og legger til:<\/p>\n<p class=\"font-weight-bold m-font-weight-bold\" data-lab-font_weight=\"font-weight-bold\">&#8211; For min del oppsto det ingen romantiske f\u00f8lelser, men det<br \/>\nvar selvf\u00f8lgelig trist \u00e5 dra fra noen du har blitt glad i. Og det var veldig vondt<br \/>\n\u00e5 se at han ble s\u00e5 lei seg, selv om det ogs\u00e5 er fint fordi det viser at det vi<br \/>\nhadde var ekte. Jeg er ogs\u00e5 veldig takknemlig over alt det fine Magnus har sagt<br \/>\nom meg p\u00e5 \u00absync\u00bb &#8211; jeg blir nesten r\u00f8rt av \u00e5 h\u00f8re alt det fine han sier. Han er<br \/>\nen helt sinnssykt fin gutt, alts\u00e5.<\/p>\n<p>Rakel forteller at hun har det veldig fint n\u00e5. Hun er<br \/>\nsingel, dater ikke, og trives godt med det.<\/p>\n<p>&#8211; Jeg har ingen planer om \u00e5 l\u00f8pe ut og date, men heller la<br \/>\nden rette komme n\u00e5r han kommer.\u00a0<\/p>\n<p>          <img loading=\"lazy\" decoding=\"async\" src=\"https:\/\/www.europesays.com\/no\/wp-content\/uploads\/2025\/10\/83787648.webp\" width=\"686\" height=\"666\" title=\"SINGEL: Enn s\u00e5 lenge trives Rakel godt med \u00e5 v\u00e6re singel. Foto: Privat\" alt=\"\" class=\"\" style=\"--aspect-ratio-image: 1.03; \"\/><\/p>\n<p>\n          SINGEL: Enn s\u00e5 lenge trives Rakel godt med \u00e5 v\u00e6re singel. Foto: Privat\n      <\/p>\n<p>            <img loading=\"lazy\" decoding=\"async\" src=\"https:\/\/www.europesays.com\/no\/wp-content\/uploads\/2025\/10\/1761868344_772_81859885.webp\" width=\"196\" height=\"155\" title=\"Har du et tips?\" alt=\"\" class=\"\" style=\"--aspect-ratio-image: 1.26; \"\/><\/p>\n<p>        Har du et tips?<\/p>\n<p class=\"subtitle\">Hei, jeg heter Ida Bergersen, og er journalist i KK. Har du et tips, en historie du vil fortelle eller et felt du mener vi b\u00f8r skrive om?<\/p>\n","protected":false},"excerpt":{"rendered":"Jakten p\u00e5 kj\u00e6rligheten Magnus knekker sammen under sitt siste valg, noe som overraset veldig. JAKTEN P\u00c5 KJ\u00c6RLIGHETEN: Magnus&hellip;\n","protected":false},"author":2,"featured_media":74489,"comment_status":"","ping_status":"","sticky":false,"template":"","format":"standard","meta":{"footnotes":""},"categories":[58],"tags":[71,231,10315,30,28,29,10316,72],"class_list":{"0":"post-74488","1":"post","2":"type-post","3":"status-publish","4":"format-standard","5":"has-post-thumbnail","7":"category-underholdning","8":"tag-entertainment","9":"tag-jakten-pa-kjaerligheten","10":"tag-magnus-mikkelhaug","11":"tag-no","12":"tag-norge","13":"tag-norway","14":"tag-rakel-nymoen","15":"tag-underholdning"},"share_on_mastodon":{"url":"https:\/\/pubeurope.com\/@no\/115465810447256526","error":""},"_links":{"self":[{"href":"https:\/\/www.europesays.com\/no\/wp-json\/wp\/v2\/posts\/74488","targetHints":{"allow":["GET"]}}],"collection":[{"href":"https:\/\/www.europesays.com\/no\/wp-json\/wp\/v2\/posts"}],"about":[{"href":"https:\/\/www.europesays.com\/no\/wp-json\/wp\/v2\/types\/post"}],"author":[{"embeddable":true,"href":"https:\/\/www.europesays.com\/no\/wp-json\/wp\/v2\/users\/2"}],"replies":[{"embeddable":true,"href":"https:\/\/www.europesays.com\/no\/wp-json\/wp\/v2\/comments?post=74488"}],"version-history":[{"count":0,"href":"https:\/\/www.europesays.com\/no\/wp-json\/wp\/v2\/posts\/74488\/revisions"}],"wp:featuredmedia":[{"embeddable":true,"href":"https:\/\/www.europesays.com\/no\/wp-json\/wp\/v2\/media\/74489"}],"wp:attachment":[{"href":"https:\/\/www.europesays.com\/no\/wp-json\/wp\/v2\/media?parent=74488"}],"wp:term":[{"taxonomy":"category","embeddable":true,"href":"https:\/\/www.europesays.com\/no\/wp-json\/wp\/v2\/categories?post=74488"},{"taxonomy":"post_tag","embeddable":true,"href":"https:\/\/www.europesays.com\/no\/wp-json\/wp\/v2\/tags?post=74488"}],"curies":[{"name":"wp","href":"https:\/\/api.w.org\/{rel}","templated":true}]}}