{"id":74520,"date":"2025-10-31T03:19:10","date_gmt":"2025-10-31T03:19:10","guid":{"rendered":"https:\/\/www.europesays.com\/no\/74520\/"},"modified":"2025-10-31T03:19:10","modified_gmt":"2025-10-31T03:19:10","slug":"shazia-majid-om-zohran-mamdani-som-alternativ-til-donald-trump","status":"publish","type":"post","link":"https:\/\/www.europesays.com\/no\/74520\/","title":{"rendered":"Shazia Majid om Zohran Mamdani som alternativ til Donald Trump"},"content":{"rendered":"\n<ul class=\"_list_o9xde_3 _list_64s2r_85 _unordered_o9xde_106 text-sans-m\">\n<li class=\"_item_o9xde_30\">Zohran Mamdanis mulige seier i New York er et politisk jordskjelv, mener VGs kommentator. <\/li>\n<li class=\"_item_o9xde_30\">Hans venstreradikale politikk ryster etablissementet. <\/li>\n<li class=\"_item_o9xde_30\">Han representerer et h\u00e5p mot Trump og endrer fortellingen om hva som er mulig i USA. <\/li>\n<li class=\"_item_o9xde_30\">Dette er en kommentar. Kommentaren gir uttrykk for skribentens holdning.<\/li>\n<\/ul>\n<p>Vis mer <\/p>\n<p class=\"_paragraph_o9xde_4 _paragraph_xtcu6_10 layout-component text-serif-m layout-normal text-serif-m layout-padded\">4. november avgj\u00f8res det hvem newyorkere velger til sin nye borgermesterborgermesterEn borgermester er den \u00f8verste lederen for en by eller kommune, ansvarlig for lokal styring og administrasjon.. Blir det Zohran Mamdani, vil det f\u00e5 ringvirkninger i Trumps <a href=\"https:\/\/www.vg.no\/tag\/usa?utm_source=vg-article&amp;utm_medium=auto-tagger&amp;utm_campaign=5EPL9X\" class=\"_link_o9xde_39\" rel=\"nofollow noopener\" target=\"_blank\">USA<\/a>. <\/p>\n<p class=\"_paragraph_o9xde_4 _paragraph_xtcu6_10 layout-component text-serif-m layout-normal text-serif-m layout-padded\">Hvem er han? <\/p>\n<p class=\"_paragraph_o9xde_4 _paragraph_xtcu6_10 layout-component text-serif-m layout-normal text-serif-m layout-padded\">Han er alt det landets president Donald Trump ikke er: <\/p>\n<p class=\"_paragraph_o9xde_4 _paragraph_xtcu6_10 layout-component text-serif-m layout-normal text-serif-m layout-padded\">Ung, usedvanlig velartikulert, sjarmerende og lynende skarp. Noen hevder at Mamdani <a href=\"https:\/\/nypost.com\/2025\/08\/15\/us-news\/zohran-mamdani-endorsed-by-queen-borough-president-who-compares-socialist-to-obama\/?utm_source=chatgpt.com\" class=\"_link_o9xde_39\" rel=\"nofollow noopener\" target=\"_blank\">ligner p\u00e5 Obama<\/a>, andre sammenligner ham med John F. Kennedy. <\/p>\n<p class=\"_paragraph_o9xde_4 _paragraph_xtcu6_10 layout-component text-serif-m layout-normal text-serif-m layout-padded\">Dagene i forveien leder Mamdani samtlige meningsm\u00e5linger med <a href=\"https:\/\/www.nytimes.com\/interactive\/polls\/nyc-mayoral-election-polls-2025.html\" class=\"_link_o9xde_39\" rel=\"nofollow noopener\" target=\"_blank\">tosifret margin<\/a>. <\/p>\n<p class=\"_paragraph_o9xde_4 _paragraph_xtcu6_10 layout-component text-serif-m layout-normal text-serif-m layout-padded\">Det er oppsiktsvekkende.<\/p>\n<p class=\"_paragraph_o9xde_4 _paragraph_xtcu6_10 layout-component text-serif-m layout-normal text-serif-m layout-padded\">Selv til New York \u00e5 v\u00e6re. En av USAs st\u00f8rste, mest liberale og etnisk mangfoldige by. <\/p>\n<p><img alt=\"UNG BERNIE SANDERS: Zohran Mamdani l\u00f8ftet frem Bernie Sanders som ledestjerne for sin politikk og suksess. Her fra et valgm\u00f8te 26. oktober med Sanders p\u00e5 den ene siden og Alexandria Ocasio-Cortez p\u00e5 den andre. Til sammen representerer de venstresiden i Det demokratiske parti.   Foto: ANDRES KUDACKI \/ AFP \/ NTB\" class=\"_image_qp4xg_65 layout-component layout-normal\" data-fullscreen- data-track-element-type=\"Article image fullscreen\" data-track-name=\"ImageFullscreen\" decoding=\"async\" loading=\"lazy\" height=\"2978\" itemprop=\"image\"  src=\"https:\/\/www.europesays.com\/no\/wp-content\/uploads\/2025\/10\/c0c35603-2d03-40a1-a908-d668b655e11b\"  style=\"object-position:0% 0%\" width=\"3905\"\/>UNG BERNIE SANDERS: Zohran Mamdani l\u00f8ftet frem Bernie Sanders som ledestjerne for sin politikk og suksess. Her fra et valgm\u00f8te 26. oktober med Sanders p\u00e5 den ene siden og Alexandria Ocasio-Cortez p\u00e5 den andre. Til sammen representerer de venstresiden i Det demokratiske parti.   Foto: ANDRES KUDACKI \/ AFP \/ NTB<\/p>\n<p class=\"_paragraph_o9xde_4 _paragraph_xtcu6_10 layout-component text-serif-m layout-normal text-serif-m layout-padded\">Det er stort sett Demokratene som har hatt makten her. De f\u00e6rreste s\u00e5 likevel en figur som Mamdani komme.<\/p>\n<p class=\"_paragraph_o9xde_4 _paragraph_xtcu6_10 layout-component text-serif-m layout-normal text-serif-m layout-padded\">For n\u00f8yaktig ett \u00e5r siden startet den 34 \u00e5r gamle Mamdani valgkampen. I februar i \u00e5r hadde han en oppslutning p\u00e5 \u00e9n prosent. <\/p>\n<p class=\"_paragraph_o9xde_4 _paragraph_xtcu6_10 layout-component text-serif-m layout-normal text-serif-m layout-padded\">N\u00e5 ligger den p\u00e5 oppunder 45 prosent. <\/p>\n<p class=\"_paragraph_o9xde_4 _paragraph_xtcu6_10 layout-component text-serif-m layout-normal text-serif-m layout-padded\">Motkandidaten, den skandaliserte tidligere guvern\u00f8ren Andrew Cuomo, ser ikke ut til \u00e5 ha en sjanse i havet. <\/p>\n<p class=\"_paragraph_o9xde_4 _paragraph_xtcu6_10 layout-component text-serif-m layout-normal text-serif-m layout-padded\">Enten er meningsm\u00e5lingene historisk feilaktige, slik tilfellet var da Hillary Clinton overraskende tapte for Trump i 2016.<\/p>\n<p class=\"_paragraph_o9xde_4 _paragraph_xtcu6_10 layout-component text-serif-m layout-normal text-serif-m layout-padded\">Eller s\u00e5 v\u00e5kner New York til sin f\u00f8rste muslimske borgermester neste uke.<\/p>\n<p class=\"_paragraph_o9xde_4 _paragraph_xtcu6_10 layout-component text-serif-m layout-normal text-serif-m layout-padded\">En hel verden f\u00f8lger med. <\/p>\n<p class=\"_paragraph_o9xde_4 _paragraph_xtcu6_10 layout-component text-serif-m layout-normal text-serif-m layout-padded\">For mange, s\u00e6rlig minoriteter, b\u00e5de etniske og religi\u00f8se, representerer Zohran Mamdani et etterlengtet h\u00e5p i kampen mot Trump og trumpismen trumpismenTrumpismen: En politisk ideologi og bevegelse knyttet til Donald Trump, preget av nasjonalisme, populisme og ofte kontroversielle uttalelser og handlinger.. <\/p>\n<p><img alt=\"ELSKET OG HATET: Marginaliserte grupper flokker seg rundt 34 \u00e5r gamle Mamdani. Her omfavnes han av tilhenger i New York 16. oktober i \u00e5r.  Foto: Angelina Katsanis \/ AP \/ NTB\" class=\"_image_qp4xg_65 layout-component layout-normal\" data-fullscreen- data-track-element-type=\"Article image fullscreen\" data-track-name=\"ImageFullscreen\" decoding=\"async\" loading=\"lazy\" height=\"3446\" itemprop=\"image\"  src=\"https:\/\/www.europesays.com\/no\/wp-content\/uploads\/2025\/10\/75311895-da29-4ef5-aac6-f94a643fc5cc\"  style=\"object-position:0% 0%\" width=\"5162\"\/>ELSKET OG HATET: Marginaliserte grupper flokker seg rundt 34 \u00e5r gamle Mamdani. Her omfavnes han av tilhenger i New York 16. oktober i \u00e5r.  Foto: Angelina Katsanis \/ AP \/ NTB<\/p>\n<p class=\"_paragraph_o9xde_4 _paragraph_xtcu6_10 layout-component text-serif-m layout-normal text-serif-m layout-padded\">Populariteten hans har sendt <a href=\"https:\/\/www.nbcnews.com\/politics\/politics-news\/gop-move-take-mamdani-national-politics-desk-rcna240141\" class=\"_link_o9xde_39\" rel=\"nofollow noopener\" target=\"_blank\">sjokkb\u00f8lger<\/a> langt inn i det amerikanske politiske systemet. <\/p>\n<p class=\"_paragraph_o9xde_4 _paragraph_xtcu6_10 layout-component text-serif-m layout-normal text-serif-m layout-padded\">B\u00e5de Demokratene og Republikanerne er rystet. <\/p>\n<p class=\"_paragraph_o9xde_4 _paragraph_xtcu6_10 layout-component text-serif-m layout-normal text-serif-m layout-padded\">Ikke bare fordi han er muslim, men mest fordi han er en systemkritisk demokratisk sosialistdemokratisk sosialistDemokratisk sosialist: En person som st\u00f8tter en politisk ideologi som kombinerer demokrati med sosialistiske prinsipper, som \u00f8konomisk likhet og offentlig eierskap av viktige ressurser.. Det betyr at han st\u00e5r et sted mellom SV og R\u00f8dt. <\/p>\n<p class=\"_paragraph_o9xde_4 _paragraph_xtcu6_10 layout-component text-serif-m layout-normal text-serif-m layout-padded\">Alts\u00e5 langt ut p\u00e5 venstresiden. <\/p>\n<p class=\"_paragraph_o9xde_4 _paragraph_xtcu6_10 layout-component text-serif-m layout-normal text-serif-m layout-padded\">I et land hvor sosialisme er et skjellsord. <\/p>\n<p class=\"_paragraph_o9xde_4 _paragraph_xtcu6_10 layout-component text-serif-m layout-normal text-serif-m layout-padded\">Det demokratiske partiet er skadeskutt og retningsl\u00f8st. Inn kommer innvandrergutten Mamdani fra Uganda, med klar politisk retning.<\/p>\n<p class=\"_paragraph_o9xde_4 _paragraph_xtcu6_10 layout-component text-serif-m layout-normal text-serif-m layout-padded\">Han kan aldri bli president i landet, men representerer et generasjonsskifte. <\/p>\n<p class=\"_paragraph_o9xde_4 _paragraph_xtcu6_10 layout-component text-serif-m layout-normal text-serif-m layout-padded\">Og et motstykke til MAGA-bevegelsen og Trump:<\/p>\n<p class=\"_paragraph_o9xde_4 _paragraph_xtcu6_10 layout-component text-serif-m layout-normal text-serif-m layout-padded\">Han vil skattlegge de styrtrike i New York og bruke pengene til \u00e5 gi folket gratis barnehager, billig kollektivtrafikk og rimelige boliger med regulerte leiepriser. <\/p>\n<p><img alt=\"Foto: Seth Wenig \/ AP \/ NTB\" class=\"_image_qp4xg_65 layout-component layout-normal\" data-fullscreen- data-track-element-type=\"Article image fullscreen\" data-track-name=\"ImageFullscreen\" decoding=\"async\" loading=\"lazy\" height=\"3507\" itemprop=\"image\"  src=\"https:\/\/www.europesays.com\/no\/wp-content\/uploads\/2025\/10\/cecbbfd2-0e85-4ad8-939a-10fbc08dd8b1\"  style=\"object-position:0% 0%\" width=\"4116\"\/>Foto: Seth Wenig \/ AP \/ NTB<\/p>\n<p class=\"_paragraph_o9xde_4 _paragraph_xtcu6_10 layout-component text-serif-m layout-normal text-serif-m layout-padded\">At <a href=\"https:\/\/www.cnbc.com\/2025\/06\/27\/trump-new-york-zohran-mamdani-communist.html\" class=\"_link_o9xde_39\" rel=\"nofollow noopener\" target=\"_blank\">Trump er forbannet<\/a>, overrasker ingen. <\/p>\n<p class=\"_paragraph_o9xde_4 _paragraph_xtcu6_10 layout-component text-serif-m layout-normal text-serif-m layout-padded\">Han har kalt Mamdani for en kommunist-g\u00e6rning. Andre i Trump-leiren har kalt ham ekstremist. <\/p>\n<p class=\"_paragraph_o9xde_4 _paragraph_xtcu6_10 layout-component text-serif-m layout-normal text-serif-m layout-padded\">Noen republikanere i Kongressen <a href=\"https:\/\/nypost.com\/2025\/10\/25\/us-news\/house-republicans-push-to-denaturalize-mamdani-over-citizenship-form\/\" class=\"_link_o9xde_39\" rel=\"nofollow noopener\" target=\"_blank\">vil frata ham statsborgerskapet<\/a> \u2013 og sende ham ut av landet. <\/p>\n<p class=\"_paragraph_o9xde_4 _paragraph_xtcu6_10 layout-component text-serif-m layout-normal text-serif-m layout-padded\">34-\u00e5ringen har ressurssterke indiskf\u00f8dte foreldre. De innvandret til USA fra Uganda da han var syv \u00e5r gammel. <\/p>\n<p class=\"_paragraph_o9xde_4 _paragraph_xtcu6_10 layout-component text-serif-m layout-normal text-serif-m layout-padded\">Moren, Mira Nair, er den Oscar-nominerte filmskaperen bak filmer som \u00abMississippi Masala\u00bb og \u00abMonsoon Wedding\u00bb.<\/p>\n<p><img alt=\"LIBERAL MUSLIM: Zohran Mamdani flankert av mor Mina Nair, kona Rama Duwaji og far Mahmood Mamdani. Duwaji er syrisk-amerikansk illustrat\u00f8r og animat\u00f8r. Mens far er en anerkjent akademiker og politisk kommentator. Bildet er tatt i juni.  Foto: David Delgado \/ Reuters \/ NTB\" class=\"_image_qp4xg_65 layout-component layout-normal\" data-fullscreen- data-track-element-type=\"Article image fullscreen\" data-track-name=\"ImageFullscreen\" decoding=\"async\" loading=\"lazy\" height=\"3659\" itemprop=\"image\"  src=\"https:\/\/www.europesays.com\/no\/wp-content\/uploads\/2025\/10\/4c1f95b8-54a7-48c7-aa32-dd2d26c3e6c3\"  style=\"object-position:0% 0%\" width=\"4958\"\/>LIBERAL MUSLIM: Zohran Mamdani flankert av mor Mina Nair, kona Rama Duwaji og far Mahmood Mamdani. Duwaji er syrisk-amerikansk illustrat\u00f8r og animat\u00f8r. Mens far er en anerkjent akademiker og politisk kommentator. Bildet er tatt i juni.  Foto: David Delgado \/ Reuters \/ NTB<\/p>\n<p class=\"_paragraph_o9xde_4 _paragraph_xtcu6_10 layout-component text-serif-m layout-normal text-serif-m layout-padded\">At Mamdani er muslim og venstrevridd har hatt sin pris i Trump-land.<\/p>\n<p class=\"_paragraph_o9xde_4 _paragraph_xtcu6_10 layout-component text-serif-m layout-normal text-serif-m layout-padded\">Han er blitt utsatt for<a href=\"https:\/\/www.theguardian.com\/us-news\/2025\/oct\/25\/zohran-mamdani-attacks-racism-islamophobia-\" class=\"_link_o9xde_39\" rel=\"nofollow noopener\" target=\"_blank\"> rasisme og muslimhat, <\/a>og kalt b\u00e5de kommunist, islamist og <a href=\"https:\/\/edition.cnn.com\/2025\/10\/23\/politics\/cuomo-mamdani-islam-nyc-mayoral-race\" class=\"_link_o9xde_39\" rel=\"nofollow noopener\" target=\"_blank\">terrorist, ikke bare av nettroll, men av ledende politikere<\/a>. <\/p>\n<p class=\"_paragraph_o9xde_4 _paragraph_xtcu6_10 layout-component text-serif-m layout-normal text-serif-m layout-padded\">Hovedmotstander Andrew Cuomo har brukt 34-\u00e5ringens muslimske bakgrunn mot ham. <\/p>\n<p class=\"_paragraph_o9xde_4 _paragraph_xtcu6_10 layout-component text-serif-m layout-normal text-serif-m layout-padded\">Andre har bedt ham \u00abdra tilbake dit han kommer fra\u00bb, fordi han innimellom spiser ris med hendene. <\/p>\n<p class=\"_paragraph_o9xde_4 _paragraph_xtcu6_10 layout-component text-serif-m layout-normal text-serif-m layout-padded\">Som om de ikke ser pizzaen i sin egen. <\/p>\n<p class=\"_root_1xq52_1\" lang=\"en\" dir=\"auto\">Honestly, being an Islamist and a Communist was enough for me to not want <a href=\"https:\/\/x.com\/ZohranKMamdani\" class=\"_root_eihfa_1\" target=\"_blank\" rel=\"noopener noreferrer nofollow\">@ZohranKMamdani<\/a> in office.<\/p>\n<p>He is from Africa. And you can tell in the way he eats. <\/p>\n<p>Disgusting. My dogs are cleaner and more civilized when they eat than little Muhammad.<\/p>\n<p class=\"_paragraph_o9xde_4 _paragraph_xtcu6_10 layout-component text-serif-m layout-normal text-serif-m layout-padded\">Det meste har sett ut til \u00e5 prelle av Mamdani. Snarere har han brukt hetsen til \u00e5 styrke kampanjen sin. <\/p>\n<p class=\"_paragraph_o9xde_4 _paragraph_xtcu6_10 layout-component text-serif-m layout-normal text-serif-m layout-padded\">Men en <a href=\"https:\/\/www.youtube.com\/watch?v=T6nNd3pxLx0\" class=\"_link_o9xde_39\" rel=\"nofollow noopener\" target=\"_blank\">gr\u00e5tkvalt Mamdani<\/a> har ogs\u00e5 v\u00e6rt \u00e5pen om hvor hardt den rammer. <\/p>\n<p class=\"_paragraph_o9xde_4 _paragraph_xtcu6_10 layout-component text-serif-m layout-normal text-serif-m layout-padded\">Denne s\u00e5rbarheten har gitt ham h\u00e5n fra h\u00f8yresiden, men respekt fra minoriteter. <\/p>\n<p class=\"_paragraph_o9xde_4 _paragraph_xtcu6_10 layout-component text-serif-m layout-normal text-serif-m layout-padded\">Ogs\u00e5 mange j\u00f8diske newyorkere. <\/p>\n<p class=\"_paragraph_o9xde_4 _paragraph_xtcu6_10 layout-component text-serif-m layout-normal text-serif-m layout-padded\">Selv om 34-\u00e5ringen beskyldes for \u00e5 v\u00e6re anti-israeler, antisemitt og propalestinsk \u2013 har sommerens m\u00e5linger vist at <a href=\"https:\/\/www.theguardian.com\/us-news\/2025\/oct\/26\/zohran-mamdani-jewish-voters-new-york\" class=\"_link_o9xde_39\" rel=\"nofollow noopener\" target=\"_blank\">43 prosent <\/a>av byens j\u00f8der planla \u00e5 stemme p\u00e5 ham. <\/p>\n<p class=\"_paragraph_o9xde_4 _paragraph_xtcu6_10 layout-component text-serif-m layout-normal text-serif-m layout-padded\">Blant de under 44 \u00e5r var oppslutningen hele 67 prosent. <\/p>\n<p class=\"_paragraph_o9xde_4 _paragraph_xtcu6_10 layout-component text-serif-m layout-normal text-serif-m layout-padded\">Mamdani har sagt at han som borgermester ville ha arrestert Israels statsminister Netanyahu om han bes\u00f8kte byen. I tr\u00e5d med arrestordre utstedt av Den internasjonale straffedomstolen (ICC).<\/p>\n<p class=\"_paragraph_o9xde_4 _paragraph_xtcu6_10 layout-component text-serif-m layout-normal text-serif-m layout-padded\">Utsagnet vakte oppsikt, men skadet ham ikke. <\/p>\n<p class=\"_paragraph_o9xde_4 _paragraph_xtcu6_10 layout-component text-serif-m layout-normal text-serif-m layout-padded\">Hva er hemmeligheten? <\/p>\n<p class=\"_paragraph_o9xde_4 _paragraph_xtcu6_10 layout-component text-serif-m layout-normal text-serif-m layout-padded\">Zohran Mamdani lover lavere levekostnader. Det som gang p\u00e5 gang har vist seg \u00e5 v\u00e6re viktigst for amerikanske velgere. <\/p>\n<p class=\"_paragraph_o9xde_4 _paragraph_xtcu6_10 layout-component text-serif-m layout-normal text-serif-m layout-padded\">Det er dette Trump og Mamdani har til felles. <\/p>\n<p class=\"_paragraph_o9xde_4 _paragraph_xtcu6_10 layout-component text-serif-m layout-normal text-serif-m layout-padded\">Begge har mobilisert de unge, de fattige, og de marginaliserte. <\/p>\n<p class=\"_paragraph_o9xde_4 _paragraph_xtcu6_10 layout-component text-serif-m layout-normal text-serif-m layout-padded\">Med den forskjellen at den ene er \u00abwoke\u00bb og den andre h\u00f8yrepopulistisk og autorit\u00e6r. <\/p>\n<p class=\"_paragraph_o9xde_4 _paragraph_xtcu6_10 layout-component text-serif-m layout-normal text-serif-m layout-padded\">Mamdani er ung og uerfaren, for langt ut p\u00e5 venstresiden og lover for mye. <\/p>\n<p class=\"_paragraph_o9xde_4 _paragraph_xtcu6_10 layout-component text-serif-m layout-normal text-serif-m layout-padded\">Sp\u00f8rsm\u00e5let er om et eksperiment med venstrepolitikk i New York vil gi republikanere krutt i mellomvalget neste \u00e5r. <\/p>\n<p class=\"_paragraph_o9xde_4 _paragraph_xtcu6_10 layout-component text-serif-m layout-normal text-serif-m layout-padded\">Og dermed styrke Trump. <\/p>\n<p class=\"_paragraph_o9xde_4 _paragraph_xtcu6_10 layout-component text-serif-m layout-normal text-serif-m layout-padded\">Eller om de 68 prosent av amerikanere som ikke stemte p\u00e5 Trump ved valget i 2024, endelig har f\u00e5tt et reelt alternativ:<\/p>\n<p class=\"_paragraph_o9xde_4 _paragraph_xtcu6_10 layout-component text-serif-m layout-normal text-serif-m layout-padded\">Til Trump, h\u00f8yrepopulisme og den hensynsl\u00f8se kapitalismenkapitalismenKapitalisme: Et \u00f8konomisk system der private individer eller selskaper eier og driver produksjonsmidler og handel for profitt, med minimal statlig innblanding..<\/p>\n<p class=\"_paragraph_o9xde_4 _paragraph_xtcu6_10 layout-component text-serif-m layout-normal text-serif-m layout-padded\">Uansett utfall neste uke har Mamdani allerede forandret fortellingen om hva som er mulig i USA. <\/p>\n<p><img alt=\"Foto: Mike Segar \/ Reuters \/ NTB\" class=\"_image_qp4xg_65 layout-component layout-normal\" data-fullscreen- data-track-element-type=\"Article image fullscreen\" data-track-name=\"ImageFullscreen\" decoding=\"async\" loading=\"lazy\" height=\"3918\" itemprop=\"image\"  src=\"https:\/\/www.europesays.com\/no\/wp-content\/uploads\/2025\/10\/b21dfbb9-a2da-4204-8bb9-40c496062d0f\"  style=\"object-position:0% 0%\" width=\"4360\"\/>Foto: Mike Segar \/ Reuters \/ NTB   Dette er en kommentar. Kommentaren gir uttrykk for skribentens holdning. <\/p>\n","protected":false},"excerpt":{"rendered":"Zohran Mamdanis mulige seier i New York er et politisk jordskjelv, mener VGs kommentator. Hans venstreradikale politikk ryster&hellip;\n","protected":false},"author":2,"featured_media":74521,"comment_status":"","ping_status":"","sticky":false,"template":"","format":"standard","meta":{"footnotes":""},"categories":[12],"tags":[1238,8050,10319,20,21,55,24,25,15,22,23,10320,13,30,28,29,14,16,261,26,27,50,42,43,44,45],"class_list":{"0":"post-74520","1":"post","2":"type-post","3":"status-publish","4":"format-standard","5":"has-post-thumbnail","7":"category-verden","8":"tag-amerikansk-politikk","9":"tag-andrew-cuomo","10":"tag-bernie-sanders","11":"tag-breaking-news","12":"tag-breakingnews","13":"tag-donald-trump","14":"tag-featured-news","15":"tag-featurednews","16":"tag-headlines","17":"tag-latest-news","18":"tag-latestnews","19":"tag-muslimhat","20":"tag-news","21":"tag-no","22":"tag-norge","23":"tag-norway","24":"tag-nyheter","25":"tag-overskrifter","26":"tag-palestina","27":"tag-top-stories","28":"tag-topstories","29":"tag-usa","30":"tag-verden","31":"tag-world","32":"tag-world-news","33":"tag-worldnews"},"share_on_mastodon":{"url":"https:\/\/pubeurope.com\/@no\/115466625027147611","error":""},"_links":{"self":[{"href":"https:\/\/www.europesays.com\/no\/wp-json\/wp\/v2\/posts\/74520","targetHints":{"allow":["GET"]}}],"collection":[{"href":"https:\/\/www.europesays.com\/no\/wp-json\/wp\/v2\/posts"}],"about":[{"href":"https:\/\/www.europesays.com\/no\/wp-json\/wp\/v2\/types\/post"}],"author":[{"embeddable":true,"href":"https:\/\/www.europesays.com\/no\/wp-json\/wp\/v2\/users\/2"}],"replies":[{"embeddable":true,"href":"https:\/\/www.europesays.com\/no\/wp-json\/wp\/v2\/comments?post=74520"}],"version-history":[{"count":0,"href":"https:\/\/www.europesays.com\/no\/wp-json\/wp\/v2\/posts\/74520\/revisions"}],"wp:featuredmedia":[{"embeddable":true,"href":"https:\/\/www.europesays.com\/no\/wp-json\/wp\/v2\/media\/74521"}],"wp:attachment":[{"href":"https:\/\/www.europesays.com\/no\/wp-json\/wp\/v2\/media?parent=74520"}],"wp:term":[{"taxonomy":"category","embeddable":true,"href":"https:\/\/www.europesays.com\/no\/wp-json\/wp\/v2\/categories?post=74520"},{"taxonomy":"post_tag","embeddable":true,"href":"https:\/\/www.europesays.com\/no\/wp-json\/wp\/v2\/tags?post=74520"}],"curies":[{"name":"wp","href":"https:\/\/api.w.org\/{rel}","templated":true}]}}