{"id":7454,"date":"2025-08-14T00:31:08","date_gmt":"2025-08-14T00:31:08","guid":{"rendered":"https:\/\/www.europesays.com\/no\/7454\/"},"modified":"2025-08-14T00:31:08","modified_gmt":"2025-08-14T00:31:08","slug":"kaninvirus-skaper-horn-pa-hodet-sprer-seg-i-colorado","status":"publish","type":"post","link":"https:\/\/www.europesays.com\/no\/7454\/","title":{"rendered":"Kaninvirus skaper \u00abhorn\u00bb p\u00e5 hodet \u2013 sprer seg i Colorado"},"content":{"rendered":"\n<p class=\"_lead_1bvmi_2 _lead_xtcu6_50 layout-component text-serif-m layout-normal text-serif-l layout-component layout-wide layout-padded _wide_17hqh_1 layout-padded\">Bebyggerne i Fort Collins melder fra om kaniner med merkelige utvekster p\u00e5 hodet.<\/p>\n<p><img alt=\"Kaninviruset som gj\u00f8r at kaniner f\u00e5r svarte knuter og hornlignende utvekster p\u00e5 hodet sprer seg n\u00e5 i USA. Her fra et tilfelle i 2021.  Foto: Dr. Rachel Ruden \/ AP \/ NTB\" class=\"_image_qp4xg_65 layout-component layout-wide\" data-fullscreen- data-track-element-type=\"Article image fullscreen\" data-track-name=\"ImageFullscreen\" fetchpriority=\"high\" decoding=\"sync\" loading=\"eager\" height=\"2016\" itemprop=\"image\"  src=\"https:\/\/www.europesays.com\/no\/wp-content\/uploads\/2025\/08\/1211f998-a068-48fe-95ec-50f7dbca766b\"  style=\"object-position:0% 0%\" width=\"3024\"\/>Kaninviruset som gj\u00f8r at kaniner f\u00e5r svarte knuter og hornlignende utvekster p\u00e5 hodet sprer seg n\u00e5 i USA. Her fra et tilfelle i 2021.  Foto: Dr. Rachel Ruden \/ AP \/ NTB<\/p>\n<ul aria-hidden=\"true\" class=\"_images_1y6fe_106\">\n<li><a class=\"_link_1y6fe_111\" href=\"https:\/\/www.vg.no\/forfatter\/hege-varsi\" style=\"z-index:1\" title=\"Hege Varsi\" rel=\"nofollow noopener\" target=\"_blank\"><img alt=\"Bilde av Hege Varsi\" class=\"_image_1y6fe_88\" fetchpriority=\"low\" loading=\"lazy\" decoding=\"async\" itemprop=\"image\"  src=\"https:\/\/www.europesays.com\/no\/wp-content\/uploads\/2025\/08\/1755131468_827_d48c09ee-ae08-4a71-8e5b-8db7c6b4f37d\"  width=\"480\"\/><\/a><\/li>\n<\/ul>\n<p> Oppdatert torsdag 14. august kl. 01:56     <\/p>\n<p class=\"_paragraph_1bvmi_4 _paragraph_xtcu6_10 layout-component text-serif-m layout-normal text-serif-m layout-padded\">De siste ukene har flere innbyggere i <a href=\"https:\/\/www.vg.no\/tag\/colorado?utm_source=vg-article&amp;utm_medium=auto-tagger&amp;utm_campaign=eMjR9K\" class=\"_link_1bvmi_39\" rel=\"nofollow noopener\" target=\"_blank\">Colorado<\/a>, USA, meldt fra om ville kaniner med svarte knuter og hornlignende utvekster p\u00e5 hodet, skriver avisen <a href=\"https:\/\/www.coloradoan.com\/story\/news\/2025\/08\/12\/frankenstein-rabbits-with-papillomas-sprout-tentacle-like-growths\/85628242007\/\" class=\"_link_1bvmi_39\" rel=\"nofollow noopener\" target=\"_blank\">Coloradoan<\/a>.<\/p>\n<p class=\"_paragraph_1bvmi_4 _paragraph_xtcu6_10 layout-component text-serif-m layout-normal text-serif-m layout-padded\">If\u00f8lge Colorado Parks and Wildlife er det snakk om et virus kalt kaninpapillomakaninpapillomaEt kreftfremkallende virus som for\u00e5rsaker hornaktige vorter, hovedsakelig p\u00e5 nakke, skuldre og mage hos bomullshalekaniner, med mulighet for at noen av papillomene kan utvikle seg til plateepitelkarsinom., som gir slike vekster, s\u00e6rlig rundt hodet. <\/p>\n<p class=\"_paragraph_1bvmi_4 _paragraph_xtcu6_10 layout-component text-serif-m layout-normal text-serif-m layout-padded\">Viruset smitter hovedsakelig om sommeren, ofte via bitt fra insekter som lopper og fl\u00e5tt. N\u00e5r det blir kaldere, forsvinner viruset vanligvis av seg selv hos ville kaniner.<\/p>\n<p class=\"_paragraph_1bvmi_4 _paragraph_xtcu6_10 layout-component text-serif-m layout-normal text-serif-m layout-padded\">Det er spesielt i bykommunen Fort Collins at de syke kaninene n\u00e5 blir observert. Tilbake i 2022 hadde S\u00f8r-Dakota samme problem: <\/p>\n<p class=\"_paragraph_1bvmi_4 _paragraph_xtcu6_10 layout-component text-serif-m layout-normal text-serif-m layout-padded\">Kara Van Hoose, talsperson for Colorado Parks and Wildlife, sier at vekstene sjelden skader ville kaniner, med mindre de blir s\u00e5 store at de hindrer dyret i \u00e5 se, spise eller drikke. <\/p>\n<p class=\"_paragraph_1bvmi_4 _paragraph_xtcu6_10 layout-component text-serif-m layout-normal text-serif-m layout-padded\">\u2013 Vanligvis har ikke vekstene noen stor effekt p\u00e5 ville kaniner, sier Van Hoose.<\/p>\n<p class=\"_paragraph_1bvmi_4 _paragraph_xtcu6_10 layout-component text-serif-m layout-normal text-serif-m layout-padded\">Viruset er kun farlig for kaniner, og utgj\u00f8r ingen risiko for mennesker eller andre kj\u00e6ledyr, if\u00f8lge myndighetene. Men for tamkaniner som bor ute, kan sykdommen bli mer alvorlig. Da b\u00f8r man kontakte veterin\u00e6r.<\/p>\n<p class=\"_root_1xq52_1\" lang=\"es\" dir=\"auto\">Se han encontrado algunos conejos en Fort Collins con crecimientos extra\u00f1os en la cabeza. La agencia de Parques y Vida Silvestre de Colorado dice que es un virus.<br \/>\n <a href=\"https:\/\/www.9news.com\/article\/news\/local\/en-espanol\/encuentran-conejos-con-tentaculos-o-cuernos-en-sus-cabezas\/73-15d9c9d4-41f5-4c57-858f-1e3354306eb9\" class=\"_root_eihfa_1\" target=\"_blank\" rel=\"noopener noreferrer nofollow\">9news.com\/article\/news\/l\u2026<\/a><\/p>\n<p class=\"_paragraph_1bvmi_4 _paragraph_xtcu6_10 layout-component text-serif-m layout-normal text-serif-m layout-padded\">Likevel advarer de om at man ikke skal n\u00e6rme seg de syke dyrene. <\/p>\n<p class=\"_paragraph_1bvmi_4 _paragraph_xtcu6_10 layout-component text-serif-m layout-normal text-serif-m layout-padded\">\u2013 Som med alle ville dyr, b\u00f8r man ikke pr\u00f8ve \u00e5 fange, mate eller h\u00e5ndtere dem, sier hun.<\/p>\n<p class=\"_paragraph_1bvmi_4 _paragraph_xtcu6_10 layout-component text-serif-m layout-normal text-serif-m layout-padded\">Det finnes i dag ingen kur mot viruset. <\/p>\n<p class=\"_paragraph_1bvmi_4 _paragraph_xtcu6_10 layout-component text-serif-m layout-normal text-serif-m layout-padded\">Myndighetene f\u00f8lger n\u00f8ye med p\u00e5 situasjonen, men understreker at det ikke er grunn til bekymring for folk eller kj\u00e6ledyr.<\/p>\n<p class=\"_paragraph_1bvmi_4 _paragraph_xtcu6_10 layout-component text-serif-m layout-normal text-serif-m layout-padded\">Apropos kaniner &#8211; lot du deg sjarmere av denne videoen av hoppende kaniner p\u00e5 trampolinen? Da b\u00f8r du se om igjen: <\/p>\n","protected":false},"excerpt":{"rendered":"Bebyggerne i Fort Collins melder fra om kaniner med merkelige utvekster p\u00e5 hodet. Kaninviruset som gj\u00f8r at kaniner&hellip;\n","protected":false},"author":2,"featured_media":7455,"comment_status":"","ping_status":"","sticky":false,"template":"","format":"standard","meta":{"footnotes":""},"categories":[12],"tags":[20,21,1655,1279,24,25,15,1656,22,23,13,30,28,29,14,16,26,27,42,46,1657,43,44,45],"class_list":{"0":"post-7454","1":"post","2":"type-post","3":"status-publish","4":"format-standard","5":"has-post-thumbnail","7":"category-verden","8":"tag-breaking-news","9":"tag-breakingnews","10":"tag-colorado","11":"tag-dyr","12":"tag-featured-news","13":"tag-featurednews","14":"tag-headlines","15":"tag-kanin","16":"tag-latest-news","17":"tag-latestnews","18":"tag-news","19":"tag-no","20":"tag-norge","21":"tag-norway","22":"tag-nyheter","23":"tag-overskrifter","24":"tag-top-stories","25":"tag-topstories","26":"tag-verden","27":"tag-vgai","28":"tag-virus","29":"tag-world","30":"tag-world-news","31":"tag-worldnews"},"share_on_mastodon":{"url":"","error":""},"_links":{"self":[{"href":"https:\/\/www.europesays.com\/no\/wp-json\/wp\/v2\/posts\/7454","targetHints":{"allow":["GET"]}}],"collection":[{"href":"https:\/\/www.europesays.com\/no\/wp-json\/wp\/v2\/posts"}],"about":[{"href":"https:\/\/www.europesays.com\/no\/wp-json\/wp\/v2\/types\/post"}],"author":[{"embeddable":true,"href":"https:\/\/www.europesays.com\/no\/wp-json\/wp\/v2\/users\/2"}],"replies":[{"embeddable":true,"href":"https:\/\/www.europesays.com\/no\/wp-json\/wp\/v2\/comments?post=7454"}],"version-history":[{"count":0,"href":"https:\/\/www.europesays.com\/no\/wp-json\/wp\/v2\/posts\/7454\/revisions"}],"wp:featuredmedia":[{"embeddable":true,"href":"https:\/\/www.europesays.com\/no\/wp-json\/wp\/v2\/media\/7455"}],"wp:attachment":[{"href":"https:\/\/www.europesays.com\/no\/wp-json\/wp\/v2\/media?parent=7454"}],"wp:term":[{"taxonomy":"category","embeddable":true,"href":"https:\/\/www.europesays.com\/no\/wp-json\/wp\/v2\/categories?post=7454"},{"taxonomy":"post_tag","embeddable":true,"href":"https:\/\/www.europesays.com\/no\/wp-json\/wp\/v2\/tags?post=7454"}],"curies":[{"name":"wp","href":"https:\/\/api.w.org\/{rel}","templated":true}]}}