{"id":74542,"date":"2025-10-31T04:51:11","date_gmt":"2025-10-31T04:51:11","guid":{"rendered":"https:\/\/www.europesays.com\/no\/74542\/"},"modified":"2025-10-31T04:51:11","modified_gmt":"2025-10-31T04:51:11","slug":"krever-drastisk-grep-har-blitt-helt-gale","status":"publish","type":"post","link":"https:\/\/www.europesays.com\/no\/74542\/","title":{"rendered":"Krever drastisk grep: &#8211; Har blitt helt gale"},"content":{"rendered":"<p class=\"kicker \" style=\"\">Donald Trump<\/p>\n<p>  I et rasende innlegg g\u00e5r USAs president Donald Trump til frontalangrep p\u00e5 Demokratene og krever at Republikanerne fjerner Senatets filibuster-regel.\u00a0<\/p>\n<p>\n    KLAR BESKJED: USAs president Donald Trump. Foto: Evelyn Hockstein\/Reuters\/NTB\n  <\/p>\n<p>&#8211; Fordi demokratene har blitt helt gale, er valget klart \u2014 iverksett \u00abnuclear option\u00bb, avskaff filibuster-regelen, og \u00abMake America Great Again\u00bb.<\/p>\n<p>Det skriver Donald Trump p\u00e5 <a href=\"https:\/\/truthsocial.com\/@realDonaldTrump\/115466449868630054\" rel=\"nofollow noopener\" target=\"_blank\">Truth Social natt<\/a> til fredag.\u00a0<\/p>\n<p>I to innlegg g\u00e5r den amerikanske presidenten knallhardt ut mot Demokratene i forbindelse med nedstengningen av offentlig sektor i USA, og krever at den omstridte filibuster-regelen avskaffes.<\/p>\n<p>    <a itemprop=\"url\" href=\"https:\/\/www.dagbladet.no\/nyheter\/slar-alarm-kode-rod\/83792121\" rel=\"nofollow noopener\" target=\"_blank\"><\/p>\n<p>      <img loading=\"lazy\" decoding=\"async\" src=\"https:\/\/www.europesays.com\/no\/wp-content\/uploads\/2025\/10\/1761886271_247_83792133.webp\" width=\"980\" height=\"441\" title=\"Sl\u00e5r alarm: - Kode r\u00f8d\" alt=\"\" class=\"lazyload\" style=\"--aspect-ratio-image: 2.22; \"\/><\/p>\n<p>        Sl\u00e5r alarm: &#8211; Kode r\u00f8d<\/p>\n<p>    <\/a><\/p>\n<p>I det andre innlegget skriver han at et av sp\u00f8rsm\u00e5lene han oftest fikk under Asia-turneen, var hvorfor Republikanerne har latt nedstengningen skje.<\/p>\n<p>&#8211; I flyet tilbake grublet jeg grundig over dette sp\u00f8rsm\u00e5let \u2014 HVORFOR?, skriver Trump.\u00a0<\/p>\n<p>Han hyller s\u00e5 de republikanske lederne i b\u00e5de Senatet og Representantenes hus, f\u00f8r han g\u00e5r til frontalangrep p\u00e5 Demokratene.<\/p>\n<p>&#8211; De er villfarne galninger som har mistet all fornuft og virkelighets\u00adoppfatning, skriver Trump.\u00a0<\/p>\n<p>        REAGERER: Etter at Trump bes\u00f8kte Japan, har \u00e9n video f\u00e5tt spesielt mye oppmerksomhet i sosiale medier. Video: AP \/ Kameraone. Reporter: Silja Furset \/ Dagbladet TV<\/p>\n<p>Demokratene har nektet \u00e5 stemme for \u00e5 \u00e5pne det offentlige igjen fordi de mener Trumps budsjettforslag gir for store kutt i helse- og sosialytelser.\u00a0<\/p>\n<p>De \u00f8nsker at Trump og republikanske senatorer g\u00e5r med p\u00e5 \u00e5 forlenge subsidier i helseforsikringsloven Affordable Care Act (ACA), som utl\u00f8per 31. desember. Uten en slik forlengelse vil millioner av amerikanere f\u00e5 h\u00f8yere helseforsikringspremier, noe demokratene omtaler som \u00aben helsekrise\u00bb.<\/p>\n<p>Trump hevder p\u00e5 sin side at Demokratene \u00f8nsker \u00e5 ta \u00abtrillioner av dollar fra helsevesenet og gi det til andre, som ikke fortjener det\u00bb.<\/p>\n<p>Republikanernes budsjettforslag trenger 60 stemmer for \u00e5 bli godkjent i Senatet, og derfor hjelper ikke partiets ordin\u00e6re flertall denne gangen.\u00a0<\/p>\n<p>Det \u00f8nsker Trump \u00e5 gj\u00f8re noe med.<\/p>\n<p>Han vil fjerne Senatets s\u00e5kalte \u00abfilibuster\u00bb-regel, som krever at 60 av de 100 medlemmene stemmer for et lovforslag \u2013 et grep han omtaler som \u00abthe nuclear option\u00bb.<\/p>\n<p>Trump peker p\u00e5 at flere demokrater tidligere har tatt til orde for \u00e5 fjerne filibusteren. Partiet har imidlertid ikke hatt nok st\u00f8tte internt for \u00e5 gj\u00f8re det.\u00a0<\/p>\n<p>\u00a0&#8211;\u00a0Vel, n\u00e5 er vi ved makten, og hvis vi gjorde det vi burde gj\u00f8re, ville det umiddelbart f\u00e5tt slutt p\u00e5 denne latterlige, lands\u00f8deleggende \u00abnedstengningen\u00bb, skriver Trump.<\/p>\n","protected":false},"excerpt":{"rendered":"Donald Trump I et rasende innlegg g\u00e5r USAs president Donald Trump til frontalangrep p\u00e5 Demokratene og krever at&hellip;\n","protected":false},"author":2,"featured_media":74543,"comment_status":"","ping_status":"","sticky":false,"template":"","format":"standard","meta":{"footnotes":""},"categories":[5],"tags":[20,21,55,24,25,15,19,22,23,17,18,13,30,28,29,14,16,26,27,50,412],"class_list":{"0":"post-74542","1":"post","2":"type-post","3":"status-publish","4":"format-standard","5":"has-post-thumbnail","7":"category-overskrifter","8":"tag-breaking-news","9":"tag-breakingnews","10":"tag-donald-trump","11":"tag-featured-news","12":"tag-featurednews","13":"tag-headlines","14":"tag-hovedoppslag","15":"tag-latest-news","16":"tag-latestnews","17":"tag-main-news","18":"tag-mainnews","19":"tag-news","20":"tag-no","21":"tag-norge","22":"tag-norway","23":"tag-nyheter","24":"tag-overskrifter","25":"tag-top-stories","26":"tag-topstories","27":"tag-usa","28":"tag-utenriks"},"share_on_mastodon":{"url":"https:\/\/pubeurope.com\/@no\/115466986089176039","error":""},"_links":{"self":[{"href":"https:\/\/www.europesays.com\/no\/wp-json\/wp\/v2\/posts\/74542","targetHints":{"allow":["GET"]}}],"collection":[{"href":"https:\/\/www.europesays.com\/no\/wp-json\/wp\/v2\/posts"}],"about":[{"href":"https:\/\/www.europesays.com\/no\/wp-json\/wp\/v2\/types\/post"}],"author":[{"embeddable":true,"href":"https:\/\/www.europesays.com\/no\/wp-json\/wp\/v2\/users\/2"}],"replies":[{"embeddable":true,"href":"https:\/\/www.europesays.com\/no\/wp-json\/wp\/v2\/comments?post=74542"}],"version-history":[{"count":0,"href":"https:\/\/www.europesays.com\/no\/wp-json\/wp\/v2\/posts\/74542\/revisions"}],"wp:featuredmedia":[{"embeddable":true,"href":"https:\/\/www.europesays.com\/no\/wp-json\/wp\/v2\/media\/74543"}],"wp:attachment":[{"href":"https:\/\/www.europesays.com\/no\/wp-json\/wp\/v2\/media?parent=74542"}],"wp:term":[{"taxonomy":"category","embeddable":true,"href":"https:\/\/www.europesays.com\/no\/wp-json\/wp\/v2\/categories?post=74542"},{"taxonomy":"post_tag","embeddable":true,"href":"https:\/\/www.europesays.com\/no\/wp-json\/wp\/v2\/tags?post=74542"}],"curies":[{"name":"wp","href":"https:\/\/api.w.org\/{rel}","templated":true}]}}