{"id":74579,"date":"2025-10-31T05:59:12","date_gmt":"2025-10-31T05:59:12","guid":{"rendered":"https:\/\/www.europesays.com\/no\/74579\/"},"modified":"2025-10-31T05:59:12","modified_gmt":"2025-10-31T05:59:12","slug":"proffdanser-tarjei-svalastog-fikk-firhjuling-over-halsen","status":"publish","type":"post","link":"https:\/\/www.europesays.com\/no\/74579\/","title":{"rendered":"Proffdanser Tarjei Svalastog fikk firhjuling over halsen"},"content":{"rendered":"<p>\u2013 Jeg trodde jeg var ferdig.<\/p>\n<p>Det sier proffdanser\u00a0Tarjei Svalastog (26) til TV 2.<\/p>\n<p> Som liten likte han \u00e5 kj\u00f8re firhjuling p\u00e5 hytta, men en dag tok leken en br\u00e5 og skremmende vending.\u00a0<\/p>\n<p>\u00a0Kj\u00f8ret\u00f8yet veltet, og danseren havnet hjelpel\u00f8s under.\u00a0<\/p>\n<p> \u2013 Jeg fikk jeg den over<br \/>\nhalsen, forteller Svalastog.\u00a0<\/p>\n<p>Han var alene da ulykken skjedde, og klarte ikke \u00e5 presse kj\u00f8ret\u00f8yet av seg.<\/p>\n<p>        <img class=\"image__img lazyload\" itemprop=\"image\" title=\"Foto: Aurora Pevik Haugn\u00e6ss \/ TV 2\" alt=\"DELTAKER: Tarjei Svalastog danser med Desta Marie Beeder denne sesongen av \u00abSkal vi danse\u00bb. Foto: Aurora Pevik Haugn\u00e6ss \/ TV 2\" width=\"978\" height=\"551\" bad-src=\"https:\/\/www.europesays.com\/no\/wp-content\/uploads\/2025\/10\/18240322.webp\" fetchpriority=\"auto\" \/><\/p>\n<p>      DELTAKER: Tarjei Svalastog danser med Desta Marie Beeder denne sesongen av \u00abSkal vi danse\u00bb.<br \/>\n         Foto: Aurora Pevik Haugn\u00e6ss \/ TV 2<\/p>\n<p>\u00a0\u2013 Jeg fikk ikke puste. Heldigvis kom noen l\u00f8pende og<br \/>\nfikk den av meg, sier han.\u00a0<\/p>\n<p>Selv om det gikk bra fysisk, satte opplevelsen dype spor.<\/p>\n<p>\u00a0\u2013\u00a0Jeg fikk bare et lite s\u00e5r, men i hodet mitt var det alvorlig.\u00a0Jeg husker jeg<br \/>\ntenkte: \u00abN\u00e5 d\u00f8r jeg\u00bb.<\/p>\n<p>Brant opp foran \u00f8ynene<\/p>\n<p> Denne h\u00f8sten er danseren \u00e5 se p\u00e5 parketten i \u00abSkal vi danse\u00bb sammen med programleder Desta Marie Beeder (37).\u00a0<\/p>\n<p>Ogs\u00e5 hun b\u00e6rer p\u00e5 en dramatisk opplevelse fra<br \/>\nbarndommen. <\/p>\n<p> \u2013 En dag kom jeg til barnehagen min, og den sto i full fyr.\u00a0<\/p>\n<p>\u2013 Det var veldig<br \/>\ndramatisk for en fire\u00e5ring \u00e5 se favorittstedet sitt brenne ned, sier Beeder.\u00a0<\/p>\n<p>Hun innr\u00f8mmer at minnene fortsatt sitter i.\u00a0<\/p>\n<p>\u2013 Jeg tenker overraskende ofte p\u00e5 det. Det var virkelig traumatisk, sier hun.<\/p>\n<p>        <img class=\"image__img lazyload\" itemprop=\"image\" title=\"Foto: Aurora Pevik Haugn\u00e6ss \/ TV 2\" alt=\"HALLOWEEN: Desta Marie Beeder sto bak visjonen for dansen forrige l\u00f8rdag. Foto: Aurora Pevik Haugn\u00e6ss \/ TV 2\" width=\"978\" height=\"551\" bad-src=\"https:\/\/www.europesays.com\/no\/wp-content\/uploads\/2025\/10\/18240329.webp\" fetchpriority=\"auto\" \/><\/p>\n<p>      HALLOWEEN: Desta Marie Beeder sto bak visjonen for dansen forrige l\u00f8rdag.<br \/>\n         Foto: Aurora Pevik Haugn\u00e6ss \/ TV 2<\/p>\n<p>Skadet under dansen<\/p>\n<p>Forrige l\u00f8rdag preget skrekk og gru parketten under<a href=\"https:\/\/www.tv2.no\/underholdning\/skal-vi-danse\/sjokk-exit-i-skal-vi-danse\/18226123\/\" target=\"_blank\" rel=\"nofollow noopener\"> halloween-sending<\/a> av \u00abSkal vi danse\u00bb.<\/p>\n<p>Desta Marie Beeder og Tarjei Svalastog havnet nok en gang blant bunn tre etter at stemmene var talt opp, men slapp med skrekken. <\/p>\n<p>\u2013 Vi var i bunn tre og det begynner vi \u00e5 bli vant med, sa Desta sp\u00f8kefullt under programmet.\u00a0<\/p>\n<p>Hun p\u00e5peker videre at hun skadet seg under dansen.\u00a0<\/p>\n<p>\u2013\u00a0 Jeg har skadet kneet mitt s\u00e5 tror ikke jeg hadde klart en danseduell. Men n\u00e5 er jeg lykkelig for \u00e5 v\u00e6re videre og skal jeg hjem \u00e5 slappe av.<\/p>\n<p>        <img class=\"image__img lazyload\" itemprop=\"image\" title=\"Foto: Skjermdump fra \u00abSkal vi danse\u00bb\" alt=\"SKADET: Desta Marie Beeder skadet kneet under l\u00f8rdagens dans. Foto: Skjermdump fra \u00abSkal vi danse\u00bb\" width=\"978\" height=\"551\" bad-src=\"https:\/\/www.europesays.com\/no\/wp-content\/uploads\/2025\/10\/18240541.webp\" fetchpriority=\"auto\" \/><\/p>\n<p>      SKADET: Desta Marie Beeder skadet kneet under l\u00f8rdagens dans.<br \/>\n         Foto: Skjermdump fra \u00abSkal vi danse\u00bb<\/p>\n","protected":false},"excerpt":{"rendered":"\u2013 Jeg trodde jeg var ferdig. Det sier proffdanser\u00a0Tarjei Svalastog (26) til TV 2. Som liten likte han&hellip;\n","protected":false},"author":2,"featured_media":74580,"comment_status":"","ping_status":"","sticky":false,"template":"","format":"standard","meta":{"footnotes":""},"categories":[58],"tags":[71,30,28,29,72],"class_list":{"0":"post-74579","1":"post","2":"type-post","3":"status-publish","4":"format-standard","5":"has-post-thumbnail","7":"category-underholdning","8":"tag-entertainment","9":"tag-no","10":"tag-norge","11":"tag-norway","12":"tag-underholdning"},"share_on_mastodon":{"url":"https:\/\/pubeurope.com\/@no\/115467253397924638","error":""},"_links":{"self":[{"href":"https:\/\/www.europesays.com\/no\/wp-json\/wp\/v2\/posts\/74579","targetHints":{"allow":["GET"]}}],"collection":[{"href":"https:\/\/www.europesays.com\/no\/wp-json\/wp\/v2\/posts"}],"about":[{"href":"https:\/\/www.europesays.com\/no\/wp-json\/wp\/v2\/types\/post"}],"author":[{"embeddable":true,"href":"https:\/\/www.europesays.com\/no\/wp-json\/wp\/v2\/users\/2"}],"replies":[{"embeddable":true,"href":"https:\/\/www.europesays.com\/no\/wp-json\/wp\/v2\/comments?post=74579"}],"version-history":[{"count":0,"href":"https:\/\/www.europesays.com\/no\/wp-json\/wp\/v2\/posts\/74579\/revisions"}],"wp:featuredmedia":[{"embeddable":true,"href":"https:\/\/www.europesays.com\/no\/wp-json\/wp\/v2\/media\/74580"}],"wp:attachment":[{"href":"https:\/\/www.europesays.com\/no\/wp-json\/wp\/v2\/media?parent=74579"}],"wp:term":[{"taxonomy":"category","embeddable":true,"href":"https:\/\/www.europesays.com\/no\/wp-json\/wp\/v2\/categories?post=74579"},{"taxonomy":"post_tag","embeddable":true,"href":"https:\/\/www.europesays.com\/no\/wp-json\/wp\/v2\/tags?post=74579"}],"curies":[{"name":"wp","href":"https:\/\/api.w.org\/{rel}","templated":true}]}}