{"id":7458,"date":"2025-08-14T00:33:16","date_gmt":"2025-08-14T00:33:16","guid":{"rendered":"https:\/\/www.europesays.com\/no\/7458\/"},"modified":"2025-08-14T00:33:16","modified_gmt":"2025-08-14T00:33:16","slug":"nora-haukland-har-vaert-i-nye-politiavhor","status":"publish","type":"post","link":"https:\/\/www.europesays.com\/no\/7458\/","title":{"rendered":"Nora Haukland har v\u00e6rt i nye politiavh\u00f8r"},"content":{"rendered":"\n<p class=\"_lead_1bvmi_2 _lead_xtcu6_50 layout-component text-serif-m layout-normal text-serif-l layout-component layout-wide layout-padded _wide_17hqh_1 layout-padded\">I l\u00f8pet av de to siste dagene har influenceren Nora Haukland v\u00e6rt i nye politiavh\u00f8r.<\/p>\n<p><img alt=\"FORN\u00c6RMET: Influenceren Nora Haukland. Foto: Mattis Sandblad \/ VG\" class=\"_image_qp4xg_65 layout-component layout-wide\" data-fullscreen- data-track-element-type=\"Article image fullscreen\" data-track-name=\"ImageFullscreen\" fetchpriority=\"high\" decoding=\"sync\" loading=\"eager\" height=\"3922\" itemprop=\"image\"  src=\"https:\/\/www.europesays.com\/no\/wp-content\/uploads\/2025\/08\/f7bbe006-9d42-45db-bb24-d782da36788a\"  style=\"object-position:50.53691275167785% 41.33095359510454%\" width=\"5215\"\/>FORN\u00c6RMET: Influenceren Nora Haukland. Foto: Mattis Sandblad \/ VG<\/p>\n<ul aria-hidden=\"true\" class=\"_images_1y6fe_106\">\n<li><a class=\"_link_1y6fe_111\" href=\"https:\/\/www.vg.no\/forfatter\/morten-s-hopperstad\" style=\"z-index:2\" title=\"Morten S. Hopperstad\" rel=\"nofollow noopener\" target=\"_blank\"><img alt=\"Bilde av Morten S. Hopperstad\" class=\"_image_1y6fe_88\" fetchpriority=\"low\" loading=\"lazy\" decoding=\"async\" itemprop=\"image\"  src=\"https:\/\/www.europesays.com\/no\/wp-content\/uploads\/2025\/08\/1755131595_650_93d60eb2-0dd9-4446-a8b8-c143528ca129\"  width=\"480\"\/><\/a><\/li>\n<li><a class=\"_link_1y6fe_111\" href=\"https:\/\/www.vg.no\/forfatter\/nora-viskjer\" style=\"z-index:1\" title=\"Nora Viskjer\" rel=\"nofollow noopener\" target=\"_blank\"><img alt=\"Bilde av Nora Viskjer\" class=\"_image_1y6fe_88\" fetchpriority=\"low\" loading=\"lazy\" decoding=\"async\" itemprop=\"image\"  src=\"https:\/\/www.europesays.com\/no\/wp-content\/uploads\/2025\/08\/ea617ec8-607f-4948-824b-ac91a6d7fe70\"  width=\"480\"\/><\/a><\/li>\n<\/ul>\n<p> Oppdatert onsdag 13. august kl. 19:19    <\/p>\n<ul class=\"_list_1bvmi_3 _list_1flq1_85 _unordered_1bvmi_99 text-sans-m\">\n<li class=\"_item_1bvmi_30\">Nora Haukland har v\u00e6rt i nye politiavh\u00f8r de siste to dagene.<\/li>\n<li class=\"_item_1bvmi_30\">Haukland deler p\u00e5 Snapchat at avh\u00f8rene har v\u00e6rt f\u00f8lelsesmessig slitsomme.<\/li>\n<li class=\"_item_1bvmi_30\">Marius Borg H\u00f8iby er siktet for to kroppskrenkelser og skadeverk.<\/li>\n<li class=\"_item_1bvmi_30\">H\u00f8iby nekter straffskyld.<\/li>\n<li class=\"_item_1bvmi_30\">Statsadvokaten varsler en p\u00e5taleavgj\u00f8relse i august.<\/li>\n<\/ul>\n<p>Vis mer <\/p>\n<p class=\"_paragraph_1bvmi_4 _paragraph_xtcu6_10 layout-component text-serif-m layout-normal text-serif-m layout-padded\">Det deler influenceren selv p\u00e5 Snapchat.<\/p>\n<p class=\"_paragraph_1bvmi_4 _paragraph_xtcu6_10 layout-component text-serif-m layout-normal text-serif-m layout-padded\">\u2013 Jeg har v\u00e6rt i avh\u00f8r i g\u00e5r og i dag, og hadde i dag mitt siste avh\u00f8r. Det er ikke bare slitsomt fordi det er mye \u00e5 g\u00e5 gjennom, det er slitsomt fordi man m\u00e5 g\u00e5 inn i f\u00f8lelser, traumer og alt hjernen har jobbet for \u00e5 fortrenge, skriver Haukland.<\/p>\n<p><img decoding=\"async\" alt=\"Bilde av John Christian Elden\" class=\"_image_ygndg_42\" height=\"27\" itemprop=\"image\" loading=\"lazy\"  src=\"https:\/\/www.europesays.com\/no\/wp-content\/uploads\/2025\/08\/28bfc59b-fdd5-4c7a-98b6-92b81361e12b\"  width=\"40\"\/><strong class=\"_name_ygndg_51 title-serif-xs\">John Christian Elden<\/strong><\/p>\n<p class=\"_paragraph_1bvmi_4 text-sans-m _description_ygndg_56\">Bistandsadvokaten til Nora Haukland<\/p>\n<p class=\"_paragraph_1bvmi_4 _paragraph_xtcu6_10 layout-component text-serif-m layout-normal text-serif-m layout-padded\">I slutten av juni offentliggjorde politiet den endelige siktelsen mot Marius Borg H\u00f8iby (28). Da ble det klart at straffesaken der <a href=\"https:\/\/www.vg.no\/tag\/nora-haukland?utm_source=vg-article&amp;utm_medium=auto-tagger&amp;utm_campaign=732oqV\" class=\"_link_1bvmi_39\" rel=\"nofollow noopener\" target=\"_blank\">Nora Haukland<\/a> er forn\u00e6rmet var endret fra mishandling i n\u00e6re relasjoner til to kroppskrenkelser og et tilfelle av skadeverk.<\/p>\n<p class=\"_paragraph_1bvmi_4 _paragraph_xtcu6_10 layout-component text-serif-m layout-normal text-serif-m layout-padded\">H\u00f8iby nekter straffskyld for disse forholdene.<\/p>\n<p class=\"_paragraph_1bvmi_4 _paragraph_xtcu6_10 layout-component text-serif-m layout-normal text-serif-m layout-padded\">\u2013 Avh\u00f8rene gj\u00f8res opp mot mishandlingssiktelsen p\u00e5 anmodning fra statsadvokaten. Vi vil ikke kommentere innholdet f\u00f8r tiltalen i saken er klar, sier Hauklands bistandsadvokat, John Christian Elden, til VG.<\/p>\n<p class=\"_paragraph_1bvmi_4 _paragraph_xtcu6_10 layout-component text-serif-m layout-normal text-serif-m layout-padded\">Statsadvokat Sturla Henriksb\u00f8 har varslet at en p\u00e5taleavgj\u00f8relse i saken vil foreligge i mditen av august.<\/p>\n","protected":false},"excerpt":{"rendered":"I l\u00f8pet av de to siste dagene har influenceren Nora Haukland v\u00e6rt i nye politiavh\u00f8r. FORN\u00c6RMET: Influenceren Nora&hellip;\n","protected":false},"author":2,"featured_media":7459,"comment_status":"","ping_status":"","sticky":false,"template":"","format":"standard","meta":{"footnotes":""},"categories":[5],"tags":[20,21,24,25,15,19,148,22,23,17,18,400,13,30,831,28,29,14,16,26,27],"class_list":{"0":"post-7458","1":"post","2":"type-post","3":"status-publish","4":"format-standard","5":"has-post-thumbnail","7":"category-overskrifter","8":"tag-breaking-news","9":"tag-breakingnews","10":"tag-featured-news","11":"tag-featurednews","12":"tag-headlines","13":"tag-hovedoppslag","14":"tag-kriminalitet","15":"tag-latest-news","16":"tag-latestnews","17":"tag-main-news","18":"tag-mainnews","19":"tag-marius-borg-hoiby","20":"tag-news","21":"tag-no","22":"tag-nora-haukland","23":"tag-norge","24":"tag-norway","25":"tag-nyheter","26":"tag-overskrifter","27":"tag-top-stories","28":"tag-topstories"},"share_on_mastodon":{"url":"","error":""},"_links":{"self":[{"href":"https:\/\/www.europesays.com\/no\/wp-json\/wp\/v2\/posts\/7458","targetHints":{"allow":["GET"]}}],"collection":[{"href":"https:\/\/www.europesays.com\/no\/wp-json\/wp\/v2\/posts"}],"about":[{"href":"https:\/\/www.europesays.com\/no\/wp-json\/wp\/v2\/types\/post"}],"author":[{"embeddable":true,"href":"https:\/\/www.europesays.com\/no\/wp-json\/wp\/v2\/users\/2"}],"replies":[{"embeddable":true,"href":"https:\/\/www.europesays.com\/no\/wp-json\/wp\/v2\/comments?post=7458"}],"version-history":[{"count":0,"href":"https:\/\/www.europesays.com\/no\/wp-json\/wp\/v2\/posts\/7458\/revisions"}],"wp:featuredmedia":[{"embeddable":true,"href":"https:\/\/www.europesays.com\/no\/wp-json\/wp\/v2\/media\/7459"}],"wp:attachment":[{"href":"https:\/\/www.europesays.com\/no\/wp-json\/wp\/v2\/media?parent=7458"}],"wp:term":[{"taxonomy":"category","embeddable":true,"href":"https:\/\/www.europesays.com\/no\/wp-json\/wp\/v2\/categories?post=7458"},{"taxonomy":"post_tag","embeddable":true,"href":"https:\/\/www.europesays.com\/no\/wp-json\/wp\/v2\/tags?post=7458"}],"curies":[{"name":"wp","href":"https:\/\/api.w.org\/{rel}","templated":true}]}}