{"id":74626,"date":"2025-10-31T07:14:17","date_gmt":"2025-10-31T07:14:17","guid":{"rendered":"https:\/\/www.europesays.com\/no\/74626\/"},"modified":"2025-10-31T07:14:17","modified_gmt":"2025-10-31T07:14:17","slug":"jeg-var-en-av-dem-som-lukket-dora-og-slo-av-lyset","status":"publish","type":"post","link":"https:\/\/www.europesays.com\/no\/74626\/","title":{"rendered":"Jeg var en av dem som lukket d\u00f8ra og slo av lyset"},"content":{"rendered":"<p>M\u00f8rketiden<br \/>\nhar allerede sugd ut det siste jeg hadde av oppspart reservestr\u00f8m fra sommer og<br \/>\nlys. Hagen er m\u00f8rk og v\u00e5t, og det er altfor lenge til jul, i et<br \/>\npynte-perspektiv. Jeg vet ikke om det er den ber\u00f8mmelige pre-menopausen som<br \/>\ngj\u00f8r m\u00f8rketiden tyngre for hvert \u00e5r, eller om det rett og slett er den<br \/>\nmenneskelige erfaringen jeg har fra levd liv, om at tiden vi g\u00e5r inn i n\u00e5 ikke<br \/>\nakkurat gir ved d\u00f8rene.\u00a0<\/p>\n<p>Men, du f\u00e5r ikke mer hygge og moro enn du skaper deg sj\u00f8l.<br \/>\nOg n\u00e6rmest som bestilt, som en lynrask leveranse fra en nettbutikk levert p\u00e5<br \/>\nd\u00f8ra, kommer alts\u00e5 31. oktober, bedre kjent som Halloween. Utkledd som en<br \/>\nhelkommersiell aktivitet av sukker og simpleste plast, men som viser seg \u00e5 ha<br \/>\nkvaliteter av gull, om du t\u00f8r slippe den inn.\u00a0<\/p>\n<p>    <a itemprop=\"url\" href=\"https:\/\/www.kk.no\/mamma\/halloween-er-ikke-for-alle\/68838649\" rel=\"nofollow noopener\" target=\"_blank\"><\/p>\n<p>      <img loading=\"lazy\" decoding=\"async\" src=\"https:\/\/www.europesays.com\/no\/wp-content\/uploads\/2025\/10\/68838653.webp\" width=\"980\" height=\"441\" title=\"Halloween er ikke for alle ...\" alt=\"\" class=\"lazyload\" style=\"--aspect-ratio-image: 2.22; \"\/><\/p>\n<p>        Halloween er ikke for alle &#8230;<\/p>\n<p>    <\/a><\/p>\n<p>Selvantennelig pynt\t<\/p>\n<p>Selv holdt jeg lenge d\u00f8ren lukket, med spissformulerte replikker om hvor trashy jeg opplevde hele sulamitten p\u00e5 tunga.<\/p>\n<p>For den<br \/>\ngj\u00f8r det ikke lett for seg selv, denne feiringen som ikke av oss voksne har<br \/>\nvokst opp med som barn, og som presenteres i butikkvinduer i den krevende<br \/>\nfargepaletten av svart, oransje og blodr\u00f8dt. Pynt og kostymer er kjemisk<br \/>\nrensket for naturmaterialer selvsagt, mest sannsynlig ogs\u00e5 selvantennelige.<\/p>\n<p>Kostymeringen<br \/>\nav b\u00e5de barn og ungdom framst\u00e5r for mange av oss som en kavalkade av alt vi har<br \/>\nl\u00e6rt oss \u00e5 ta avstand fra. Det er som om USA og Kina har dannet en skremmende<br \/>\nallianse med det verste fra begge nasjoner, en forflatet horror-estetikk fra<br \/>\nden ene, paret med en skummelt effektiv fabrikkproduksjon fra det andre. Og alt<br \/>\ndette vanskelige serveres alts\u00e5 p\u00e5 en seng av ubegripelige mengder av<br \/>\nlav-kvalitetsgodis.\u00a0<\/p>\n<p>    <a itemprop=\"url\" href=\"https:\/\/www.kk.no\/mamma\/silje-sandmaels-tips-for-en-billig-halloween-feiring\/67742998\" rel=\"nofollow noopener\" target=\"_blank\"><\/p>\n<p>      <img loading=\"lazy\" decoding=\"async\" src=\"https:\/\/www.europesays.com\/no\/wp-content\/uploads\/2025\/10\/70355485.webp\" width=\"980\" height=\"441\" title=\"Silje Sandm\u00e6ls tips for en billig Halloween-feiring\" alt=\"\" class=\"lazyload\" style=\"--aspect-ratio-image: 2.22; \"\/><\/p>\n<p>        Silje Sandm\u00e6ls tips for en billig Halloween-feiring<\/p>\n<p>    <\/a><\/p>\n<p class=\"font-weight-bold m-font-weight-bold\" data-lab-font_weight=\"font-weight-bold\">Godis som det er helt innafor \u00e5 b\u00e5de be om og motta fra<br \/>\nfremmede akkurat denne kvelden.<\/p>\n<p>Ikke at de<br \/>\nsom ringer p\u00e5 d\u00f8ra gir et spesielt godt inntrykk heller. Jeg har selv v\u00e6rt<br \/>\nblant de mange som l\u00e5ste d\u00f8ra og slo av lyset for \u00e5 slippe \u00e5 f\u00e5 horder av<br \/>\nf\u00e5m\u00e6lte barn med halvtomme godteb\u00f8tter og enda tommere blikk p\u00e5 bes\u00f8k i<br \/>\noppgangen. Kunne de ikke det minste framf\u00f8re noe? Ytre noe bak de statiske<br \/>\ngummimaskene med nylonh\u00e5r? Nei.<\/p>\n<p>Hva, om<br \/>\nnoe &#8211; er positivt med dette idiot-opplegget lurer du vel p\u00e5, ettersom jeg<br \/>\ninnledningsvis har avsl\u00f8rt at jeg har byttet side. Var det s\u00e5 enkelt at jeg<br \/>\nselv fikk barn og n\u00e6rmest ble tvunget til \u00e5 se med mildt blikk p\u00e5 noe som for<br \/>\ndem framsto som julaften, bare med frydefull action og mindre venting og<br \/>\nvoksenmat?<\/p>\n<p>    <a itemprop=\"url\" href=\"https:\/\/www.kk.no\/livet\/mette-har-brukt-over-70000-kroner-pa-halloween\/82160504\" rel=\"nofollow noopener\" target=\"_blank\"><\/p>\n<p>      <img loading=\"lazy\" decoding=\"async\" src=\"https:\/\/www.europesays.com\/no\/wp-content\/uploads\/2025\/10\/82161582.webp\" width=\"980\" height=\"441\" title=\"Mette har brukt over 70.000 kroner p\u00e5 Halloween\" alt=\"\" class=\"lazyload\" style=\"--aspect-ratio-image: 2.22; \"\/><\/p>\n<p>        Mette har brukt over 70.000 kroner p\u00e5 Halloween<\/p>\n<p>    <\/a><\/p>\n<p>Godt \u00e5 \u00f8ve p\u00e5 \u00e5 \u00e5pne d\u00f8ra<\/p>\n<p>Kanskje.<br \/>\nMen skiftet skjedde f\u00f8r jeg selv fikk barn, og det handlet f\u00f8rst og fremst om<br \/>\nmeg selv. At jeg inns\u00e5 at jeg som voksen ikke hadde noen formening om hvem som<br \/>\nbodde to oppganger, eller to hus bortenfor meg selv. At jeg ikke siden jeg gikk<br \/>\nmed loddb\u00f8ker for koret mitt p\u00e5 90-tallet hadde ringt p\u00e5 en fremmed d\u00f8r.\u00a0<\/p>\n<p>Det<br \/>\nslo meg vi nordmenn feirer en dag i \u00e5ret utend\u00f8rs og det er 17.mai, og at det i<br \/>\nseg selv er noe vi alle har godt av. Komme oss ut av egen hule. G\u00e5 gatelangs.<br \/>\nSmile til en fremmed. Det gj\u00f8r noe med oss \u00e5 ramle rundt i et stort utend\u00f8rs<br \/>\nfelleskap i h\u00f8stm\u00f8rket, og kjenne p\u00e5 den skrekkblandede fryden det er \u00e5 se egne<br \/>\nog andres barn pile gatelangs fra d\u00f8r til d\u00f8r.\u00a0<\/p>\n<p>Jeg tror til og med det er godt<br \/>\nfor oss voksne \u00e5 \u00f8ve p\u00e5 \u00e5 \u00e5pne d\u00f8ra. Kontaktl\u00f8s levering har gjort noe med oss.<br \/>\nSelv kvepper jeg i stolen om det ringer p\u00e5 d\u00f8ra uten at jeg venter bes\u00f8k.<\/p>\n<p>Kanskje er<br \/>\ndet ikke s\u00e5 rart at det er en \u00f8velse for de som ringer p\u00e5 ogs\u00e5. De har knapt<br \/>\nnok f\u00e5tt lov til \u00e5 g\u00e5 hjem fra skolen uten klokker med GPS-tracking og lovnader<br \/>\nom \u00e5 g\u00e5 rett hjem uten \u00e5 snakke med fremmede. Plutselig skal de ringe p\u00e5<br \/>\nukjente d\u00f8rer og m\u00f8te fremmede fjes med fremmede stemmer. D\u00f8rer som \u00e5pner seg,<br \/>\nandres hjem, andres hjemme-duft som sl\u00e5r imot dem. Det er klart det f\u00f8les trygt<br \/>\n\u00e5 gjemme seg bak et gummifjes fra Nille!<\/p>\n<p>    <a itemprop=\"url\" href=\"https:\/\/www.kk.no\/meninger\/jeg-husker-jeg-sto-med-drommende-blikk-mot-de-andres-splitter-nye-skolesekker\/83476637\" rel=\"nofollow noopener\" target=\"_blank\"><\/p>\n<p>      <img loading=\"lazy\" decoding=\"async\" src=\"https:\/\/www.europesays.com\/no\/wp-content\/uploads\/2025\/10\/83477698.webp\" width=\"980\" height=\"441\" title=\"- Jeg husker jeg sto med dr\u00f8mmende blikk mot de andres splitter nye skolesekker\" alt=\"\" class=\"lazyload\" style=\"--aspect-ratio-image: 2.22; \"\/><\/p>\n<p>        &#8211; Jeg husker jeg sto med dr\u00f8mmende blikk mot de andres splitter nye skolesekker<\/p>\n<p>    <\/a><\/p>\n<p>Kom seg inn i oppgangen<\/p>\n<p>Akkurat<br \/>\ns\u00e5nn var det da fem ten\u00e5ringsgutter ringte p\u00e5 hos meg for snart ti \u00e5r siden.<br \/>\nKlokken var n\u00e6rmere halv elleve, og det ringte p\u00e5 den innerste klokka, den som<br \/>\nkun tilh\u00f8rte leiligheten. Noen hadde kommet seg inn i oppgangen.\u00a0<\/p>\n<p>Ble jeg<br \/>\nurolig? Jeg rakk ikke \u00e5 analysere min egen f\u00f8lelse f\u00f8r jeg overrasket meg selv<br \/>\nmed \u00e5 \u00e5pne d\u00f8ra. Der s\u00e5 jeg rett p\u00e5 fem gutter som antakelig ikke hadde<br \/>\nplanlagt \u00e5 g\u00e5 knask eller knep i det hele tatt. D\u00e5rlig kledd og d\u00e5rlig<br \/>\nutkledd. Det var kanskje den kombinasjonen som traff noe i meg. <\/p>\n<p>Gutten med<br \/>\nsom kanskje kunne minne om et fors\u00f8k p\u00e5 kostyme tok ordet etter at b\u00e5de jeg og<br \/>\ngjengen hans hadde brukt noen sekunder<br \/>\np\u00e5 \u00e5 vurdere situasjonen. Han holdt seg ikke til manus.<\/p>\n<p>\u2043 Har du noe godteri?\u00a0<\/p>\n<p>    <a itemprop=\"url\" href=\"https:\/\/www.kk.no\/meninger\/litt-over-snittet-viste-tallet-pa-vekta\/82130425\" rel=\"nofollow noopener\" target=\"_blank\"><\/p>\n<p>      <img loading=\"lazy\" decoding=\"async\" src=\"https:\/\/www.europesays.com\/no\/wp-content\/uploads\/2025\/10\/82130451.webp\" width=\"980\" height=\"441\" title=\"\u00abLitt over snittet\u00bb viste tallet p\u00e5 vekta\" alt=\"\" class=\"lazyload\" style=\"--aspect-ratio-image: 2.22; \"\/><\/p>\n<p>        \u00abLitt over snittet\u00bb viste tallet p\u00e5 vekta<\/p>\n<p>    <\/a><\/p>\n<p>T\u00f8mte skapene<\/p>\n<p>Jeg husker<br \/>\nat jeg begynte \u00e5 le. Og s\u00e5 gjorde han det samme. Det var et \u00f8yeblikk av kontakt<br \/>\nmed noen jeg strengt tatt ikke hadde \u00f8nsket \u00e5 f\u00e5 p\u00e5 d\u00f8ra, et \u00f8yeblikk hvor jeg<br \/>\nkunne ha blitt engstelig, men i stedet kjente at det komiske i situasjonen kom<br \/>\nbegge parter til gode. Jeg husker at jeg kommenterte at jeg syntes de var<br \/>\nlovlig sent ute, men ettersom de hadde tatt turen skulle jeg se hva jeg kunne<br \/>\nfinne.<\/p>\n<p>Jeg t\u00f8mte<br \/>\nkj\u00f8kkenskapet for det jeg hadde av kjekspakker, en hel sjokoladeplate<br \/>\nforbeholdt meg selv, og en stor pose potetgull som jeg visste samboeren min<br \/>\nhadde spart til fotballkamp. Ikke noe av det jeg rasket sammen var planlagt \u00e5<br \/>\ndele ut. <\/p>\n<p>Guttene<br \/>\nsom sto ventende i gangen ble helt tydelig overrasket over fangsten. Skulle de<br \/>\nf\u00e5 alt dette? Jeg husker jeg nesten ble litt forlegen over hvor glade de ble.<br \/>\nDe glemte seg litt, ble barnslige og h\u00f8ylytte barn, ikke avm\u00e5lte ungdommer.<\/p>\n<p>Alle<br \/>\ntakket, alle m\u00f8tte blikket mitt, og jeg rakk til og med \u00e5 legge til noen<br \/>\nformanende ord om at de ikke m\u00e5tte ringe p\u00e5 flere d\u00f8rer i byg\u00e5rden og heller<br \/>\nkomme seg hjem.<\/p>\n<p>\u00a0Da ytterd\u00f8ra nede slamret igjen etter sistemann, ble det<br \/>\nstille. Og jeg kjente at jeg f\u00f8lte meg modigere, rausere og gladere av \u00e5 ha<br \/>\n\u00e5pnet opp d\u00f8ra. For en glede \u00e5 f\u00e5 muligheten til dette hver eneste h\u00f8st!<\/p>\n<p class=\"font-weight-bold m-font-weight-bold\" data-lab-font_weight=\"font-weight-bold\">Happy<br \/>\nHalloween!<\/p>\n","protected":false},"excerpt":{"rendered":"M\u00f8rketiden har allerede sugd ut det siste jeg hadde av oppspart reservestr\u00f8m fra sommer og lys. Hagen er&hellip;\n","protected":false},"author":2,"featured_media":74627,"comment_status":"","ping_status":"","sticky":false,"template":"","format":"standard","meta":{"footnotes":""},"categories":[12],"tags":[20,21,525,24,25,8568,15,22,23,156,13,30,28,29,14,16,26,27,42,43,44,45],"class_list":{"0":"post-74626","1":"post","2":"type-post","3":"status-publish","4":"format-standard","5":"has-post-thumbnail","7":"category-verden","8":"tag-breaking-news","9":"tag-breakingnews","10":"tag-familie","11":"tag-featured-news","12":"tag-featurednews","13":"tag-halloween","14":"tag-headlines","15":"tag-latest-news","16":"tag-latestnews","17":"tag-meninger","18":"tag-news","19":"tag-no","20":"tag-norge","21":"tag-norway","22":"tag-nyheter","23":"tag-overskrifter","24":"tag-top-stories","25":"tag-topstories","26":"tag-verden","27":"tag-world","28":"tag-world-news","29":"tag-worldnews"},"share_on_mastodon":{"url":"https:\/\/pubeurope.com\/@no\/115467548539261877","error":""},"_links":{"self":[{"href":"https:\/\/www.europesays.com\/no\/wp-json\/wp\/v2\/posts\/74626","targetHints":{"allow":["GET"]}}],"collection":[{"href":"https:\/\/www.europesays.com\/no\/wp-json\/wp\/v2\/posts"}],"about":[{"href":"https:\/\/www.europesays.com\/no\/wp-json\/wp\/v2\/types\/post"}],"author":[{"embeddable":true,"href":"https:\/\/www.europesays.com\/no\/wp-json\/wp\/v2\/users\/2"}],"replies":[{"embeddable":true,"href":"https:\/\/www.europesays.com\/no\/wp-json\/wp\/v2\/comments?post=74626"}],"version-history":[{"count":0,"href":"https:\/\/www.europesays.com\/no\/wp-json\/wp\/v2\/posts\/74626\/revisions"}],"wp:featuredmedia":[{"embeddable":true,"href":"https:\/\/www.europesays.com\/no\/wp-json\/wp\/v2\/media\/74627"}],"wp:attachment":[{"href":"https:\/\/www.europesays.com\/no\/wp-json\/wp\/v2\/media?parent=74626"}],"wp:term":[{"taxonomy":"category","embeddable":true,"href":"https:\/\/www.europesays.com\/no\/wp-json\/wp\/v2\/categories?post=74626"},{"taxonomy":"post_tag","embeddable":true,"href":"https:\/\/www.europesays.com\/no\/wp-json\/wp\/v2\/tags?post=74626"}],"curies":[{"name":"wp","href":"https:\/\/api.w.org\/{rel}","templated":true}]}}