{"id":74661,"date":"2025-10-31T07:55:10","date_gmt":"2025-10-31T07:55:10","guid":{"rendered":"https:\/\/www.europesays.com\/no\/74661\/"},"modified":"2025-10-31T07:55:10","modified_gmt":"2025-10-31T07:55:10","slug":"vant-i-retten-grovt-krenkende","status":"publish","type":"post","link":"https:\/\/www.europesays.com\/no\/74661\/","title":{"rendered":"Vant i retten: &#8211; Grovt krenkende"},"content":{"rendered":"<p class=\"kicker \" style=\"\">Prins William og prinsesse Kate:<\/p>\n<p>  Det franske magasinet m\u00e5 betale dyrt for publiseringen av prinseparets private feriebilder.<\/p>\n<p>\n    T\u00d8FT \u00c5R: Prins William og prinsesse Kate har lagt et vanskelig \u00e5r bak seg. Foto: Splash News\/NTB\n  <\/p>\n<p>Tidligere i \u00e5r tilbrakte prins William (43) og prinsesse Kate (43) p\u00e5skeferien i Alpene, sammen med sine tre barn, prins George (12), prinsesse Charlotte (10) og prins Louis (7).<\/p>\n<p>    <a itemprop=\"url\" href=\"https:\/\/www.seher.no\/kongelig\/jernring-rundt-nytt-hjem\/83657896\" rel=\"nofollow noopener\" target=\"_blank\"><\/p>\n<p>      <img loading=\"lazy\" decoding=\"async\" src=\"https:\/\/www.europesays.com\/no\/wp-content\/uploads\/2025\/10\/1761897309_718_83477346.webp\" width=\"980\" height=\"441\" title=\"Jernring rundt Kate\" alt=\"\" class=\"lazyload\" style=\"--aspect-ratio-image: 2.22; \"\/><\/p>\n<p>        Jernring rundt Kate<\/p>\n<p>    <\/a><\/p>\n<p>Bildene publisert av <a href=\"https:\/\/pagesix.com\/2025\/04\/10\/royal-family\/prince-william-kate-middleton-and-kids-hit-the-slopes-on-fun-family-ski-vacation-in-the-french-alps\/\" rel=\"nofollow noopener\" target=\"_blank\">PageSix<\/a> fra slalom-paradiset, viste hele familien samlet og i full fart ned skibakkene.\u00a0Det franske magasinet <a href=\"https:\/\/www.parismatch.com\/Royal-Blog\/kate-and-william-their-secret-holiday-in-france-our-exclusive-pictures-249901\" rel=\"nofollow noopener\" target=\"_blank\">Paris Match<\/a> var blant mediene som publiserte bildene fra skiferien.\u00a0<\/p>\n<p class=\"font-weight-bold m-font-weight-bold\" data-lab-font_weight=\"font-weight-bold\">Sistnevnte m\u00e5 n\u00e5 punge ut for artikkelen etter at en fransk domstol slo fast at publiseringen var et brudd p\u00e5 familiens rett til privatliv.\u00a0<\/p>\n<p>        TAR TIL T\u00c5RENE: Prins William tar til t\u00e5rene under emosjonelt intervju. Video: BBC\/ R\u00f8d L\u00f8per<\/p>\n<p>Paret ble representert i Frankrike av Alain Toucas-Massillon, oppnevnt gjennom deres britiske advokater i firmaet Mishcon de Reya. I en uttalelse fra Kensington Palace sier en talsperson:<\/p>\n<p>&#8211; Deres Kongelige H\u00f8yheter prinsen og prinsessen av Wales har vunnet i rettssaken anlagt i Frankrike mot eieren av Paris Match, som publiserte en grovt krenkende artikkel og paparazzibilder fra deres private familieferie i Alpene i april.<\/p>\n<p>          <img loading=\"lazy\" decoding=\"async\" src=\"https:\/\/www.europesays.com\/no\/wp-content\/uploads\/2025\/10\/83791844.webp\" width=\"686\" height=\"645\" title=\"2016: William og Kate har tidligere tatt med s\u00f8skenflokken p\u00e5 skiferie. Her er familien, med unntak av yngstemann Louis, i de franske Alpene i 2016. Foto: Polaris\" alt=\"\" class=\"\" style=\"--aspect-ratio-image: 1.06; \"\/><\/p>\n<p>\n          2016: William og Kate har tidligere tatt med s\u00f8skenflokken p\u00e5 skiferie. Her er familien, med unntak av yngstemann Louis, i de franske Alpene i 2016. Foto: Polaris\n      <\/p>\n<p>Magasinet er n\u00e5 p\u00e5lagt \u00e5 publisere en rettslig melding som anerkjenner lovbruddet, med en bot p\u00e5 10 000 euro per utgave inntil de overholder kravene.\u00a0<\/p>\n<p>Paris Match har ogs\u00e5 blitt beordret til \u00e5 betale prins William og prinsesse Kates saksomkostninger i Frankrike. <\/p>\n<p>    <a itemprop=\"url\" href=\"https:\/\/www.seher.no\/kongelig\/rystet-av-nye-rykter\/83615128\" rel=\"nofollow noopener\" target=\"_blank\"><\/p>\n<p>      <img loading=\"lazy\" decoding=\"async\" src=\"https:\/\/www.europesays.com\/no\/wp-content\/uploads\/2025\/10\/83619351.webp\" width=\"980\" height=\"441\" title=\"Rystet av nye rykter\" alt=\"\" class=\"lazyload\" style=\"--aspect-ratio-image: 2.22; \"\/><\/p>\n<p>        Rystet av nye rykter<\/p>\n<p>    <\/a><\/p>\n<p> \u00abKjennelsen bekrefter at prinseparet og deres barn, til tross for deres offentlige plikter som medlemmer av kongefamilien, har rett til respekt for sitt privatliv og familietid, uten ulovlig innblanding og forstyrrelse\u00bb, skriver magasinet <a href=\"https:\/\/www.hellomagazine.com\/royalty\/864643\/kate-middleton-prince-william-win-legal-case-alps-holiday-photos\/\" rel=\"nofollow noopener\" target=\"_blank\">Hello!<\/a>.<\/p>\n<p>Se og H\u00f8r var ogs\u00e5 blant mediene som fikk tilbud om \u00e5 kj\u00f8pe bildene &#8211; de ble derimot verken kj\u00f8pt eller publisert.<\/p>\n<p>        Tirsdag 3. desember \u00f8nsket kong Charles av Storbritannia formelt emiren av Qatar velkommen til Buckingham Palace. I ettertid er det prinsesse Kate som har skapt overskrifter for sin hilsen. Video: AP. Reporter: Marte Nyl\u00f8kken Helseth \/ Dagbladet. <\/p>\n<p>Prinsen og hans bror prins Harry har tidligere v\u00e6rt \u00e5pen om hvordan det har v\u00e6rt \u00e5 vokse opp foran kameraene, og de har ogs\u00e5 v\u00e6rt tydelig p\u00e5 at de skal unng\u00e5 at det samme skjer med barna deres.\u00a0\u00a0<\/p>\n<p>&#8211; Jeg s\u00e5 det med foreldrene mine da jeg vokste opp. Og hvis du lar dem snike seg inn, er skaden det kan gj\u00f8re p\u00e5 familielivet noe jeg sverget at aldri ville skje med familien min. S\u00e5 jeg tar et veldig sterkt standpunkt om hvor jeg mener den grensen g\u00e5r, og de som overskrider den vil jeg kjempe mot, fortalte prins William i programmet The Reluctant Traveler tidligere denne m\u00e5neden, gjengitt av\u00a0 <a href=\"https:\/\/www.hellomagazine.com\/royalty\/864643\/kate-middleton-prince-william-win-legal-case-alps-holiday-photos\/\" rel=\"nofollow noopener\" target=\"_blank\">Hello!<\/a>.<\/p>\n","protected":false},"excerpt":{"rendered":"Prins William og prinsesse Kate: Det franske magasinet m\u00e5 betale dyrt for publiseringen av prinseparets private feriebilder. T\u00d8FT&hellip;\n","protected":false},"author":2,"featured_media":74662,"comment_status":"","ping_status":"","sticky":false,"template":"","format":"standard","meta":{"footnotes":""},"categories":[58],"tags":[71,479,2543,30,28,29,8391,8883,4636,8389,4387,72],"class_list":{"0":"post-74661","1":"post","2":"type-post","3":"status-publish","4":"format-standard","5":"has-post-thumbnail","7":"category-underholdning","8":"tag-entertainment","9":"tag-kjendis","10":"tag-kjendisdesken","11":"tag-no","12":"tag-norge","13":"tag-norway","14":"tag-prins-george","15":"tag-prins-louis","16":"tag-prins-william","17":"tag-prinsesse-charlotte","18":"tag-prinsesse-kate","19":"tag-underholdning"},"share_on_mastodon":{"url":"https:\/\/pubeurope.com\/@no\/115467709700045136","error":""},"_links":{"self":[{"href":"https:\/\/www.europesays.com\/no\/wp-json\/wp\/v2\/posts\/74661","targetHints":{"allow":["GET"]}}],"collection":[{"href":"https:\/\/www.europesays.com\/no\/wp-json\/wp\/v2\/posts"}],"about":[{"href":"https:\/\/www.europesays.com\/no\/wp-json\/wp\/v2\/types\/post"}],"author":[{"embeddable":true,"href":"https:\/\/www.europesays.com\/no\/wp-json\/wp\/v2\/users\/2"}],"replies":[{"embeddable":true,"href":"https:\/\/www.europesays.com\/no\/wp-json\/wp\/v2\/comments?post=74661"}],"version-history":[{"count":0,"href":"https:\/\/www.europesays.com\/no\/wp-json\/wp\/v2\/posts\/74661\/revisions"}],"wp:featuredmedia":[{"embeddable":true,"href":"https:\/\/www.europesays.com\/no\/wp-json\/wp\/v2\/media\/74662"}],"wp:attachment":[{"href":"https:\/\/www.europesays.com\/no\/wp-json\/wp\/v2\/media?parent=74661"}],"wp:term":[{"taxonomy":"category","embeddable":true,"href":"https:\/\/www.europesays.com\/no\/wp-json\/wp\/v2\/categories?post=74661"},{"taxonomy":"post_tag","embeddable":true,"href":"https:\/\/www.europesays.com\/no\/wp-json\/wp\/v2\/tags?post=74661"}],"curies":[{"name":"wp","href":"https:\/\/api.w.org\/{rel}","templated":true}]}}