{"id":74731,"date":"2025-10-31T09:22:09","date_gmt":"2025-10-31T09:22:09","guid":{"rendered":"https:\/\/www.europesays.com\/no\/74731\/"},"modified":"2025-10-31T09:22:09","modified_gmt":"2025-10-31T09:22:09","slug":"forde-norec-norec-direktor-gar-til-hogskulejobb","status":"publish","type":"post","link":"https:\/\/www.europesays.com\/no\/74731\/","title":{"rendered":"F\u00f8rde, Norec | Norec-direkt\u00f8r g\u00e5r til h\u00f8gskulejobb"},"content":{"rendered":"\n<p>Direkt\u00f8r for Norec, Jan Olav Baar\u00f8y, er tilsett som h\u00f8gskuledirekt\u00f8r ved H\u00f8gskulen i Volda (HVO).<\/p>\n<p>Norec (tidlegare Fredskorpset) er eit nasjonalt kompetansesenter for internasjonalt samarbeid. Norec har hovedkontor i F\u00f8rde, og er underlagt Utenriksdepartementet.<\/p>\n<p>Baar\u00f8y sitt jobbskifte vert meldt av H\u00f8gskulen i Volda sj\u00f8lv p\u00e5 sine <a href=\"https:\/\/www.hivolda.no\/nyhende\/jan-olav-baaroy-er-tilsett-som-ny-hogskuledirektor?fbclid=IwY2xjawNxRQRleHRuA2FlbQIxMQABHnPEHxLzORLc1rI6oP1N_OZAkfyUPKxUC4LrbVa9W_oJLtCQirl5Pt_4e6GP_aem_EBNztt0hMO96rezvlTqx2Q\" rel=\"Follow nofollow noopener\" target=\"_blank\">nettsider,<\/a> samstundes som Baar\u00f8y sj\u00f8lv melde om jobbytet p\u00e5 Facebook fredag morgon.<\/p>\n<p>Eksakt oppstartsdato i ny jobb er ikkje klar enno.<\/p>\n<p>\u2013 Eg gler meg stort til \u00e5 ta fatt p\u00e5 oppg\u00e5va i ein institusjon som spelar ei s\u00e5 viktig rolle for utdanning og utvikling p\u00e5 Vestlandet, skriv Baar\u00f8y.<\/p>\n<p>Samstundes understrekar han at det er vemodig at tida i Norec g\u00e5r mot slutten.<\/p>\n<p>Baar\u00f8y er 54 \u00e5r, og flytta til F\u00f8rde for direkt\u00f8rjobben i Norec i 2018. Han har lang og brei leiarerfaring innan blant anna strategi- og organisasjonsutvikling, digitalisering og internasjonalt samarbeid.<\/p>\n<p><b>Firda kjem tilbake med meir.<\/b><\/p>\n<p>  <a href=\"https:\/\/www.firda.no\/5-15-1901378\" class=\"related-teaser has-image default-story-teaser article--c-eRUmMG article--c-eRUmMG-jKCPdD-design-default\" rel=\"nofollow noopener\" target=\"_blank\"><\/p>\n<p>    <img decoding=\"async\" loading=\"lazy\"  src=\"https:\/\/www.europesays.com\/no\/wp-content\/uploads\/2025\/10\/3Q7A5952.jpg\" alt=\"\" class=\"brick-c-cFOWSL\" style=\"\"\/><\/p>\n<p>\n            Les ogs\u00e5<\/p>\n<p>              Jan Olav Baar\u00f8y l\u00e5ner gjerne vekk tilsette. Men han vil ha dei tilbake\n        <\/p>\n<p>  <\/a><\/p>\n<p>  <a href=\"https:\/\/www.firda.no\/5-15-1715976\" class=\"related-teaser has-image default-feature-teaser article--c-eRUmMG article--c-eRUmMG-jKCPdD-design-default\" rel=\"nofollow noopener\" target=\"_blank\"><\/p>\n<p>    <img decoding=\"async\" loading=\"lazy\"  src=\"https:\/\/www.europesays.com\/no\/wp-content\/uploads\/2025\/10\/3Q7A4542.jpg\" alt=\"\" class=\"brick-c-cFOWSL\" style=\"\"\/><\/p>\n<p>\n            Les ogs\u00e5<\/p>\n<p>              Barna er f\u00f8dd i fire land p\u00e5 tre kontinent. Etter kvart vart F\u00f8rde heime\n        <\/p>\n<p>  <\/a><\/p>\n","protected":false},"excerpt":{"rendered":"Direkt\u00f8r for Norec, Jan Olav Baar\u00f8y, er tilsett som h\u00f8gskuledirekt\u00f8r ved H\u00f8gskulen i Volda (HVO). Norec (tidlegare Fredskorpset)&hellip;\n","protected":false},"author":2,"featured_media":74732,"comment_status":"","ping_status":"","sticky":false,"template":"","format":"standard","meta":{"footnotes":""},"categories":[10],"tags":[465,36,20,21,24,25,3687,15,416,22,23,13,30,10340,28,29,14,16,1510,26,27],"class_list":{"0":"post-74731","1":"post","2":"type-post","3":"status-publish","4":"format-standard","5":"has-post-thumbnail","7":"category-norge","8":"tag-arbeidsliv","9":"tag-art","10":"tag-breaking-news","11":"tag-breakingnews","12":"tag-featured-news","13":"tag-featurednews","14":"tag-forde","15":"tag-headlines","16":"tag-jobb","17":"tag-latest-news","18":"tag-latestnews","19":"tag-news","20":"tag-no","21":"tag-norec","22":"tag-norge","23":"tag-norway","24":"tag-nyheter","25":"tag-overskrifter","26":"tag-story","27":"tag-top-stories","28":"tag-topstories"},"share_on_mastodon":{"url":"https:\/\/pubeurope.com\/@no\/115468051646244170","error":""},"_links":{"self":[{"href":"https:\/\/www.europesays.com\/no\/wp-json\/wp\/v2\/posts\/74731","targetHints":{"allow":["GET"]}}],"collection":[{"href":"https:\/\/www.europesays.com\/no\/wp-json\/wp\/v2\/posts"}],"about":[{"href":"https:\/\/www.europesays.com\/no\/wp-json\/wp\/v2\/types\/post"}],"author":[{"embeddable":true,"href":"https:\/\/www.europesays.com\/no\/wp-json\/wp\/v2\/users\/2"}],"replies":[{"embeddable":true,"href":"https:\/\/www.europesays.com\/no\/wp-json\/wp\/v2\/comments?post=74731"}],"version-history":[{"count":0,"href":"https:\/\/www.europesays.com\/no\/wp-json\/wp\/v2\/posts\/74731\/revisions"}],"wp:featuredmedia":[{"embeddable":true,"href":"https:\/\/www.europesays.com\/no\/wp-json\/wp\/v2\/media\/74732"}],"wp:attachment":[{"href":"https:\/\/www.europesays.com\/no\/wp-json\/wp\/v2\/media?parent=74731"}],"wp:term":[{"taxonomy":"category","embeddable":true,"href":"https:\/\/www.europesays.com\/no\/wp-json\/wp\/v2\/categories?post=74731"},{"taxonomy":"post_tag","embeddable":true,"href":"https:\/\/www.europesays.com\/no\/wp-json\/wp\/v2\/tags?post=74731"}],"curies":[{"name":"wp","href":"https:\/\/api.w.org\/{rel}","templated":true}]}}