{"id":74800,"date":"2025-10-31T10:41:10","date_gmt":"2025-10-31T10:41:10","guid":{"rendered":"https:\/\/www.europesays.com\/no\/74800\/"},"modified":"2025-10-31T10:41:10","modified_gmt":"2025-10-31T10:41:10","slug":"manglende-empati-med-offer","status":"publish","type":"post","link":"https:\/\/www.europesays.com\/no\/74800\/","title":{"rendered":"\u2013 Manglende empati med offer"},"content":{"rendered":"\n<ul class=\"_list_o9xde_3 _list_64s2r_85 _unordered_o9xde_106 text-sans-m\">\n<li class=\"_item_o9xde_30\">Aktor Kaia Strandjord ber om 12 \u00e5rs fengsel for mannen som er tiltalt for \u00e5 ha drept Linea Bj\u00f8rnnes. <\/li>\n<li class=\"_item_o9xde_30\">Rettssakkyndige finner ingen tegn p\u00e5 alvorlig sinnslidelse hos mannen.<\/li>\n<li class=\"_item_o9xde_30\">Tiltalte hevder han ikke \u00f8nsket \u00e5 ta livet av Linea.<\/li>\n<\/ul>\n<p>Vis mer <\/p>\n<p class=\"_paragraph_o9xde_4 _paragraph_xtcu6_10 layout-component text-serif-m layout-normal text-serif-m layout-padded\">En 35 \u00e5r gammel mann m\u00f8tte denne uken i Tr\u00f8ndelag tingrett, tiltalt for drapet p\u00e5 Linea Bj\u00f8rnnes (20). Han nekter straffskyld. <\/p>\n<p class=\"_paragraph_o9xde_4 _paragraph_xtcu6_10 layout-component text-serif-m layout-normal text-serif-m layout-padded\">Under rettens siste dag kom aktoraktor I norsk rett betegnelse p\u00e5 p\u00e5talemyndighetens representant i en straffesak n\u00e5r den behandles for retten. Kaia Strandjord med sin p\u00e5stand. Hun ber om 12 \u00e5rs fengsel for den tiltalte.<\/p>\n<p class=\"_paragraph_o9xde_4 _paragraph_xtcu6_10 layout-component text-serif-m layout-normal text-serif-m layout-padded\">For \u00e5 bli d\u00f8mt for drap m\u00e5 gjerningspersonen ha handlet med forsett, alts\u00e5 at den tiltalte har gjort det med hensikt.<\/p>\n<p class=\"_paragraph_o9xde_4 _paragraph_xtcu6_10 layout-component text-serif-m layout-normal text-serif-m layout-padded\">\u2013 Det er ikke krav til planlegging, men at han har gjort dette med viten og vilje, sa aktor og understreket at mannen har fortalt at han holdt h\u00e5nden sin over munnen til Linea og tok et skjerf mellom tennene hennes og dopapir i munnen hennes.<\/p>\n<p><img alt=\"Linea Bj\u00f8rnnes.   Foto: Privat\" class=\"_image_qp4xg_65 layout-component layout-normal\" data-fullscreen- data-track-element-type=\"Article image fullscreen\" data-track-name=\"ImageFullscreen\" decoding=\"async\" loading=\"lazy\" height=\"986\" itemprop=\"image\"  src=\"https:\/\/www.europesays.com\/no\/wp-content\/uploads\/2025\/10\/f481abed-47f7-493d-b056-998ab5ace9ed\"  style=\"object-position:0% 0%\" width=\"992\"\/>Linea Bj\u00f8rnnes.   Foto: Privat<\/p>\n<p class=\"_paragraph_o9xde_4 _paragraph_xtcu6_10 layout-component text-serif-m layout-normal text-serif-m layout-padded\">\u2013 Du vet at du dreper en person, du vet at du stenger igjen pusteorgane.<\/p>\n<p class=\"_paragraph_o9xde_4 _paragraph_xtcu6_10 layout-component text-serif-m layout-normal text-serif-m layout-padded\">\u2013 Jeg mener han kan d\u00f8mmes for \u00e5 ha foretatt drapet med h\u00f8y grad av forsett, sa aktor videre.<\/p>\n<p class=\"_paragraph_o9xde_4 _paragraph_xtcu6_10 layout-component text-serif-m layout-normal text-serif-m layout-padded\">Mannens forsvarer, Kjell Myrland, fortalte i sin prosedyre at mannen ikke hadde til hensikt \u00e5 drepe Linea.<\/p>\n<p class=\"_paragraph_o9xde_4 _paragraph_xtcu6_10 layout-component text-serif-m layout-normal text-serif-m layout-padded\">\u2013 Han hadde ikke p\u00e5 noen m\u00e5te \u00f8nske om \u00e5 drepe Linea. Retten m\u00e5 foreta en bevisbed\u00f8mmelse, men bakteppet er at han var veldig glad i Linea, sa Myrland. <\/p>\n<p class=\"_paragraph_o9xde_4 _paragraph_xtcu6_10 layout-component text-serif-m layout-normal text-serif-m layout-padded\">\u2013 Slik han har forklart, har han v\u00e6rt bevisst p\u00e5 at han ikke ville sperre luftveien til Linea. Han var bevisst p\u00e5 at hun kunne puste gjennom nesen, fortalte han videre. <\/p>\n<p class=\"_paragraph_o9xde_4 _paragraph_xtcu6_10 layout-component text-serif-m layout-normal text-serif-m layout-padded\">Forsvareren la ned p\u00e5stand om at den tiltalte m\u00e5 anses p\u00e5 mildeste m\u00e5te.<\/p>\n<p><img decoding=\"async\" alt=\"Bilde av Kjell Myrland\" class=\"_image_ygndg_42\" height=\"27\" itemprop=\"image\" loading=\"lazy\"  src=\"https:\/\/www.europesays.com\/no\/wp-content\/uploads\/2025\/10\/1761907268_868_a16cea18-4b13-4f4e-a2af-67bb30615c09\"  width=\"40\"\/><strong class=\"_name_ygndg_51 title-serif-xs\">Kjell Myrland<\/strong><\/p>\n<p class=\"_paragraph_o9xde_4 text-sans-m _description_ygndg_56\">Mannens forsvarer<\/p>\n<p class=\"_paragraph_o9xde_4 _paragraph_xtcu6_10 layout-component text-serif-m layout-normal text-serif-m layout-padded\">Foreldrenes bistandsadvokat, Gunhild Oftedal, sa under sin prosedyre fredag at drapet p\u00e5 Linea har f\u00e5tt store konsekvenser for familien.<\/p>\n<p><img decoding=\"async\" alt=\"Bilde av Gunhild Oftedal\" class=\"_image_ygndg_42\" height=\"27\" itemprop=\"image\" loading=\"lazy\"  src=\"https:\/\/www.europesays.com\/no\/wp-content\/uploads\/2025\/10\/4cd0f7bd-c049-4133-826b-8c9e08fb3df8\"  width=\"40\"\/><strong class=\"_name_ygndg_51 title-serif-xs\">Gunhild Oftedal<\/strong><\/p>\n<p class=\"_paragraph_o9xde_4 text-sans-m _description_ygndg_56\">Foreldrenes bistandsadvokat<\/p>\n<p class=\"_paragraph_o9xde_4 _paragraph_xtcu6_10 layout-component text-serif-m layout-normal text-serif-m layout-padded\">Fredag la ogs\u00e5 sjefpsykolog K\u00e5re Nonstad og psykiater Solveig Kl\u00e6bo Reitan frem sin rettspsykiatriske erkl\u00e6ring av den tiltalte. <\/p>\n<p class=\"_paragraph_o9xde_4 _paragraph_xtcu6_10 layout-component text-serif-m layout-normal text-serif-m layout-padded\">Den gj\u00f8res for \u00e5 vurdere om en person er tilregneligtilregneligDen som ikke er strafferettslig tilregnelig, har ikke skyldevne, som er en grunnleggende forutsetning for straffeansvar og straff.. De har ikke funnet noen symptomer p\u00e5 alvorlig sinnslidelsealvorlig sinnslidelseBegrepet omfatter hovedsakelig psykotiske tilstander. . <\/p>\n<p><img alt=\"Sjefpsykolog K\u00e5re Nonstad i retten fredag.  Foto: Emma Fondenes \u00d8vreb\u00f8 \/ VG\" class=\"_image_qp4xg_65 layout-component layout-normal\" data-fullscreen- data-track-element-type=\"Article image fullscreen\" data-track-name=\"ImageFullscreen\" decoding=\"async\" loading=\"lazy\" height=\"3630\" itemprop=\"image\"  src=\"https:\/\/www.europesays.com\/no\/wp-content\/uploads\/2025\/10\/62ed68d4-cec6-49de-b797-a8489183fa27\"  style=\"object-position:0% 0%\" width=\"4527\"\/>Sjefpsykolog K\u00e5re Nonstad i retten fredag.  Foto: Emma Fondenes \u00d8vreb\u00f8 \/ VG<\/p>\n<p class=\"_paragraph_o9xde_4 _paragraph_xtcu6_10 layout-component text-serif-m layout-normal text-serif-m layout-padded\">\u2013 Det er ikke p\u00e5vist aktiv psykotisk virkelighetsbrist i perioden like f\u00f8r, under og etter p\u00e5klagde handlinger som var desember 2024, fortalte Nonstad fra vitneboksen. <\/p>\n<p class=\"_paragraph_o9xde_4 _paragraph_xtcu6_10 layout-component text-serif-m layout-normal text-serif-m layout-padded\">\u2013 Rustilstand, ja. PsykosetilstandPsykosetilstandPsykoselidelser er en sammensatt gruppe psykiske lidelser kjennetegnet ved psykose, som er en alvorlig forstyrret virkelighetsoppfatning eller en forvirringstilstand. , nei, sa sjefpsykologen videre. <\/p>\n<p><img alt=\"Sjefpsykolog K\u00e5re Nonstad og psykiater Solveig Kl\u00e6bo Reitan.  Foto: Emma Fondenes \u00d8vreb\u00f8 \/ VG\" class=\"_image_qp4xg_65 layout-component layout-normal\" data-fullscreen- data-track-element-type=\"Article image fullscreen\" data-track-name=\"ImageFullscreen\" decoding=\"async\" loading=\"lazy\" height=\"4480\" itemprop=\"image\"  src=\"https:\/\/www.europesays.com\/no\/wp-content\/uploads\/2025\/10\/7f02d242-9444-48e5-a9fd-9e360241e591\"  style=\"object-position:0% 0%\" width=\"6720\"\/>Sjefpsykolog K\u00e5re Nonstad og psykiater Solveig Kl\u00e6bo Reitan.  Foto: Emma Fondenes \u00d8vreb\u00f8 \/ VG<\/p>\n<p class=\"_paragraph_o9xde_4 _paragraph_xtcu6_10 layout-component text-serif-m layout-normal text-serif-m layout-padded\">Nonstad beskriver perioden fra desember 2024 til juni 2025 som preget av det han oppfatter som en p\u00e5fallende egosentrisitetegosentrisitetEgosentrisitet betyr selvopptatthet eller det \u00e5 v\u00e6re egosentrisk. hos den drapstiltalte mannen: <\/p>\n<p class=\"_paragraph_o9xde_4 _paragraph_xtcu6_10 layout-component text-serif-m layout-normal text-serif-m layout-padded\">\u2013 Manglende empati med offer og familie, fokus p\u00e5 eget velv\u00e6re og fors\u00f8k opp \u00e5 unng\u00e5 ubehag og manglende reell skyldf\u00f8lelse. Han har ogs\u00e5 n\u00e6rmest skrytt i \u00e5 fortelle hva han er siktet for til medpasienter. <\/p>\n<p class=\"_paragraph_o9xde_4 _paragraph_xtcu6_10 layout-component text-serif-m layout-normal text-serif-m layout-padded\">De forteller at han flere ganger tidligere har v\u00e6rt psykotisk, og fikk antipsykotisk behandling frem til i fjor sommer.<\/p>\n<ul class=\"_list_o9xde_3 _list_xtcu6_9 _unordered_o9xde_106 layout-component text-serif-m layout-normal text-serif-m layout-padded\">\n<li class=\"_item_o9xde_30\"><strong class=\"_strong_o9xde_25\">Les del 1 av Lineas historie <a href=\"https:\/\/www.vg.no\/nyheter\/i\/wg7ryP\/da-linea-19-slipper-ut-av-fengsel-skal-hun-for-foerste-gang-bo-for-seg-selv-hvordan-skal-hun-komme-til-hektene-i-blokka-i-stjoerdal\" data-track-element-type=\"Link\" data-track-id=\"link:wg7ryP\" class=\"_link_o9xde_39\" rel=\"nofollow noopener\" target=\"_blank\">her<\/a><\/strong><\/li>\n<\/ul>\n<p class=\"_paragraph_o9xde_4 _paragraph_xtcu6_10 layout-component text-serif-m layout-normal text-serif-m layout-padded\">Linea ble funnet livl\u00f8s p\u00e5 gulvet i sitt eget hjem p\u00e5 Hegra i <a href=\"https:\/\/www.vg.no\/tag\/stjoerdal?utm_source=vg-article&amp;utm_medium=auto-tagger&amp;utm_campaign=8q3yyG\" class=\"_link_o9xde_39\" rel=\"nofollow noopener\" target=\"_blank\">Stj\u00f8rdal<\/a> 17. desember i fjor, og ble erkl\u00e6rt d\u00f8d dagen etterp\u00e5.<\/p>\n<p class=\"_paragraph_o9xde_4 _paragraph_xtcu6_10 layout-component text-serif-m layout-normal text-serif-m layout-padded\">If\u00f8lge \u00d8ystein St\u00f8rkersen og Tina Syvertsen Overrein, som er spesialister i patologi, antas d\u00f8ds\u00e5rsaken antas \u00e5 v\u00e6re oksygenmangelskade til hjernen.<\/p>\n<p class=\"_paragraph_o9xde_4 _paragraph_xtcu6_10 layout-component text-serif-m layout-normal text-serif-m layout-padded\">Det ble p\u00e5vist amfetamin i Lineas blod. De fortalte at det samlet sett er<strong class=\"_strong_o9xde_25\"> <\/strong>mindre<strong class=\"_strong_o9xde_25\"> <\/strong>sannsynlig<strong class=\"_strong_o9xde_25\"> <\/strong>at<strong class=\"_strong_o9xde_25\"> <\/strong>det<strong class=\"_strong_o9xde_25\"> <\/strong>er<strong class=\"_strong_o9xde_25\"> <\/strong>amfetamin<strong class=\"_strong_o9xde_25\"> <\/strong>som<strong class=\"_strong_o9xde_25\"> <\/strong>ligger<strong class=\"_strong_o9xde_25\"> <\/strong>bak<strong class=\"_strong_o9xde_25\"> <\/strong>d\u00f8dsfallet.<\/p>\n<p class=\"_paragraph_o9xde_4 _paragraph_xtcu6_10 layout-component text-serif-m layout-normal text-serif-m layout-padded\">\u2013 Det er ikke hennes egen skyld at hun har tatt for mye amfetamin. Det har ikke noen sammenheng med d\u00f8ds\u00e5rsaken, sa aktor fredag. <\/p>\n<p class=\"_paragraph_o9xde_4 _paragraph_xtcu6_10 layout-component text-serif-m layout-normal text-serif-m layout-padded\">Fra vitneboksen tirsdag forklarte mannen at han tok tak i et skjerf, tvinnet det og holdt det mellom tennene til Linea. Deretter tok han dopapir i munnen hennes, som han etter hvert fjernet og tente p\u00e5. <\/p>\n<p><img alt=\"Den drapstiltalte mannen i tingretten tirsdag. Han har selv sagt ja \u00e5 bli fotografert anonymt.   Foto: Emma Fondenes \u00d8vreb\u00f8 \/ VG\" class=\"_image_qp4xg_65 layout-component layout-normal\" data-fullscreen- data-track-element-type=\"Article image fullscreen\" data-track-name=\"ImageFullscreen\" decoding=\"async\" loading=\"lazy\" height=\"4500\" itemprop=\"image\"  src=\"https:\/\/www.europesays.com\/no\/wp-content\/uploads\/2025\/10\/3e1ed66a-ea5e-4008-bf64-4723edeedb9d\"  style=\"object-position:0% 0%\" width=\"5919\"\/>Den drapstiltalte mannen i tingretten tirsdag. Han har selv sagt ja \u00e5 bli fotografert anonymt.   Foto: Emma Fondenes \u00d8vreb\u00f8 \/ VG<\/p>\n<p class=\"_paragraph_o9xde_4 _paragraph_xtcu6_10 layout-component text-serif-m layout-normal text-serif-m layout-padded\">Forsvarer Myrland spurte om han \u00f8nsket \u00e5 ta livet av Linea.<\/p>\n<p class=\"_paragraph_o9xde_4 _paragraph_xtcu6_10 layout-component text-serif-m layout-normal text-serif-m layout-padded\">\u2013 Overhodet ikke, svarte den tiltalte mannen.<\/p>\n<p class=\"_paragraph_o9xde_4 _paragraph_xtcu6_10 layout-component text-serif-m layout-normal text-serif-m layout-padded\">\u2013 Tenker du at du kan ha for\u00e5rsaket d\u00f8den hennes? <\/p>\n<p class=\"_paragraph_o9xde_4 _paragraph_xtcu6_10 layout-component text-serif-m layout-normal text-serif-m layout-padded\">\u2013 Ikke isolert sett. <\/p>\n<p><img alt=\"Politiet rykket ut til Hegra 17. desember i fjor. Her fra natt til 18. desember.   Foto: Joakim Halvorsen \/ NTB\" class=\"_image_qp4xg_65 layout-component layout-normal\" data-fullscreen- data-track-element-type=\"Article image fullscreen\" data-track-name=\"ImageFullscreen\" decoding=\"async\" loading=\"lazy\" height=\"2297\" itemprop=\"image\"  src=\"https:\/\/www.europesays.com\/no\/wp-content\/uploads\/2025\/10\/1761907270_410_a9f71074-c9f7-4f95-9b6e-d533fece9bb6\"  style=\"object-position:0% 0%\" width=\"3427\"\/>Politiet rykket ut til Hegra 17. desember i fjor. Her fra natt til 18. desember.   Foto: Joakim Halvorsen \/ NTB<\/p>\n<p class=\"_paragraph_o9xde_4 _paragraph_xtcu6_10 layout-component text-serif-m layout-normal text-serif-m layout-padded\">Den tiltalte mannen og Linea bodde vegg i vegg i en kommunal blokk i Yrkesvegen i Stj\u00f8rdal h\u00f8sten 2023. <\/p>\n<p class=\"_paragraph_o9xde_4 _paragraph_xtcu6_10 layout-component text-serif-m layout-normal text-serif-m layout-padded\">Mannen har tidligere hatt flere bes\u00f8ksforbud mot Linea \u2013 ogs\u00e5 da de bodde i samme blokk. Han er tidligere siktet for trusler, vold og mishandling av henne. <\/p>\n<p class=\"_paragraph_o9xde_4 _paragraph_xtcu6_10 layout-component text-serif-m layout-normal text-serif-m layout-padded\">Straffesakene ble henlagt p\u00e5 grunn av tvil om tilregnelighet.<\/p>\n<p class=\"_paragraph_o9xde_4 _paragraph_xtcu6_10 layout-component text-serif-m layout-normal text-serif-m layout-padded\">\u2013 Han forholder seg absolutt ikke til bes\u00f8ksforbud og p\u00e5legg fra politiet, oppf\u00f8rer seg n\u00e6rmest som om han ikke skj\u00f8nner hva dette inneb\u00e6rer og er hevet over slike bestemmelser, og har en oppfatning av at forn\u00e6rmede trenger og \u00f8nsker han der, fortalte sjefpsykolog Nonstad fra vitneboksen. <\/p>\n<p class=\"_paragraph_o9xde_4 _paragraph_xtcu6_10 layout-component text-serif-m layout-normal text-serif-m layout-padded\">Onsdag ble det i retten spilt av et lydopptak av den tiltalte mannen fra kvelden Linea ble funnet livl\u00f8s. Opptaket er gjort av politiet.<\/p>\n<p class=\"_paragraph_o9xde_4 _paragraph_xtcu6_10 layout-component text-serif-m layout-normal text-serif-m layout-padded\">\u2013 Jeg gikk langt over streken, jeg mistet kontrollen, sa mannen til politiet.<\/p>\n<p class=\"_paragraph_o9xde_4 _paragraph_xtcu6_10 layout-component text-serif-m layout-normal text-serif-m layout-padded\">Ogs\u00e5 dette viste aktor til i sin prosedyre fredag. <\/p>\n<p class=\"_paragraph_o9xde_4 _paragraph_xtcu6_10 layout-component text-serif-m layout-normal text-serif-m layout-padded\"><strong class=\"_strong_o9xde_25\">Se intervju med Lineas mor her:<\/strong><\/p>\n","protected":false},"excerpt":{"rendered":"Aktor Kaia Strandjord ber om 12 \u00e5rs fengsel for mannen som er tiltalt for \u00e5 ha drept Linea&hellip;\n","protected":false},"author":2,"featured_media":74801,"comment_status":"","ping_status":"","sticky":false,"template":"","format":"standard","meta":{"footnotes":""},"categories":[5],"tags":[20,21,377,24,25,15,19,22,23,17,18,13,30,28,29,14,16,756,26,27,46],"class_list":{"0":"post-74800","1":"post","2":"type-post","3":"status-publish","4":"format-standard","5":"has-post-thumbnail","7":"category-overskrifter","8":"tag-breaking-news","9":"tag-breakingnews","10":"tag-drap","11":"tag-featured-news","12":"tag-featurednews","13":"tag-headlines","14":"tag-hovedoppslag","15":"tag-latest-news","16":"tag-latestnews","17":"tag-main-news","18":"tag-mainnews","19":"tag-news","20":"tag-no","21":"tag-norge","22":"tag-norway","23":"tag-nyheter","24":"tag-overskrifter","25":"tag-stjordal","26":"tag-top-stories","27":"tag-topstories","28":"tag-vgai"},"share_on_mastodon":{"url":"https:\/\/pubeurope.com\/@no\/115468362414759891","error":""},"_links":{"self":[{"href":"https:\/\/www.europesays.com\/no\/wp-json\/wp\/v2\/posts\/74800","targetHints":{"allow":["GET"]}}],"collection":[{"href":"https:\/\/www.europesays.com\/no\/wp-json\/wp\/v2\/posts"}],"about":[{"href":"https:\/\/www.europesays.com\/no\/wp-json\/wp\/v2\/types\/post"}],"author":[{"embeddable":true,"href":"https:\/\/www.europesays.com\/no\/wp-json\/wp\/v2\/users\/2"}],"replies":[{"embeddable":true,"href":"https:\/\/www.europesays.com\/no\/wp-json\/wp\/v2\/comments?post=74800"}],"version-history":[{"count":0,"href":"https:\/\/www.europesays.com\/no\/wp-json\/wp\/v2\/posts\/74800\/revisions"}],"wp:featuredmedia":[{"embeddable":true,"href":"https:\/\/www.europesays.com\/no\/wp-json\/wp\/v2\/media\/74801"}],"wp:attachment":[{"href":"https:\/\/www.europesays.com\/no\/wp-json\/wp\/v2\/media?parent=74800"}],"wp:term":[{"taxonomy":"category","embeddable":true,"href":"https:\/\/www.europesays.com\/no\/wp-json\/wp\/v2\/categories?post=74800"},{"taxonomy":"post_tag","embeddable":true,"href":"https:\/\/www.europesays.com\/no\/wp-json\/wp\/v2\/tags?post=74800"}],"curies":[{"name":"wp","href":"https:\/\/api.w.org\/{rel}","templated":true}]}}