{"id":74825,"date":"2025-10-31T11:16:50","date_gmt":"2025-10-31T11:16:50","guid":{"rendered":"https:\/\/www.europesays.com\/no\/74825\/"},"modified":"2025-10-31T11:16:50","modified_gmt":"2025-10-31T11:16:50","slug":"god-morgen-nationen-morgenrapport-traktorforer-tiltalt-for-uaktsomt-drap","status":"publish","type":"post","link":"https:\/\/www.europesays.com\/no\/74825\/","title":{"rendered":"God Morgen, Nationen!, Morgenrapport | Traktorf\u00f8rer tiltalt for uaktsomt drap"},"content":{"rendered":"\n<p>Morn&#8217;, kj\u00e6re Nationen-leser!<\/p>\n<p>Tommy (46) <a href=\"https:\/\/www.nationen.no\/utvider-siktelse-mot-traktorforer-etter-dodsulykke\/s\/5-148-612151\" rel=\"Follow nofollow noopener\" target=\"_blank\">omkom i mars i fjor<\/a> da varebilen han kj\u00f8rte kolliderte med hengeren i en slak h\u00f8yrekurve. Saken startet <a href=\"https:\/\/www.nationen.no\/tommy-46-omkom-da-henger-losnet-fra-traktor-na-ma-sjaforen-svare-for-uaktsomt-drap\/s\/5-148-814363\" rel=\"Follow nofollow noopener\" target=\"_blank\">onsdag i Nord-Troms tingrett p\u00e5 Finnsnes<\/a>. Traktorf\u00f8reren har forklart hvordan han umiddelbart etter ulykken fikk flyttet hengeren unna og ved hjelp av traktor og stropper frigjort f\u00f8reren.<\/p>\n<p>Nationen har v\u00e6rt ute \u00e5 bes\u00f8kt <a href=\"https:\/\/www.nationen.no\/statnett-planlegger-hoyspentlinje-mellom-bamble-i-telemark-og-tonsberg-i-vestfold-kan-ramme-livsverket-til-agnar-og-anne-elisabeth\/f\/5-148-812360\" rel=\"Follow nofollow noopener\" target=\"_blank\">b\u00f8ndene Agnar og Anne Elisabeth som kjemper for livsverket<\/a>. De har levert plettfri melk i flere ti\u00e5r fra g\u00e5rden sin i Vestfold. N\u00e5 frykter de planer om ei kraftlinje tvers gjennom g\u00e5rden vil stanse videre drift.<\/p>\n<p>  <a href=\"https:\/\/www.nationen.no\/5-148-812360\" class=\"related-teaser has-image default-feature-teaser article--c-eRUmMG article--c-eRUmMG-jKCPdD-design-default\" rel=\"nofollow noopener\" target=\"_blank\"><\/p>\n<p>    <img decoding=\"async\" loading=\"lazy\"  src=\"https:\/\/www.europesays.com\/no\/wp-content\/uploads\/2025\/10\/DSC02877+%281%29.jpg\" alt=\"\" class=\"brick-c-cFOWSL\" style=\"\"\/><\/p>\n<p>\n            Les ogs\u00e5<\/p>\n<p>              Agnar og Anne Elisabeth kjemper for livsverket \u2013 frykter \u00e5 f\u00e5 kraftlinje over taket\n        <\/p>\n<p>  <\/a><\/p>\n<p><b>Tollfritak p\u00e5 h\u00f8nseegg og heleggmasse forlenges til midten av desember.<\/b><\/p>\n<p>  <a href=\"https:\/\/www.nationen.no\/5-148-814032\" class=\"related-teaser has-image default-story-teaser article--c-eRUmMG article--c-eRUmMG-jKCPdD-design-default\" rel=\"nofollow noopener\" target=\"_blank\"><\/p>\n<p>    <img decoding=\"async\" loading=\"lazy\"  src=\"https:\/\/www.europesays.com\/no\/wp-content\/uploads\/2025\/10\/NTB_NFfsg84Qmt8_1.jpg\" alt=\"\" class=\"brick-c-cFOWSL\" style=\"\"\/><\/p>\n<p>\n            Les ogs\u00e5<\/p>\n<p>              Utvider tollfritak p\u00e5 egg til midten av desember\n        <\/p>\n<p>  <\/a><\/p>\n<p>Dette er nattens viktigste nyheter:<\/p>\n<p><b>Trusselhendelse i Sykkylven: <\/b>En person er p\u00e5grepet etter en trusselsituasjon i Sykkylven, og Kripos bist\u00e5r politiet med \u00e5stedsunders\u00f8kelsen.<\/p>\n<p><b>USA-professor vil endre norsk skatt: <\/b>En professor fra University of Chicago foresl\u00e5r \u00e5 fjerne eierbeskatningen ved \u00e5 kutte n\u00e6ringslivssubsidier og fjerne det \u00f8verste niv\u00e5et i inntektsskatten.<\/p>\n<p><b>YS-lederen kritiserer helsetoppenes l\u00f8nninger:<\/b> YS-leder Hans-Erik Skj\u00e6ggerud kritiserer h\u00f8ye lederl\u00f8nninger i helsevesenet, og mener det f\u00f8rer til byr\u00e5kratisering og mangel p\u00e5 ressurser i f\u00f8rstelinjen.<\/p>\n<p><b>\u00abBuy European\u00bb truer Norge:<\/b> <a href=\"https:\/\/www.nationen.no\/uro-i-nho-for-eus-nye-mantra-kjop-europeisk\/s\/5-148-814381\" rel=\"Follow nofollow noopener\" target=\"_blank\">Forskere og NHO frykter at EUs \u00f8kende fokus p\u00e5 \u00abBuy European\u00bb kan skvise norske bedrifter ut av anbud og st\u00f8tte, til tross for E\u00d8S-avtalen<\/a>.<\/p>\n<p><b>Fagforbundet og R\u00f8dt vil begrense bemanningsbyr\u00e5er:<\/b> Fagforbundet og R\u00f8dt g\u00e5r sammen for \u00e5 fjerne unntaksregelen som tillater utstrakt bruk av bemanningsbyr\u00e5er i helse- og omsorgssektoren.<\/p>\n<p><b>Nedgang i vegetarsalg:<\/b> <a href=\"https:\/\/www.nationen.no\/stadig-farre-vegetarprodukter-i-norske-butikker\/s\/5-148-814369\" rel=\"Follow nofollow noopener\" target=\"_blank\">Salget av vegetarprodukter g\u00e5r n\u00e5 nedover i norske butikker, og butikkjedene reduserer utvalget etter flere \u00e5r med vekst. <\/a><\/p>\n<p><b>Forsvarsmateriell brukte utstyrsbudsjett p\u00e5 konsulenter:<\/b> Forsvarsmateriell har brukt over tre milliarder kroner fra utstyrsbudsjettet p\u00e5 konsulenter og coaching siden 2020.<\/p>\n<p><b>Avskoging i Amazonas faller:<\/b> Avskogingen i den brasilianske delen av Amazonas har falt for fjerde \u00e5r p\u00e5 rad, med en reduksjon p\u00e5 11 prosent det siste \u00e5ret.<\/p>\n<p><b>Asheim st\u00f8tter S\u00f8reide som H\u00f8yre-leder:<\/b> H\u00f8yres nestleder Henrik Asheim sier han vil st\u00f8tte Ine Eriksen S\u00f8reide som partileder dersom hun stiller.<\/p>\n<p>Har du f\u00e5tt med deg disse Nationen-sakene p\u00e5 morgenen?<\/p>\n<p><b>Liv Karin og Olav har gjort geiter til leveveg, men no er det fleire turistar enn firbeinte p\u00e5 garden.<\/b><\/p>\n<p>  <a href=\"https:\/\/www.nationen.no\/5-148-814339\" class=\"related-teaser has-image default-feature-teaser article--c-eRUmMG article--c-eRUmMG-jKCPdD-design-default\" rel=\"nofollow noopener\" target=\"_blank\"><\/p>\n<p>    <img decoding=\"async\" loading=\"lazy\"  src=\"https:\/\/www.europesays.com\/no\/wp-content\/uploads\/2025\/10\/IMG_8430.jpg\" alt=\"\" class=\"brick-c-cFOWSL\" style=\"\"\/><\/p>\n<p>\n            Les ogs\u00e5<\/p>\n<p>              Gjestene str\u00f8ymer p\u00e5 til Liv Karin og Olav: \u2013 Me kj\u00f8pte fordi den var litt avsides\n        <\/p>\n<p>  <\/a><\/p>\n<p><b>Bondeorganisasjonene heier p\u00e5 at Ingebrigtsen-familien skal drive g\u00e5rd i Sandnes. Men i utgangspunktet er det uheldig at det ikke er en bonde som kj\u00f8per, mener Eldar Melb\u00f8e Kylles\u00f8.<\/b><\/p>\n<p>  <a href=\"https:\/\/www.nationen.no\/5-148-814316\" class=\"related-teaser has-image default-story-teaser article--c-eRUmMG article--c-eRUmMG-jKCPdD-design-default\" rel=\"nofollow noopener\" target=\"_blank\"><\/p>\n<p>    <img decoding=\"async\" loading=\"lazy\"  src=\"https:\/\/www.europesays.com\/no\/wp-content\/uploads\/2025\/10\/NTB__lNEXHuU2Nw.jpg\" alt=\"\" class=\"brick-c-cFOWSL\" style=\"\"\/><\/p>\n<p>\n            Les ogs\u00e5<\/p>\n<p>              Reagerer p\u00e5 g\u00e5rdskj\u00f8pet\n        <\/p>\n<p>  <\/a><\/p>\n<p><b>Nationen mener:<\/b>Vi spiser stadig mindre grasbasert, norsk kj\u00f8tt, mens importbasert kj\u00f8tt tar over p\u00e5 middagstallerkenen. N\u00e5r skal n\u00e6ringa reagere?<\/p>\n<p>  <a href=\"https:\/\/www.nationen.no\/5-148-813599\" class=\"related-teaser has-image default-opinion-teaser article--c-eRUmMG article--c-eRUmMG-jKCPdD-design-default\" rel=\"nofollow noopener\" target=\"_blank\"><\/p>\n<p>    <img decoding=\"async\" loading=\"lazy\"  src=\"https:\/\/www.europesays.com\/no\/wp-content\/uploads\/2025\/10\/faac447f-10f2-49c9-84d7-99a4dac13c7f.jfif\" alt=\"\" class=\"brick-c-cFOWSL\" style=\"\"\/><\/p>\n<p>\n            Les ogs\u00e5<\/p>\n<p>              Vi spiser stadig mer importbasert kj\u00f8tt. Det kan ikke norsk jordbruk leve med.\n        <\/p>\n<p>  <\/a><br \/>\n  V\u00e6ret<\/p>\n<p><b>\u00d8stlandet: <\/b>Skiftende bris, \u00f8kende til s\u00f8r\u00f8stlig bris\/frisk bris p\u00e5 kysten. Mye pent v\u00e6r tidlig, men tilskyende fra s\u00f8r utover ettermiddagen. Sent i kveld regn, sn\u00f8 over ca. 1000 meter i Telemark.<\/p>\n<p><b>S\u00f8rlandet: <\/b>Skiftende bris, \u00f8kende til s\u00f8r\u00f8stlig frisk bris\/stiv kuling p\u00e5 kysten vest for Lindesnes. Tilskyende, opphold f\u00f8rst, men regn sprer seg fra s\u00f8r fra ettermiddagen og \u00f8ker mot kvelden.<\/p>\n<p><b>Vestlandet: <\/b>\u00d8kende vind, s\u00f8raustlig stiv til sterk kuling utsatte steder. Skyet, oppholdsv\u00e6r f\u00f8rst. Fra ettermiddagen spredt regn, mest i ytre str\u00f8k og s\u00f8r. Litt regn p\u00e5 Sunnm\u00f8re kveld. I fjellet tilskyende og litt sludd\/sn\u00f8 fra ettermiddagen.<\/p>\n<p><b>Midt-Norge: <\/b>Nord\/nordaust bris, \u00f8kende til aust\/s\u00f8r\u00f8st liten til stiv kuling utsatte steder. Utrygt for regnbyger p\u00e5 kysten, ellers opphold og perioder med sol. Lokal morgent\u00e5ke mulig.<\/p>\n<p><b>Nord-Norge :<\/b> Skiftende bris, \u00f8kende til \u00f8st\/s\u00f8r\u00f8st liten til stiv kuling utsatte steder i s\u00f8r (Nordland). Regnbyger p\u00e5 kysten (Lofoten, Vester\u00e5len, Nord-Helgeland, Troms, vest-Finnmark), sn\u00f8 i fjellet. Skyet\/delvis skyet, lokal t\u00e5ke og litt regn p\u00e5 Vidda\/\u00d8st-Finnmark.<\/p>\n<p>Trafikk<\/p>\n<p>Skal du over fjellet i dag? Slik er status p\u00e5 fjellovergangene.<\/p>\n<p>Har du f\u00e5tt med deg disse sakene?<br \/>\n  <a href=\"https:\/\/www.nationen.no\/5-148-813166\" class=\"related-teaser has-image default-story-teaser article--c-eRUmMG article--c-eRUmMG-jKCPdD-design-default\" rel=\"nofollow noopener\" target=\"_blank\"><\/p>\n<p>    <img decoding=\"async\" loading=\"lazy\"  src=\"https:\/\/www.europesays.com\/no\/wp-content\/uploads\/2025\/10\/KarianneSpetaasHenriksen%2Cjustert.jpg\" alt=\"\" class=\"brick-c-cFOWSL\" style=\"\"\/><\/p>\n<p>\n            Les ogs\u00e5<\/p>\n<p>              Roper varsku om ny kj\u00f8tt-trend\n        <\/p>\n<p>  <\/a><\/p>\n<p>  <a href=\"https:\/\/www.nationen.no\/5-148-813916\" class=\"related-teaser has-image default-story-teaser article--c-eRUmMG article--c-eRUmMG-jKCPdD-design-default\" rel=\"nofollow noopener\" target=\"_blank\"><\/p>\n<p>    <img decoding=\"async\" loading=\"lazy\"  src=\"https:\/\/www.europesays.com\/no\/wp-content\/uploads\/2025\/10\/TomStaahle%2CFrp01justert.jpeg\" alt=\"\" class=\"brick-c-cFOWSL\" style=\"\"\/><\/p>\n<p>\n            Les ogs\u00e5<\/p>\n<p>              Slik kan ny gj\u00f8dselavgift ramme\n        <\/p>\n<p>  <\/a><\/p>\n<p>  <a href=\"https:\/\/www.nationen.no\/5-148-800051\" class=\"related-teaser has-image default-opinion-teaser article--c-eRUmMG article--c-eRUmMG-jKCPdD-design-default\" rel=\"nofollow noopener\" target=\"_blank\"><\/p>\n<p>    <img decoding=\"async\" loading=\"lazy\"  src=\"https:\/\/www.europesays.com\/no\/wp-content\/uploads\/2025\/10\/NTB_FGErXTccl-o_1.jpg\" alt=\"\" class=\"brick-c-cFOWSL\" style=\"\"\/><\/p>\n<p>\n            Les ogs\u00e5<\/p>\n<p>              H\u00e6? Ingen penger til Ibsen?\n        <\/p>\n<p>  <\/a><br \/>\n  Str\u00f8mpriser<\/p>\n<p>Slik blir str\u00f8mprisene for deg som ikke har norgespris. Har du norgespris kan du sjekke hva du vil spare eller tape p\u00e5 str\u00f8mforbruket i dag.<\/p>\n<p>(Velg ditt str\u00f8momr\u00e5de \u00f8verst. Du kan ogs\u00e5 sjekke str\u00f8mprisene for i morgen, om du planlegger str\u00f8mforbruket for morgendagen).<\/p>\n<p>Sulten p\u00e5 mer, og langt \u00e5 g\u00e5 til postkassa? Her er dagens e-avis:<\/p>\n<p>  <a href=\"https:\/\/eavis.nationen.no\" style=\"color: var(--brick-colors-supportiveNoneFg)\" rel=\"nofollow noopener\" target=\"_blank\"><br \/>\n    <img decoding=\"async\" src=\"https:\/\/www.europesays.com\/no\/wp-content\/uploads\/2025\/10\/medium.jpg\" alt=\"Forsiden til siste Eavis.\"\/><br \/>\n    Les eAvis her<br \/>\n  <\/a><\/p>\n<p>   <img decoding=\"async\" width=\"610\" height=\"251\" fetchpriority=\"low\"  loading=\"lazy\"  src=\"https:\/\/www.europesays.com\/no\/wp-content\/uploads\/2025\/10\/Skjermbilde+2025-10-31+065631.jpg\" alt=\"\" class=\"brick-c-cFOWSL\" style=\"--brick-image-ratio: 610 \/ 251;\"\/><\/p>\n<p>  Vil du ha denne morgenrapporten levert p\u00e5 mobil?<\/p>\n<p>Last ned nyhetsappen v\u00e5r og velg hvilke nyheter du vil f\u00f8lge:<\/p>\n","protected":false},"excerpt":{"rendered":"Morn&#8217;, kj\u00e6re Nationen-leser! Tommy (46) omkom i mars i fjor da varebilen han kj\u00f8rte kolliderte med hengeren i&hellip;\n","protected":false},"author":2,"featured_media":34492,"comment_status":"","ping_status":"","sticky":false,"template":"","format":"standard","meta":{"footnotes":""},"categories":[10],"tags":[36,20,21,24,25,797,15,22,23,739,10356,13,30,28,29,14,16,1510,26,27],"class_list":{"0":"post-74825","1":"post","2":"type-post","3":"status-publish","4":"format-standard","5":"has-post-thumbnail","7":"category-norge","8":"tag-art","9":"tag-breaking-news","10":"tag-breakingnews","11":"tag-featured-news","12":"tag-featurednews","13":"tag-god-morgen","14":"tag-headlines","15":"tag-latest-news","16":"tag-latestnews","17":"tag-morgenrapport","18":"tag-nationen","19":"tag-news","20":"tag-no","21":"tag-norge","22":"tag-norway","23":"tag-nyheter","24":"tag-overskrifter","25":"tag-story","26":"tag-top-stories","27":"tag-topstories"},"share_on_mastodon":{"url":"https:\/\/pubeurope.com\/@no\/115468504037045737","error":""},"_links":{"self":[{"href":"https:\/\/www.europesays.com\/no\/wp-json\/wp\/v2\/posts\/74825","targetHints":{"allow":["GET"]}}],"collection":[{"href":"https:\/\/www.europesays.com\/no\/wp-json\/wp\/v2\/posts"}],"about":[{"href":"https:\/\/www.europesays.com\/no\/wp-json\/wp\/v2\/types\/post"}],"author":[{"embeddable":true,"href":"https:\/\/www.europesays.com\/no\/wp-json\/wp\/v2\/users\/2"}],"replies":[{"embeddable":true,"href":"https:\/\/www.europesays.com\/no\/wp-json\/wp\/v2\/comments?post=74825"}],"version-history":[{"count":0,"href":"https:\/\/www.europesays.com\/no\/wp-json\/wp\/v2\/posts\/74825\/revisions"}],"wp:featuredmedia":[{"embeddable":true,"href":"https:\/\/www.europesays.com\/no\/wp-json\/wp\/v2\/media\/34492"}],"wp:attachment":[{"href":"https:\/\/www.europesays.com\/no\/wp-json\/wp\/v2\/media?parent=74825"}],"wp:term":[{"taxonomy":"category","embeddable":true,"href":"https:\/\/www.europesays.com\/no\/wp-json\/wp\/v2\/categories?post=74825"},{"taxonomy":"post_tag","embeddable":true,"href":"https:\/\/www.europesays.com\/no\/wp-json\/wp\/v2\/tags?post=74825"}],"curies":[{"name":"wp","href":"https:\/\/api.w.org\/{rel}","templated":true}]}}