{"id":74826,"date":"2025-10-31T11:19:07","date_gmt":"2025-10-31T11:19:07","guid":{"rendered":"https:\/\/www.europesays.com\/no\/74826\/"},"modified":"2025-10-31T11:19:07","modified_gmt":"2025-10-31T11:19:07","slug":"kim-kardashian-tror-manelandingen-var-en-bloff-na-slar-nasa-tilbake-nrk-urix-utenriksnyheter-og-dokumentarer","status":"publish","type":"post","link":"https:\/\/www.europesays.com\/no\/74826\/","title":{"rendered":"Kim Kardashian tror m\u00e5nelandingen var en bl\u00f8ff \u2013 n\u00e5 sl\u00e5r Nasa tilbake \u2013 NRK Urix \u2013 Utenriksnyheter og -dokumentarer"},"content":{"rendered":"<p>Saken oppsummert:<\/p>\n<ul>\n<li>Kim Kardashian hevder i en episode av \u00abThe Kardashians\u00bb at m\u00e5nelandingen i 1969 var falsk.<\/li>\n<li>Hun viser til konspirasjonsteorier og en manipulert video av astronaut Buzz Aldrin.<\/li>\n<li>Nasa-sjef Sean Duffy avviser p\u00e5standen og bekrefter at mennesker har landet p\u00e5 m\u00e5nen seks ganger tidligere.<\/li>\n<li>Duffy har invitert Kardashian til Kennedy Space Center for \u00e5 l\u00e6re mer om Nasas Artemis-program, som planlegger nye m\u00e5neoppdrag.<\/li>\n<li>Konspirasjonsteorien om at m\u00e5nelandingen var iscenesatt i et filmstudio har blitt avvist av forskere og eksperter i flere ti\u00e5r.<\/li>\n<\/ul>\n<p>Oppsummeringen er laget av en KI-tjeneste fra OpenAI. Innholdet er kvalitetssikret av NRKs journalister f\u00f8r publisering.<\/p>\n<p>USAs romfartsstasjon Nasa har m\u00e5ttet avvise p\u00e5standen til realitystjernen Kim Kardashian om at mennesker aldri har v\u00e6rt p\u00e5 m\u00e5nen.<\/p>\n<p>\u2013 Jo, vi har v\u00e6rt p\u00e5 m\u00e5nen seks ganger f\u00f8r! skriver Nasa-sjef Sean Duffy i et <a href=\"https:\/\/x.com\/SecDuffyNASA\/status\/1983955254329974836\" ec-id=\"https:\/\/x.com\/SecDuffyNASA\/status\/1983955254329974836\" ec-name=\"innlegg p\u00e5 X\" rel=\"nofollow\">innlegg p\u00e5 X<\/a>.<\/p>\n<p>Det skjer fordi en av verdens mest kjente konspirasjonsteorier har fanget oppmerksomheten til Kardashian, som er en av verdens mest kjente damer.<\/p>\n<p>I den nyeste episoden av familiens realityserie \u00abThe Kardashians\u00bb sier nemlig Kardashian at hun tror m\u00e5nelandingen \u00abikke skjedde\u00bb.<\/p>\n<p>Hevder ingen har v\u00e6rt p\u00e5 m\u00e5nen<\/p>\n<p>I episoden forteller Kardashian skuespilleren Sarah Paulson at hun ikke tror mennesker faktisk har v\u00e6rt p\u00e5 m\u00e5nen.<\/p>\n<p>Hun viser blant annet til et intervju med astronauten Buzz Aldrin, som sammen med Neil Armstrong tok de f\u00f8rste skrittene p\u00e5 m\u00e5nen under Apollo 11-oppdraget den 20. juli 1969.<\/p>\n<p><img decoding=\"async\"   src=\"data:image\/gif;base64,R0lGODlhAQABAIAAAAAAAP\/\/\/yH5BAEAAAAALAAAAAABAAEAAAIBRAA7\" loading=\"eager\" alt=\"en mann med astronautdrakt og hjelm. Sort, hvitt bilde.\" title=\"Foto: Nasa \/ NTB\"\/><\/p>\n<p class=\"\">Astronaut Buzz Aldrin under forberedelsene til m\u00e5nelandingen i 1969.<\/p>\n<p>Foto: Nasa \/ NTB<\/p>\n<p>Hun leser et p\u00e5st\u00e5tt svar fra Aldrin etter at han blir spurt om hva som var det skumleste \u00f8yeblikket under den historiske romfarten:<\/p>\n<p>\u2013 Det var ikke noe skummelt \u00f8yeblikk fordi det skjedde ikke. Det kunne ha v\u00e6rt skummelt, men det var det ikke fordi det skjedde ikke, sier Kardashian at Aldrin sa i intervjuet<\/p>\n<p>Det har sirkulert en video der tre ulike intervju med Aldrin er klippet sammen slik at det framst\u00e5r som at astronauten s\u00e5r tvil om m\u00e5nelandingen.<\/p>\n<p>Aldrins uttalelser er imidlertid tatt ut av sin opprinnelige sammenheng og forkortet for \u00e5 gi inntrykk av at han beskriver Apollo 11-oppdraget som om det aldri fant sted, if\u00f8lge en faktasjekk fra nyhetsbyr\u00e5et <a href=\"https:\/\/www.reuters.com\/article\/fact-check\/interview-clips-do-not-show-buzz-aldrin-saying-moon-landing-was-fake-idUSL1N35V1LO\/\" ec-id=\"https:\/\/www.reuters.com\/article\/fact-check\/interview-clips-do-not-show-buzz-aldrin-saying-moon-landing-was-fake-idUSL1N35V1LO\/\" ec-name=\"Reuters\" rel=\"nofollow noopener\" target=\"_blank\">Reuters<\/a>.<\/p>\n<p><strong>For tydelighetens skyld, m\u00e5nelandingen var ekte og Aldrin har ikke sagt at den var en bl\u00f8ff eller ikke skjedde.<\/strong><\/p>\n<p><img decoding=\"async\"   src=\"data:image\/gif;base64,R0lGODlhAQABAIAAAAAAAP\/\/\/yH5BAEAAAAALAAAAAABAAEAAAIBRAA7\" loading=\"eager\" alt=\"en person i romdrakt p\u00e5 m\u00e5nen\" title=\"Foto: Neil Armstrong \/ AP \/ NTB\"\/><\/p>\n<p class=\"\">Bilder viser astronaut Buzz Aldrin under m\u00e5nelandingen i 1969. Det er astronaut Neil Armstrong som har tatt bildet.<\/p>\n<p>Foto: Neil Armstrong \/ AP \/ NTB<\/p>\n<p>Nye m\u00e5neoppdrag<\/p>\n<p>Senere i episoden forteller Kardashian til en produsent at hun sender Paulson konspirasjonsteorier \u00abhele tiden\u00bb og legger til at hun mener at m\u00e5nelandingen var en bl\u00f8ff.<\/p>\n<p>\u2013 Jeg tror m\u00e5nelandingen var falsk. Jeg har sett noen videoer av Buzz Aldrin der han snakker om hvordan det ikke skjedde. Han sier det hele tiden n\u00e5 i intervjuer. Kanskje vi burde finne Buzz Aldrin, sier hun.<\/p>\n<p><img decoding=\"async\"   src=\"data:image\/gif;base64,R0lGODlhAQABAIAAAAAAAP\/\/\/yH5BAEAAAAALAAAAAABAAEAAAIBRAA7\" loading=\"eager\" alt=\"et fotavtrykk p\u00e5 m\u00e5nen\" title=\"Foto: Nasa \/ AFP \/ NTB\"\/><\/p>\n<p class=\"\">Dette fotavtrykket fra m\u00e5nelandingen har v\u00e6rt gjenstand for mye spekulasjon.<\/p>\n<p>Foto: Nasa \/ AFP \/ NTB<\/p>\n<p>Deretter sp\u00f8ker hun om at s\u00f8steren Khloe Kardashian burde f\u00e5 Aldrin til \u00e5 bli med p\u00e5 en podkastepisode om konspirasjonsteorier.<\/p>\n<p>\u2013 Det er ingen tyngdekraft p\u00e5 m\u00e5nen. Hvorfor vaier flagget i vinden? Skoene de har p\u00e5 museum som astronauten gikk med p\u00e5 m\u00e5nen, har et annet fotavtrykk p\u00e5 bildene. Hvorfor er det ingen stjerner? sp\u00f8r Kim Kardashian og henviser til flere konspirasjonsteorier om m\u00e5nelandingen.<\/p>\n<p>Hva vil du si til de som mener du er gal som p\u00e5st\u00e5r at m\u00e5nelandingen ikke er ekte, sp\u00f8r en produsent.<\/p>\n<p>\u2013 De kommer til \u00e5 si at jeg er gal uansett. Men logg dere p\u00e5 TikTok og se selv, svarer Kardashian og ler.<\/p>\n<p>\u2013 Elsker begeistringen<\/p>\n<p>Det har f\u00e5tt Nasa-sjef Duffy til \u00e5 sperre opp \u00f8ynene.<\/p>\n<p>I innlegget p\u00e5 X, hvor han tagger Kardashian, avviser Duffy p\u00e5standen om at m\u00e5nelandingen var falsk.<\/p>\n<p><img decoding=\"async\"   src=\"data:image\/gif;base64,R0lGODlhAQABAIAAAAAAAP\/\/\/yH5BAEAAAAALAAAAAABAAEAAAIBRAA7\" loading=\"eager\" alt=\"En mann i bl\u00e5 dress og oransje slips som kl\u00f8r seg i ansiktet med en finger og ser ut som han tenker.\" title=\"Foto: ERIC LEE \/ AFP \/ NTB\"\/><\/p>\n<p class=\"\">Nasa-sjef Sean Duffy avviser p\u00e5standen om at m\u00e5nelandingen var falsk. Han sier Nasa jobber med \u00e5 reise til m\u00e5nen igjen.<\/p>\n<p>Foto: ERIC LEE \/ AFP \/ NTB<\/p>\n<p>Videre promoterer han <a href=\"https:\/\/www.nasa.gov\/humans-in-space\/artemis\/\" ec-id=\"https:\/\/www.nasa.gov\/humans-in-space\/artemis\/\" ec-name=\"Nasas romprogram Artemis\" rel=\"nofollow noopener\" target=\"_blank\">Nasas romprogram Artemis<\/a>, som har som m\u00e5l \u00e5 gjennomf\u00f8re flere bemannede reiser til m\u00e5nen, og senere kanskje ogs\u00e5 til mars.<\/p>\n<p>\u2013 Vi vant det siste romkappl\u00f8pet, og vi vil vinne dette ogs\u00e5, tilf\u00f8yer han.<\/p>\n<p>Kardashian svarer og sp\u00f8r om den nylige oppdagede kometen 3I\/Atlas, som astronomer mener kan v\u00e6re den eldste kometen som noen gang er sett.<\/p>\n<p>\u00abVent, hva er greia med 3I Atlas?\u00bb svarer hun.<\/p>\n<p>Nasa-sjefen har n\u00e5 invitert realitystjernen til romfartssenteret Kennedy Space Center i Florida for \u00e5 se p\u00e5 Artemis-oppskytingen til m\u00e5nen.<\/p>\n<p>Han sier ogs\u00e5 at han \u00abelsker\u00bb Kardashians begeistring for romprogrammet.<\/p>\n<p><img decoding=\"async\"   src=\"data:image\/gif;base64,R0lGODlhAQABAIAAAAAAAP\/\/\/yH5BAEAAAAALAAAAAABAAEAAAIBRAA7\" loading=\"eager\" alt=\"Stillaser omgir Artemis-rakettbooserne p\u00e5 Kennedy Space Center i Florida.\" title=\"Foto: Steve Nesius \/ Reuters \/ NTB\"\/><\/p>\n<p class=\"\">Under en mediedag i mars fikk pressen se deler av Artemis-raketten p\u00e5 Kennedy Space Center i Florida.<\/p>\n<p>Foto: Steve Nesius \/ Reuters \/ NTB<\/p>\n<p>Det er noe uklart hvorfor Duffy valgte \u00e5 kommentere Kardashians uttalelser, men <a href=\"https:\/\/www.theguardian.com\/science\/2025\/oct\/30\/nasa-kim-kardashian-moon-landings\" ec-id=\"https:\/\/www.theguardian.com\/science\/2025\/oct\/30\/nasa-kim-kardashian-moon-landings\" ec-name=\"The Guardian\" rel=\"nofollow noopener\" target=\"_blank\">The Guardian<\/a> spekulerer i om han savner \u00e5 omg\u00e5s realitystjerner. Nasa-sjefen har nemlig selv v\u00e6rt med i flere realityprogrammer, blant annet p\u00e5 MTV.<\/p>\n<p>Verdenskjent konspirasjon<\/p>\n<p>Til tross for at det utallige ganger har blitt avvist at m\u00e5nelandingen var falsk, har konspirasjonsteorien om hvorvidt mennesker har v\u00e6rt p\u00e5 m\u00e5nen fortsatt \u00e5 leve i beste velg\u00e5ende i over 50 \u00e5r.<\/p>\n<p><strong>Teorien er som f\u00f8lger: Amerikanerne landet aldri p\u00e5 m\u00e5nen. Det Nasa sier skjedde p\u00e5 m\u00e5nens overflate, skjedde egentlig i et filmstudio.<\/strong><\/p>\n<p><img decoding=\"async\"   src=\"data:image\/gif;base64,R0lGODlhAQABAIAAAAAAAP\/\/\/yH5BAEAAAAALAAAAAABAAEAAAIBRAA7\" loading=\"eager\" alt=\"En astronaut som ser p\u00e5 et amerikansk flagg som er plantet p\u00e5 m\u00e5nen.\" title=\"Foto: Neil Armstrong \/ Nasa \/ Reuters \/ NTB\"\/><\/p>\n<p class=\"\">M\u00e5nelandingen i 1969 har v\u00e6rt gjenstand for spekulasjon i en \u00e5rrekke. Bildet viser Buzz Aldrin p\u00e5 m\u00e5nen.<\/p>\n<p>Foto: Neil Armstrong \/ Nasa \/ Reuters \/ NTB<\/p>\n<p>Alle p\u00e5standene som har kommet, har blitt avvist av b\u00e5de forskere og eksperter i flere ti\u00e5r.<\/p>\n<p>\u2013 Hvert eneste argument som hevder at Nasa bl\u00f8ffet om m\u00e5nelandingen har blitt diskreditert, if\u00f8lge The Institute of Physics.<\/p>\n<p>Publisert<\/p>\n<p>31.10.2025, kl. 11.47<\/p>\n","protected":false},"excerpt":{"rendered":"Saken oppsummert: Kim Kardashian hevder i en episode av \u00abThe Kardashians\u00bb at m\u00e5nelandingen i 1969 var falsk. Hun&hellip;\n","protected":false},"author":2,"featured_media":74827,"comment_status":"","ping_status":"","sticky":false,"template":"","format":"standard","meta":{"footnotes":""},"categories":[58],"tags":[71,30,28,29,72],"class_list":{"0":"post-74826","1":"post","2":"type-post","3":"status-publish","4":"format-standard","5":"has-post-thumbnail","7":"category-underholdning","8":"tag-entertainment","9":"tag-no","10":"tag-norge","11":"tag-norway","12":"tag-underholdning"},"share_on_mastodon":{"url":"https:\/\/pubeurope.com\/@no\/115468511770944958","error":""},"_links":{"self":[{"href":"https:\/\/www.europesays.com\/no\/wp-json\/wp\/v2\/posts\/74826","targetHints":{"allow":["GET"]}}],"collection":[{"href":"https:\/\/www.europesays.com\/no\/wp-json\/wp\/v2\/posts"}],"about":[{"href":"https:\/\/www.europesays.com\/no\/wp-json\/wp\/v2\/types\/post"}],"author":[{"embeddable":true,"href":"https:\/\/www.europesays.com\/no\/wp-json\/wp\/v2\/users\/2"}],"replies":[{"embeddable":true,"href":"https:\/\/www.europesays.com\/no\/wp-json\/wp\/v2\/comments?post=74826"}],"version-history":[{"count":0,"href":"https:\/\/www.europesays.com\/no\/wp-json\/wp\/v2\/posts\/74826\/revisions"}],"wp:featuredmedia":[{"embeddable":true,"href":"https:\/\/www.europesays.com\/no\/wp-json\/wp\/v2\/media\/74827"}],"wp:attachment":[{"href":"https:\/\/www.europesays.com\/no\/wp-json\/wp\/v2\/media?parent=74826"}],"wp:term":[{"taxonomy":"category","embeddable":true,"href":"https:\/\/www.europesays.com\/no\/wp-json\/wp\/v2\/categories?post=74826"},{"taxonomy":"post_tag","embeddable":true,"href":"https:\/\/www.europesays.com\/no\/wp-json\/wp\/v2\/tags?post=74826"}],"curies":[{"name":"wp","href":"https:\/\/api.w.org\/{rel}","templated":true}]}}