{"id":74878,"date":"2025-10-31T12:24:12","date_gmt":"2025-10-31T12:24:12","guid":{"rendered":"https:\/\/www.europesays.com\/no\/74878\/"},"modified":"2025-10-31T12:24:12","modified_gmt":"2025-10-31T12:24:12","slug":"enorm-eksplosjon-i-tyskland-to-alvorlig-skadet","status":"publish","type":"post","link":"https:\/\/www.europesays.com\/no\/74878\/","title":{"rendered":"Enorm eksplosjon i Tyskland \u2013 to alvorlig skadet"},"content":{"rendered":"<p><strong>En tankbil eksploderte fredag morgen ved et lastebilverksted n\u00e6r en bensinstasjon i Castrop-Rauxel, vestlige Tyskland. To personer ble alvorlig skadet, mens to andre fikk lettere skader, skriver den tyske avisen <a href=\"https:\/\/www.bild.de\/news\/im-gewerbegebiet-explosion-an-tankstelle-in-castrop-rauxel-69046c6adf9fa029228eebc3\" rel=\"nofollow noopener\" target=\"_blank\">Bild<\/a>.<\/strong><\/p>\n<p>If\u00f8lge brannvesenet skal tankbilen ha tatt fyr under reparasjonsarbeid, noe som f\u00f8rte til en kraftig eksplosjon og en tykk, svart r\u00f8ykkyse over omr\u00e5det. Brannmannskapet rykket ut med stort mannskap, og hallens port skal ha blitt kastet rundt 15 meter gjennom luften av eksplosjonen.<\/p>\n<p>Et vitne fra et n\u00e6rliggende firma fortalte til Bild at de h\u00f8rte et h\u00f8yt smell, og at taket p\u00e5 deres hall kortvarig ble l\u00f8ftet av trykket fra eksplosjonen. Lokale myndigheter advarte folk i omr\u00e5det om \u00e5 holde vinduer og d\u00f8rer lukket.<\/p>\n","protected":false},"excerpt":{"rendered":"En tankbil eksploderte fredag morgen ved et lastebilverksted n\u00e6r en bensinstasjon i Castrop-Rauxel, vestlige Tyskland. To personer ble&hellip;\n","protected":false},"author":2,"featured_media":74879,"comment_status":"","ping_status":"","sticky":false,"template":"","format":"standard","meta":{"footnotes":""},"categories":[12],"tags":[20,21,3712,24,25,15,22,23,13,30,28,29,14,16,26,27,175,42,43,44,45],"class_list":{"0":"post-74878","1":"post","2":"type-post","3":"status-publish","4":"format-standard","5":"has-post-thumbnail","7":"category-verden","8":"tag-breaking-news","9":"tag-breakingnews","10":"tag-eksplosjon","11":"tag-featured-news","12":"tag-featurednews","13":"tag-headlines","14":"tag-latest-news","15":"tag-latestnews","16":"tag-news","17":"tag-no","18":"tag-norge","19":"tag-norway","20":"tag-nyheter","21":"tag-overskrifter","22":"tag-top-stories","23":"tag-topstories","24":"tag-tyskland","25":"tag-verden","26":"tag-world","27":"tag-world-news","28":"tag-worldnews"},"share_on_mastodon":{"url":"https:\/\/pubeurope.com\/@no\/115468767476976541","error":""},"_links":{"self":[{"href":"https:\/\/www.europesays.com\/no\/wp-json\/wp\/v2\/posts\/74878","targetHints":{"allow":["GET"]}}],"collection":[{"href":"https:\/\/www.europesays.com\/no\/wp-json\/wp\/v2\/posts"}],"about":[{"href":"https:\/\/www.europesays.com\/no\/wp-json\/wp\/v2\/types\/post"}],"author":[{"embeddable":true,"href":"https:\/\/www.europesays.com\/no\/wp-json\/wp\/v2\/users\/2"}],"replies":[{"embeddable":true,"href":"https:\/\/www.europesays.com\/no\/wp-json\/wp\/v2\/comments?post=74878"}],"version-history":[{"count":0,"href":"https:\/\/www.europesays.com\/no\/wp-json\/wp\/v2\/posts\/74878\/revisions"}],"wp:featuredmedia":[{"embeddable":true,"href":"https:\/\/www.europesays.com\/no\/wp-json\/wp\/v2\/media\/74879"}],"wp:attachment":[{"href":"https:\/\/www.europesays.com\/no\/wp-json\/wp\/v2\/media?parent=74878"}],"wp:term":[{"taxonomy":"category","embeddable":true,"href":"https:\/\/www.europesays.com\/no\/wp-json\/wp\/v2\/categories?post=74878"},{"taxonomy":"post_tag","embeddable":true,"href":"https:\/\/www.europesays.com\/no\/wp-json\/wp\/v2\/tags?post=74878"}],"curies":[{"name":"wp","href":"https:\/\/api.w.org\/{rel}","templated":true}]}}