{"id":74884,"date":"2025-10-31T12:28:26","date_gmt":"2025-10-31T12:28:26","guid":{"rendered":"https:\/\/www.europesays.com\/no\/74884\/"},"modified":"2025-10-31T12:28:26","modified_gmt":"2025-10-31T12:28:26","slug":"sverige-straffes-av-fifa","status":"publish","type":"post","link":"https:\/\/www.europesays.com\/no\/74884\/","title":{"rendered":"Sverige straffes av Fifa"},"content":{"rendered":"\n<p class=\"_lead_o9xde_2 _lead_xtcu6_50 layout-component text-serif-m layout-normal text-serif-l layout-component layout-wide layout-padded _wide_17hqh_1 layout-padded\">Sveriges fotballforbund (SvFF) er b\u00f8telagt med nesten 65.000 kroner etter at det nylig ble buet fra tribunen under den sveitsiske nasjonalsangen.<\/p>\n<p><img alt=\"Sveriges stjernespiss Alexander Isak i samtale med Sveits' midtbanespiller Granit Xhaka.  Foto: Anthony Anex \/ Keystone \/ AP \/ NTB\" class=\"_image_qp4xg_65 layout-component layout-wide\" data-fullscreen- data-track-element-type=\"Article image fullscreen\" data-track-name=\"ImageFullscreen\" fetchpriority=\"high\" decoding=\"sync\" loading=\"eager\" height=\"3405\" itemprop=\"image\"  src=\"https:\/\/www.europesays.com\/no\/wp-content\/uploads\/2025\/10\/fc3478a9-e665-45aa-86e8-97467f097416\"  style=\"object-position:0% 0%\" width=\"5108\"\/>Sveriges stjernespiss Alexander Isak i samtale med Sveits&#8217; midtbanespiller Granit Xhaka.  Foto: Anthony Anex \/ Keystone \/ AP \/ NTB<\/p>\n<ul aria-hidden=\"true\" class=\"_images_18f0k_111\">\n<li><a class=\"_link_18f0k_116\" href=\"https:\/\/www.vg.no\/forfatter\/ntb\" style=\"z-index:1\" title=\"NTB\" rel=\"nofollow noopener\" target=\"_blank\"><img alt=\"Bilde av NTB\" class=\"_image_18f0k_93\" fetchpriority=\"low\" loading=\"lazy\" decoding=\"async\" itemprop=\"image\"  src=\"https:\/\/www.europesays.com\/no\/wp-content\/uploads\/2025\/10\/1761913706_814_c33980b0-5d07-4027-84a1-813f90a7c8d6\"  width=\"480\"\/><\/a><\/li>\n<\/ul>\n<p> Oppdatert fredag 31. oktober kl. 12:46     <\/p>\n<p class=\"_paragraph_o9xde_4 _paragraph_xtcu6_10 layout-component text-serif-m layout-normal text-serif-m layout-padded\">Det internasjonale fotballforbundet (Fifa) likte ikke episoden og straffer svenskene for \u00abupassende oppf\u00f8rsel\u00bb.<\/p>\n<p class=\"_paragraph_o9xde_4 _paragraph_xtcu6_10 layout-component text-serif-m layout-normal text-serif-m layout-padded\">Avgj\u00f8relsen blir ikke anket. SvFFs fungerende generalsekret\u00e6r Tobias Tibell oppfordrer det svenske fotballpublikummet om \u00e5 ha respekt for motstanderne.<\/p>\n<p class=\"_paragraph_o9xde_4 _paragraph_xtcu6_10 layout-component text-serif-m layout-normal text-serif-m layout-padded\">\u2013 Vi beklager buropene som kom under den sveitsiske nasjonalsangen, sier Tibell i en uttalelse.<\/p>\n<p class=\"_paragraph_o9xde_4 _paragraph_xtcu6_10 layout-component text-serif-m layout-normal text-serif-m layout-padded\">Sveriges hjemmekamp ble spilt 10. oktober og endte i et 0-2-tap. Resultatet bidro til \u00e5 forverre de bl\u00e5gules situasjon i VM-kvalifiseringen.<\/p>\n","protected":false},"excerpt":{"rendered":"Sveriges fotballforbund (SvFF) er b\u00f8telagt med nesten 65.000 kroner etter at det nylig ble buet fra tribunen under&hellip;\n","protected":false},"author":2,"featured_media":74885,"comment_status":"","ping_status":"","sticky":false,"template":"","format":"standard","meta":{"footnotes":""},"categories":[59],"tags":[30,28,29,83,82,4551],"class_list":{"0":"post-74884","1":"post","2":"type-post","3":"status-publish","4":"format-standard","5":"has-post-thumbnail","7":"category-sport","8":"tag-no","9":"tag-norge","10":"tag-norway","11":"tag-sport","12":"tag-sports","13":"tag-sveriges-herrelandslag-fotball"},"share_on_mastodon":{"url":"https:\/\/pubeurope.com\/@no\/115468783085157258","error":""},"_links":{"self":[{"href":"https:\/\/www.europesays.com\/no\/wp-json\/wp\/v2\/posts\/74884","targetHints":{"allow":["GET"]}}],"collection":[{"href":"https:\/\/www.europesays.com\/no\/wp-json\/wp\/v2\/posts"}],"about":[{"href":"https:\/\/www.europesays.com\/no\/wp-json\/wp\/v2\/types\/post"}],"author":[{"embeddable":true,"href":"https:\/\/www.europesays.com\/no\/wp-json\/wp\/v2\/users\/2"}],"replies":[{"embeddable":true,"href":"https:\/\/www.europesays.com\/no\/wp-json\/wp\/v2\/comments?post=74884"}],"version-history":[{"count":0,"href":"https:\/\/www.europesays.com\/no\/wp-json\/wp\/v2\/posts\/74884\/revisions"}],"wp:featuredmedia":[{"embeddable":true,"href":"https:\/\/www.europesays.com\/no\/wp-json\/wp\/v2\/media\/74885"}],"wp:attachment":[{"href":"https:\/\/www.europesays.com\/no\/wp-json\/wp\/v2\/media?parent=74884"}],"wp:term":[{"taxonomy":"category","embeddable":true,"href":"https:\/\/www.europesays.com\/no\/wp-json\/wp\/v2\/categories?post=74884"},{"taxonomy":"post_tag","embeddable":true,"href":"https:\/\/www.europesays.com\/no\/wp-json\/wp\/v2\/tags?post=74884"}],"curies":[{"name":"wp","href":"https:\/\/api.w.org\/{rel}","templated":true}]}}