{"id":74888,"date":"2025-10-31T12:33:33","date_gmt":"2025-10-31T12:33:33","guid":{"rendered":"https:\/\/www.europesays.com\/no\/74888\/"},"modified":"2025-10-31T12:33:33","modified_gmt":"2025-10-31T12:33:33","slug":"barn-og-ungdom-skole-forberedes-pa-kriser-og-beredskapssituasjoner-vi-unge-ma-i-storre-grad-klare-oss-selv","status":"publish","type":"post","link":"https:\/\/www.europesays.com\/no\/74888\/","title":{"rendered":"Barn og ungdom, Skole | Forberedes p\u00e5 kriser og beredskapssituasjoner: \u2013 Vi unge m\u00e5 i st\u00f8rre grad klare oss selv"},"content":{"rendered":"\n<p>\u2013 Vi m\u00e5 v\u00e6re forberedt p\u00e5 at str\u00f8mmen kan forsvinne i flere dager, at vi ikke har vann i krana og at fryseren og kj\u00f8leskapet ikke er kalde, forteller Linus Thelaus St\u00f8le.<\/p>\n<p>Han sitter i et klasserom p\u00e5 Sokndal skole sammen med Julie Vestb\u00f8stad St\u00f8le, Tuva Gesine Ner\u00e6m, Linus Olsen Vestb\u00f8stad og Emmelin Mydland. De g\u00e5r alle i tiende klasse og har denne uka l\u00e6rt mye om egenberedskap.<\/p>\n<p>15-\u00e5ringene har aldri opplevd \u00e5 g\u00e5 flere dager uten str\u00f8m.<\/p>\n<p><b>\u2013 Hva kjenner dere p\u00e5 n\u00e5r dere l\u00e6rer om disse tingene? Kan det v\u00e6re skremmende?<\/b><\/p>\n<p>\u2013 Ja, det er skremmende, synes Tuva Gesine N\u00e6rem, og forklarer at s\u00e6rlig kan bli redd n\u00e5r det blir snakk om krig.<\/p>\n<p>Det synes hun ikke er noe kjekt \u00e5 snakke om.<\/p>\n<p>\u2013 Og det er litt s\u00e5nn at n\u00e5r vi aldri har opplevd noe s\u00e5nt f\u00f8r, s\u00e5 vet vi ikke hva vi skal gj\u00f8re. Men n\u00e5 f\u00f8ler i hvert fall jeg at jeg er litt mer forberedt, etter denne uka, sier Julie Vestb\u00f8stad St\u00f8le.<\/p>\n<p>   <img decoding=\"async\" width=\"2048\" height=\"1365\" fetchpriority=\"low\"  loading=\"lazy\"  src=\"https:\/\/www.europesays.com\/no\/wp-content\/uploads\/2025\/10\/Egenberedskapsuka+i+Sokndal-2.jpg\" alt=\"\" class=\"brick-c-cFOWSL\" style=\"--brick-image-ratio: 2048 \/ 1365;\"\/><\/p>\n<p>      L\u00c6RERIKT: Snakk om krig og krise kan v\u00e6re skremmende, synes noen av elevene. Likevel er de enige om at Egenberedskapsuka har gjort dem bedre forberedt p\u00e5 en mulig krisesituasjon. Fra venstre ser vi Julie Vestb\u00f8stad St\u00f8le, Linus Olsen Vestb\u00f8stad, Linus Thelaus St\u00f8le, Tuva Gesine Ner\u00e6m og Emmelin Mydland.<br \/>\n      Foto: Ingunn Walderhaug\n    <\/p>\n<p>  En beredskapsvenn er noen du stoler p\u00e5<\/p>\n<p>Denne uka er den nasjonale Egenberedskapsuka. \u00c5rets tema er beredskapsvenn.<\/p>\n<p>Tuva forklarer:<\/p>\n<p>\u2013 En beredskapsvenn er en som kan st\u00f8tte deg om det skjer noe, som du kan snakke med og f\u00e5 hjelp av, hvis personen for eksempel har flere ressurser enn deg. Da kan dere dele.<\/p>\n<p>Elevene har ikke sikret seg \u00e9n konkret beredskapsvenn enn\u00e5, men temaet har f\u00e5tt dem til \u00e5 tenke p\u00e5 naboer og venner som kan v\u00e6re potensielle beredskapsvenner. Ingen av 15-\u00e5ringene bor heller alene, men med sine familier. S\u00e5nn sett har de allerede beredskapsvenner i dem.<\/p>\n<p>\u2013 Vi har snakket om at det burde v\u00e6re en du stoler p\u00e5, legger Tuva til.<\/p>\n<p>Linus Thelaus St\u00f8le p\u00e5peker ogs\u00e5 et annet viktig moment som l\u00e6rerne har lagt vekk p\u00e5.<\/p>\n<p>\u2013 Vi har snakket mye om at en ikke n\u00f8dvendigvis bare skal v\u00e6re forberedt med ressurser, men at man m\u00e5 ha samhold og ikke g\u00e5 fra vettet. Man m\u00e5 ha folk \u00e5 snakke med og ha aktiviteter med, for \u00e5 holde sammen i en periode der en m\u00e5 v\u00e6re lenger sammen enn man er vant til.<\/p>\n<p>Hva trenger vi for \u00e5 overleve?<\/p>\n<p>Ogs\u00e5 beredskapslager har v\u00e6rt tema i undervisningen denne uka.<\/p>\n<p>\u2013 Det er en kasse med alt du trenger til \u00e5 overleve alene i sju dager, uten tilgang til mat fra butikken, vann i springen og str\u00f8m forklarer Linus Thelaus St\u00f8le.<\/p>\n<p>Elevene har blitt oppfordret til \u00e5 dra hjem og snakke om beredskapslagre med de voksne. D\u00e9t har Tuva gjort.<\/p>\n<p>\u2013 De hadde ikke laget en enn\u00e5, sier hun og ler forsiktig.<\/p>\n<p>For \u00e5 l\u00e6re grundig om hva en beredskapskasse b\u00f8r inneholde, har flere av elevene ogs\u00e5 hatt i oppdrag \u00e5 lage plakater med bilder av hva en slik kasse burde inneholde. Men de fikk ikke servert ei ferdig liste som de kunne kopiere. De m\u00e5tte sette seg ned og tenke p\u00e5 hva de tror de selv ville trengt om de skulle leve p\u00e5 innholdet i kassen i ei uke.<\/p>\n<p>Elevene viser fram plakatene. De har f\u00e5tt med seg mye av det essensielle; vann, mat som kan vare over tid, lys- og varmekilder og hygieneartikler, blant annet.<\/p>\n<p>   <img decoding=\"async\" width=\"2048\" height=\"1365\" fetchpriority=\"low\"  loading=\"lazy\"  src=\"https:\/\/www.europesays.com\/no\/wp-content\/uploads\/2025\/10\/Egenberedskapsuka.jpg\" alt=\"\" class=\"brick-c-cFOWSL\" style=\"--brick-image-ratio: 2048 \/ 1365;\"\/><\/p>\n<p>      BEREDSKAPSLAGER: Plakatene viser at elevene har f\u00e5tt med seg det viktigste, men samtidig er ogs\u00e5 beredskapslagrene tilpasset den enkeltes egne behov.<br \/>\n      Foto: Ingunn Walderhaug\n    <\/p>\n<p>  Ordf\u00f8rerens tale gjorde inntrykk<\/p>\n<p>Egenberedskap har st\u00e5tt h\u00f8yt p\u00e5 agendaen i Sokndal kommune gjennom hele uka. Mandag inviterte skolen ungdomstrinnene og andre sentrale personer til kick-off p\u00e5 Soknatun. I tillegg til innlegg fra blant andre ordf\u00f8rer Bj\u00f8rn-Inge Mydland, fikk publikum overv\u00e6re den offisielle \u00e5pningen av Egenberedskapsuka 2025 direktesendt fra Molde.<\/p>\n<p>\u2013 Ordf\u00f8reren fortalte at vi unge i st\u00f8rre grad m\u00e5 klare oss selv. De kommer til m\u00e5tte tenke p\u00e5 de eldre. Derfor er det viktig at vi er godt forberedt, gjenforteller Tuva.<\/p>\n<p>Kommunen har i tillegg kj\u00f8pt inn en beredskapskasse til en verdi av rett under 3.000 kroner som skal loddes ut til en vinner i slutten av uka. Kommunen har delt bilder av kassen p\u00e5 sosiale medier, og for \u00e5 vinne den, m\u00e5 innbyggere skrive 2-3 ord om hva de forbinder med egenberedskap, eller skrive noe de selv har gjort for \u00e5 sikre egenberedskap for seg selv\/andre.<\/p>\n<p>   <img decoding=\"async\" width=\"2048\" height=\"1485\" fetchpriority=\"low\"  loading=\"lazy\"  src=\"https:\/\/www.europesays.com\/no\/wp-content\/uploads\/2025\/10\/Egenberedskapsuka-2.jpg\" alt=\"\" class=\"brick-c-cFOWSL\" style=\"--brick-image-ratio: 2048 \/ 1485;\"\/><\/p>\n<p>      KONKURRANSE: Sokndal kommune lodder denne uka ut en beredskapkasse til en heldig vinner.<br \/>\n      Foto: Ingunn Walderhaug\n    <\/p>\n<p>  Ungdommene kan v\u00e6re forbilder<\/p>\n<p>Elin Sandsmark er r\u00e5dgiver innen helse og omsorg i kommunen og har v\u00e6rt med p\u00e5 \u00e5 arrangere Egenberedskapsuka i Sokndal.<\/p>\n<p>Hun har tro p\u00e5 at det kan ha en god effekt om ungdommene l\u00e6rer om beredskap, beredskapskasser og beredskapsvenner. N\u00e5r disse temaene tas opp p\u00e5 skolen, h\u00e5per Sandsmark at ogs\u00e5 foreldre, besteforeldre og \u00f8vrig familie blir inspirert til \u00e5 v\u00e6re gode eksempler for sine ungdommer.<\/p>\n<p>\u2013 Det er mulig det vil ha st\u00f8rre effekt enn om vi \u00abvoksne\u00bb rundt minner om det, sier hun.<\/p>\n<p>  <a href=\"https:\/\/www.dalane-tidende.no\/5-101-812750\" class=\"related-teaser has-image default-story-teaser article--c-eRUmMG article--c-eRUmMG-jKCPdD-design-default\" rel=\"nofollow noopener\" target=\"_blank\"><\/p>\n<p>    <img decoding=\"async\" loading=\"lazy\"  src=\"https:\/\/www.europesays.com\/no\/wp-content\/uploads\/2025\/10\/Beredskapsm%C3%B8te.jpg\" alt=\"\" class=\"brick-c-cFOWSL\" style=\"\"\/><\/p>\n<p>\n            Les ogs\u00e5<\/p>\n<p>              Foresl\u00e5r nytt beredskapstiltak i Eigersund: \u2013 Folk vil gjerne bidra\n        <\/p>\n<p>  <\/a><\/p>\n<p>  <a href=\"https:\/\/www.dalane-tidende.no\/5-101-812531\" class=\"related-teaser has-image default-story-teaser article--c-eRUmMG article--c-eRUmMG-jKCPdD-design-default\" rel=\"nofollow noopener\" target=\"_blank\"><\/p>\n<p>    <img decoding=\"async\" loading=\"lazy\"  src=\"https:\/\/www.europesays.com\/no\/wp-content\/uploads\/2025\/10\/bcd6aad0-ba39-4342-bc95-8d71fce669d4.jpg\" alt=\"\" class=\"brick-c-cFOWSL\" style=\"\"\/><\/p>\n<p>\n            Les ogs\u00e5<\/p>\n<p>              Egenberedskap i praksis: Her l\u00e6rer de unge \u00e5 h\u00e5ndtere kriser\n        <\/p>\n<p>  <\/a><\/p>\n<p>  <a href=\"https:\/\/www.dalane-tidende.no\/5-101-810773\" class=\"related-teaser has-image default-story-teaser article--c-eRUmMG article--c-eRUmMG-jKCPdD-design-default\" rel=\"nofollow noopener\" target=\"_blank\"><\/p>\n<p>    <img decoding=\"async\" loading=\"lazy\"  src=\"https:\/\/www.europesays.com\/no\/wp-content\/uploads\/2025\/10\/IMG_0187.jpg\" alt=\"\" class=\"brick-c-cFOWSL\" style=\"\"\/><\/p>\n<p>\n            Les ogs\u00e5<\/p>\n<p>              Dei veit kva du b\u00f8r tenkja p\u00e5 i krisetider: \u2013 Eg ville aldri ha kj\u00f8pt ein bustad utan vedomn\n        <\/p>\n<p>  <\/a><\/p>\n","protected":false},"excerpt":{"rendered":"\u2013 Vi m\u00e5 v\u00e6re forberedt p\u00e5 at str\u00f8mmen kan forsvinne i flere dager, at vi ikke har vann&hellip;\n","protected":false},"author":2,"featured_media":74889,"comment_status":"","ping_status":"","sticky":false,"template":"","format":"standard","meta":{"footnotes":""},"categories":[10],"tags":[36,9956,20,21,24,25,15,22,23,13,30,28,29,14,16,804,2363,1510,26,27],"class_list":{"0":"post-74888","1":"post","2":"type-post","3":"status-publish","4":"format-standard","5":"has-post-thumbnail","7":"category-norge","8":"tag-art","9":"tag-barn-og-ungdom","10":"tag-breaking-news","11":"tag-breakingnews","12":"tag-featured-news","13":"tag-featurednews","14":"tag-headlines","15":"tag-latest-news","16":"tag-latestnews","17":"tag-news","18":"tag-no","19":"tag-norge","20":"tag-norway","21":"tag-nyheter","22":"tag-overskrifter","23":"tag-skole","24":"tag-sokndal","25":"tag-story","26":"tag-top-stories","27":"tag-topstories"},"share_on_mastodon":{"url":"https:\/\/pubeurope.com\/@no\/115468802834075988","error":""},"_links":{"self":[{"href":"https:\/\/www.europesays.com\/no\/wp-json\/wp\/v2\/posts\/74888","targetHints":{"allow":["GET"]}}],"collection":[{"href":"https:\/\/www.europesays.com\/no\/wp-json\/wp\/v2\/posts"}],"about":[{"href":"https:\/\/www.europesays.com\/no\/wp-json\/wp\/v2\/types\/post"}],"author":[{"embeddable":true,"href":"https:\/\/www.europesays.com\/no\/wp-json\/wp\/v2\/users\/2"}],"replies":[{"embeddable":true,"href":"https:\/\/www.europesays.com\/no\/wp-json\/wp\/v2\/comments?post=74888"}],"version-history":[{"count":0,"href":"https:\/\/www.europesays.com\/no\/wp-json\/wp\/v2\/posts\/74888\/revisions"}],"wp:featuredmedia":[{"embeddable":true,"href":"https:\/\/www.europesays.com\/no\/wp-json\/wp\/v2\/media\/74889"}],"wp:attachment":[{"href":"https:\/\/www.europesays.com\/no\/wp-json\/wp\/v2\/media?parent=74888"}],"wp:term":[{"taxonomy":"category","embeddable":true,"href":"https:\/\/www.europesays.com\/no\/wp-json\/wp\/v2\/categories?post=74888"},{"taxonomy":"post_tag","embeddable":true,"href":"https:\/\/www.europesays.com\/no\/wp-json\/wp\/v2\/tags?post=74888"}],"curies":[{"name":"wp","href":"https:\/\/api.w.org\/{rel}","templated":true}]}}