{"id":74897,"date":"2025-10-31T12:50:41","date_gmt":"2025-10-31T12:50:41","guid":{"rendered":"https:\/\/www.europesays.com\/no\/74897\/"},"modified":"2025-10-31T12:50:41","modified_gmt":"2025-10-31T12:50:41","slug":"naeringsliv-arbeidsliv-150-ansatte-flytter-ut-snart-er-det-spektakulaere-bygget-ledig","status":"publish","type":"post","link":"https:\/\/www.europesays.com\/no\/74897\/","title":{"rendered":"N\u00e6ringsliv, Arbeidsliv | 150 ansatte flytter ut \u2013 snart er det spektakul\u00e6re bygget ledig"},"content":{"rendered":"\n<p>Ateas n\u00e5v\u00e6rende bygg ved flyplassen ble i sin tid omtalt som verdens smarteste bygg, og har en rekke h\u00f8yteknologiske l\u00f8sninger. Da bygget sto ferdig i 2018 var det som f\u00f8rste trinn i en stor utbyggingsplan som har v\u00e6rt omtalt siden 2008.<\/p>\n<p>De \u00f8vrige byggetrinnene har forel\u00f8pig ikke blitt realisert.<\/p>\n<p>N\u00e5 <a href=\"https:\/\/www.solabladet.no\/flytter-fra-sola-kommer-tettere-pa-kunder-og-samarbeidspartnere\/s\/5-106-638784\" rel=\"Follow nofollow noopener\" target=\"_blank\">flytter som kjent Atea<\/a> Stavanger inn i Troll-bygget i Hinna Park for \u00e5 \u00abkomme tettere p\u00e5 kunder og samarbeidspartnere, og for \u00e5 styrke sin posisjon i regionen\u00bb.<\/p>\n<p>\u2013 Etter flere \u00e5r p\u00e5 Sola flytter vi n\u00e5 inn i Hinna Park. Her kommer vi tettere p\u00e5 b\u00e5de kunder og samarbeidspartnere, og f\u00e5r samtidig en unik mulighet til \u00e5 samlokalisere oss med andre innovative akt\u00f8rer, sier Ane Marte Hausken, regiondirekt\u00f8r i s\u00f8rvest for Atea Norge<\/p>\n<p>   <img decoding=\"async\" width=\"4987\" height=\"3740\" fetchpriority=\"low\"  loading=\"lazy\"  src=\"https:\/\/www.europesays.com\/no\/wp-content\/uploads\/2025\/10\/image0+%2835%29.jpeg\" alt=\"\" class=\"brick-c-cFOWSL\" style=\"--brick-image-ratio: 4987 \/ 3740;\"\/><\/p>\n<p>      Ane Marte Hausken, regionsdirekt\u00f8r i s\u00f8rvest for Atea Norge<br \/>\n      Foto: Privat.\n    <\/p>\n<p>  \u2013 Glad i Sola<\/p>\n<p>Regionsdirekt\u00f8ren forteller at de starter en gradvis flytteprosess i desember og fullf\u00f8rer i l\u00f8pet av januar m\u00e5ned. Det blir omtalt som helt naturlig \u00e5 se p\u00e5 alternativer n\u00e5 som avtaleperioden i bygget n\u00e6rmet seg slutten. Totalt er det rundt 150 ansatte som skal pakke sakene sine og flytte til de nye lokalene.<\/p>\n<p>\u2013 Vi er veldig glade i Sola og har flyttet flere ganger fram og tilbake til Sola. N\u00e5 var det n\u00e6rheten til kunder og samarbeidspartnere og mer passende fasiliteter som vant fram til slutt. Dagens lokaler er litt for store for oss per i dag, det spilte ogs\u00e5 inn i avgj\u00f8relsen.<\/p>\n<p>Men helt ferdige er de ikke med kommunen v\u00e5r f\u00e5r vi vite. De har mange oppdrag her i Sola og de st\u00f8rste kundearrangementene de har to ganger \u00e5rlig, blir lagt til Sola, forteller Hausken<\/p>\n<p>\u2013 Vi har blant annet over 500 deltakere som m\u00f8ter p\u00e5 Clarion Air neste torsdag p\u00e5 det som v\u00e6re det st\u00f8rste IT-arrangementet i regionen.<\/p>\n<p>\u00abSignalbygg\u00bb<\/p>\n<p>Bygget er n\u00e5 \u00e5 finne under \u00abtil leie\u00bb-seksjonen p\u00e5 Finn.no. Bygget omtales som et signalbygg, og det skorter ikke p\u00e5 lovordene. Det vises ogs\u00e5 til en rekke omtaler i ulike medier.<\/p>\n<p>Det flyplassn\u00e6re kontorbygget har tre etasjer, og oppgis \u00e5 ha et areal p\u00e5 3.226 kvadratmeter.<\/p>\n<p>Mens 2. og 3. etasje er fylt av kontorlokaler, er nederste etasje egnet til kundeareal og har kantine, m\u00f8terom og auditorium, samt lager.<\/p>\n<p>Hvem som kan flytte inn er forel\u00f8pig uvisst. Bygget er for \u00f8vrig ikke det eneste ledige n\u00e6ringslokalet i Sola for tiden.<\/p>\n<p>Ogs\u00e5 deler av Tines lokaler p\u00e5 Grannes st\u00e5r ledig etter at melketappingen ble <a href=\"https:\/\/www.solabladet.no\/tine-legger-ned-melketapping-pa-sola-toff-beskjed-a-fa\/s\/5-106-507247\" rel=\"Follow nofollow noopener\" target=\"_blank\">bestemt nedlagt<\/a> i 2023. Ogs\u00e5 Shells tidligere lokaler og SLBs tidligere lokaler i Tananger ligger ute p\u00e5 Finn.<\/p>\n<p>  <a href=\"https:\/\/www.solabladet.no\/5-106-622450\" class=\"related-teaser has-image default-feature-teaser article--c-eRUmMG article--c-eRUmMG-jKCPdD-design-default\" rel=\"nofollow noopener\" target=\"_blank\"><\/p>\n<p>    <img decoding=\"async\" loading=\"lazy\"  src=\"https:\/\/www.europesays.com\/no\/wp-content\/uploads\/2025\/10\/DSC_9007.jpg\" alt=\"\" class=\"brick-c-cFOWSL\" style=\"\"\/><\/p>\n<p>\n            Les ogs\u00e5<\/p>\n<p>              Skifter beite etter 20 \u00e5r: \u2013 F\u00f8ltes som om det var now or never\n        <\/p>\n<p>  <\/a><\/p>\n","protected":false},"excerpt":{"rendered":"Ateas n\u00e5v\u00e6rende bygg ved flyplassen ble i sin tid omtalt som verdens smarteste bygg, og har en rekke&hellip;\n","protected":false},"author":2,"featured_media":74898,"comment_status":"","ping_status":"","sticky":false,"template":"","format":"standard","meta":{"footnotes":""},"categories":[56],"tags":[465,36,60,61,62,30,28,29,501,6915,1510,70],"class_list":{"0":"post-74897","1":"post","2":"type-post","3":"status-publish","4":"format-standard","5":"has-post-thumbnail","7":"category-naeringsliv","8":"tag-arbeidsliv","9":"tag-art","10":"tag-business","11":"tag-economy","12":"tag-naeringsliv","13":"tag-no","14":"tag-norge","15":"tag-norway","16":"tag-sola","17":"tag-sola-kommune","18":"tag-story","19":"tag-teknologi"},"share_on_mastodon":{"url":"https:\/\/pubeurope.com\/@no\/115468869640135400","error":""},"_links":{"self":[{"href":"https:\/\/www.europesays.com\/no\/wp-json\/wp\/v2\/posts\/74897","targetHints":{"allow":["GET"]}}],"collection":[{"href":"https:\/\/www.europesays.com\/no\/wp-json\/wp\/v2\/posts"}],"about":[{"href":"https:\/\/www.europesays.com\/no\/wp-json\/wp\/v2\/types\/post"}],"author":[{"embeddable":true,"href":"https:\/\/www.europesays.com\/no\/wp-json\/wp\/v2\/users\/2"}],"replies":[{"embeddable":true,"href":"https:\/\/www.europesays.com\/no\/wp-json\/wp\/v2\/comments?post=74897"}],"version-history":[{"count":0,"href":"https:\/\/www.europesays.com\/no\/wp-json\/wp\/v2\/posts\/74897\/revisions"}],"wp:featuredmedia":[{"embeddable":true,"href":"https:\/\/www.europesays.com\/no\/wp-json\/wp\/v2\/media\/74898"}],"wp:attachment":[{"href":"https:\/\/www.europesays.com\/no\/wp-json\/wp\/v2\/media?parent=74897"}],"wp:term":[{"taxonomy":"category","embeddable":true,"href":"https:\/\/www.europesays.com\/no\/wp-json\/wp\/v2\/categories?post=74897"},{"taxonomy":"post_tag","embeddable":true,"href":"https:\/\/www.europesays.com\/no\/wp-json\/wp\/v2\/tags?post=74897"}],"curies":[{"name":"wp","href":"https:\/\/api.w.org\/{rel}","templated":true}]}}