{"id":74919,"date":"2025-10-31T13:09:58","date_gmt":"2025-10-31T13:09:58","guid":{"rendered":"https:\/\/www.europesays.com\/no\/74919\/"},"modified":"2025-10-31T13:09:58","modified_gmt":"2025-10-31T13:09:58","slug":"world-of-warcraft-midnight-begynner-betatesting-neste-maned","status":"publish","type":"post","link":"https:\/\/www.europesays.com\/no\/74919\/","title":{"rendered":"World of Warcraft: Midnight begynner betatesting neste m\u00e5ned"},"content":{"rendered":"<p>Blizzard har satt <a role=\"link\" href=\"https:\/\/news.blizzard.com\/en-us\/article\/24245100\/the-midnight-beta-test-goes-live-november-11\" rel=\"nofollow noopener\" target=\"_blank\">offisiell startdato<\/a> for betatesting av neste World of Warcraft-utvidelse. Utvalgte spillere f\u00e5r se hva Midnight har \u00e5 by p\u00e5 fra 11. november, bekreftet utvikleren denne uka.<\/p>\n<p>For \u00e5 f\u00e5 sjansen til \u00e5 v\u00e6re med, m\u00e5 spillere registrere seg <a role=\"link\" href=\"https:\/\/worldofwarcraft.blizzard.com\/en-us\/midnight\" rel=\"nofollow noopener\" target=\"_blank\">via spillets nettsider<\/a>. Blizzard forteller at invitasjoner vil sendes ut i puljer. Selv om du ikke slipper inn p\u00e5 dagen, har du dermed fortsatt sjansen frem mot den endelige lanseringen av Midnight neste \u00e5r.<\/p>\n<p>Alternativt vil de som forh\u00e5ndsbestiller utvidelsens Epic-utgave automatisk f\u00e5 tilgang.<\/p>\n<p>        <a href=\"https:\/\/i.bo3.no\/image\/386876\/IGEZYDIPT3R51761844833702.jpg?c=0&amp;h=1080&amp;w=1920\" rel=\"nofollow noopener\" target=\"_blank\"><\/p>\n<p>        <img decoding=\"async\" onload=\"this.style = null\" src=\"https:\/\/www.europesays.com\/no\/wp-content\/uploads\/2025\/10\/IGEZYDIPT3R51761844833702.jpg\" style=\"background-image: url('data:image\/jpeg;base64,\/9j\/4QC8RXhpZgAASUkqAAgAAAAGABIBAwABAAAAAQAAABoBBQABAAAAVgAAABsBBQABAAAAXgAAACgBAwABAAAAAgAAABMCAwABAAAAAQAAAGmHBAABAAAAZgAAAAAAAABIAAAAAQAAAEgAAAABAAAABgAAkAcABAAAADAyMTABkQcABAAAAAECAwAAoAcABAAAADAxMDABoAMAAQAAAP\/\/AAACoAQAAQAAACQAAAADoAQAAQAAABQAAAAAAAAA\/9sAQwAIBgYHBgUIBwcHCQkICgwUDQwLCwwZEhMPFB0aHx4dGhwcICQuJyAiLCMcHCg3KSwwMTQ0NB8nOT04MjwuMzQy\/9sAQwEJCQkMCwwYDQ0YMiEcITIyMjIyMjIyMjIyMjIyMjIyMjIyMjIyMjIyMjIyMjIyMjIyMjIyMjIyMjIyMjIyMjIy\/8AAEQgAFAAkAwEiAAIRAQMRAf\/EAB8AAAEFAQEBAQEBAAAAAAAAAAABAgMEBQYHCAkKC\/\/EALUQAAIBAwMCBAMFBQQEAAABfQECAwAEEQUSITFBBhNRYQcicRQygZGhCCNCscEVUtHwJDNicoIJChYXGBkaJSYnKCkqNDU2Nzg5OkNERUZHSElKU1RVVldYWVpjZGVmZ2hpanN0dXZ3eHl6g4SFhoeIiYqSk5SVlpeYmZqio6Slpqeoqaqys7S1tre4ubrCw8TFxsfIycrS09TV1tfY2drh4uPk5ebn6Onq8fLz9PX29\/j5+v\/EAB8BAAMBAQEBAQEBAQEAAAAAAAABAgMEBQYHCAkKC\/\/EALURAAIBAgQEAwQHBQQEAAECdwABAgMRBAUhMQYSQVEHYXETIjKBCBRCkaGxwQkjM1LwFWJy0QoWJDThJfEXGBkaJicoKSo1Njc4OTpDREVGR0hJSlNUVVZXWFlaY2RlZmdoaWpzdHV2d3h5eoKDhIWGh4iJipKTlJWWl5iZmqKjpKWmp6ipqrKztLW2t7i5usLDxMXGx8jJytLT1NXW19jZ2uLj5OXm5+jp6vLz9PX29\/j5+v\/aAAwDAQACEQMRAD8A4f5JEV1ViPYVUnW2ztkTLetX9F8U2thYC3nt0cjuRWfe3cN\/dvOkW0HsK9GM3Ko76FcseVakbxWkSAiIsaTT5reO6JmjOw9BTo5DtKlcAdM1PFpzXg3qAoHepnipU3toQoczsSTyRNKTEuE7CitS3j0+KFUm5cdTRQs0nYfsEcAVBUGriu0aDacUUU6e7JYqzyMeWrTgu5ktSqvgUUVji\/hNKW5H5znkmiiiuZLQ0Z\/\/2Q==');background-size:cover;background-position:50% 50%;\" class=\"image-container__image \" width=\"999\" height=\"562\" loading=\"lazy\" fetchpriority=\"auto\" \/><\/p>\n<p>        <\/a><\/p>\n<p>                                    Planen for betatesting av World of Warcraft: Midnight.<\/p>\n<p>                        Blizzard\n                    <\/p>\n<p>Den f\u00f8rste betauken lar spillere ta sine f\u00f8rste steg inn i Midnights fire nye omr\u00e5der. Her f\u00e5r man spille gjennom historien, n\u00e5 niv\u00e5 90, pr\u00f8ve seg som Devourer-spesialiseringen til klassen Demon Hunter, teste nye spiller-mot-spiller-arenaer og mer.<\/p>\n<p>Her f\u00e5r spillere ogs\u00e5 pr\u00f8ve seg som huseier for f\u00f8rste gang i World of Warcrafts historie.<\/p>\n<p>I testens andre uke begynner Blizzard \u00e5 rulle ut raids, Mythic+ for gruppeomr\u00e5der, flere delves og andre justeringer til brukergrensesnittet.<\/p>\n<p>Midnight skal etter planen lanseres i f\u00f8rste halvdel av 2026. En n\u00f8yaktig dato er enda ikke satt, men if\u00f8lge ryktem\u00f8lla sikter Blizzard p\u00e5 26. februar.<\/p>\n<p><strong>LES OGS\u00c5: <a role=\"link\" href=\"https:\/\/www.gamer.no\/artikler\/slik-blir-den-neste-world-of-warcraft-utvidelsen\/519345\" rel=\"nofollow noopener\" target=\"_blank\">Alt om den neste World of Warcraft-utvidelsen \u00bb<\/a><\/strong><\/p>\n","protected":false},"excerpt":{"rendered":"Blizzard har satt offisiell startdato for betatesting av neste World of Warcraft-utvidelse. Utvalgte spillere f\u00e5r se hva Midnight&hellip;\n","protected":false},"author":2,"featured_media":74920,"comment_status":"","ping_status":"","sticky":false,"template":"","format":"standard","meta":{"footnotes":""},"categories":[58],"tags":[71,30,28,29,72],"class_list":{"0":"post-74919","1":"post","2":"type-post","3":"status-publish","4":"format-standard","5":"has-post-thumbnail","7":"category-underholdning","8":"tag-entertainment","9":"tag-no","10":"tag-norge","11":"tag-norway","12":"tag-underholdning"},"share_on_mastodon":{"url":"https:\/\/pubeurope.com\/@no\/115468948283882508","error":""},"_links":{"self":[{"href":"https:\/\/www.europesays.com\/no\/wp-json\/wp\/v2\/posts\/74919","targetHints":{"allow":["GET"]}}],"collection":[{"href":"https:\/\/www.europesays.com\/no\/wp-json\/wp\/v2\/posts"}],"about":[{"href":"https:\/\/www.europesays.com\/no\/wp-json\/wp\/v2\/types\/post"}],"author":[{"embeddable":true,"href":"https:\/\/www.europesays.com\/no\/wp-json\/wp\/v2\/users\/2"}],"replies":[{"embeddable":true,"href":"https:\/\/www.europesays.com\/no\/wp-json\/wp\/v2\/comments?post=74919"}],"version-history":[{"count":0,"href":"https:\/\/www.europesays.com\/no\/wp-json\/wp\/v2\/posts\/74919\/revisions"}],"wp:featuredmedia":[{"embeddable":true,"href":"https:\/\/www.europesays.com\/no\/wp-json\/wp\/v2\/media\/74920"}],"wp:attachment":[{"href":"https:\/\/www.europesays.com\/no\/wp-json\/wp\/v2\/media?parent=74919"}],"wp:term":[{"taxonomy":"category","embeddable":true,"href":"https:\/\/www.europesays.com\/no\/wp-json\/wp\/v2\/categories?post=74919"},{"taxonomy":"post_tag","embeddable":true,"href":"https:\/\/www.europesays.com\/no\/wp-json\/wp\/v2\/tags?post=74919"}],"curies":[{"name":"wp","href":"https:\/\/api.w.org\/{rel}","templated":true}]}}